{"id":1222,"date":"2023-10-03T10:25:03","date_gmt":"2023-10-03T10:25:03","guid":{"rendered":"https:\/\/diplomatique.ma\/en\/?p=1222"},"modified":"2023-10-03T20:45:33","modified_gmt":"2023-10-03T20:45:33","slug":"foreign-ambassadors-present-their-credentials-to-his-majesty-king-mohammed-vi-with-the-exception-of-the-french-ambassador","status":"publish","type":"post","link":"https:\/\/diplomatique.ma\/en\/foreign-ambassadors-present-their-credentials-to-his-majesty-king-mohammed-vi-with-the-exception-of-the-french-ambassador\/","title":{"rendered":"Foreign ambassadors present their credentials to His Majesty King Mohammed VI, with the exception of the French ambassador"},"content":{"rendered":"<p style=\"text-align: justify;\"><strong>Rabat, 3 October 2023 (TDI):<\/strong>\u00a0At the Royal Palace in Rabat, the King Mohammed VI credentials ceremony was a grand event that saw the monarch welcoming a selected group of foreign envoys.<\/p>\n<p style=\"text-align: justify;\">These diplomats arrived to formally submit their credentials, confirming their roles as extraordinary and plenipotentiary ambassadors representing their nations in the Kingdom of Morocco.<\/p>\n<blockquote class=\"twitter-tweet\" data-width=\"550\" data-dnt=\"true\">\n<p lang=\"en\" dir=\"ltr\">\u2b55His Majesty King Mohammed VI received, today at the Royal Palace in Rabat, several foreign ambassadors who came to hand over their credentials as plenipotentiary and extraordinary ambassadors of their countries in the Kingdom.<br \/>\ud83d\udd17<a href=\"https:\/\/t.co\/5UjPAXqdyo\">https:\/\/t.co\/5UjPAXqdyo<\/a> <a href=\"https:\/\/t.co\/MLDxT3plfl\">pic.twitter.com\/MLDxT3plfl<\/a><\/p>\n<p>&mdash; Moroccan Diplomacy \ud83c\uddf2\ud83c\udde6 (@Marocdiplo_EN) <a href=\"https:\/\/twitter.com\/Marocdiplo_EN\/status\/1708893361657274653?ref_src=twsrc%5Etfw\">October 2, 2023<\/a><\/p><\/blockquote>\n<p><script async src=\"https:\/\/platform.twitter.com\/widgets.js\" charset=\"utf-8\"><\/script><\/p>\n<p style=\"text-align: justify;\">King Mohammed VI credentials ceremony\u00a0marked the official commencement of their diplomatic missions in Morocco.<\/p>\n<p style=\"text-align: justify;\">The esteemed diplomats and Ambassadors from different countries were in attendance including Jesper Kammersgaard, Ambassador of the Kingdom of Denmark, Sheikh Abdullah bin Thamer Mohammed Thani Al-Thani, Ambassador of the State of Qatar, Mohamed Iliassa Yahaya, Ambassador of the Union of the Comoros, Jos\u00e9 Renato Salazar Acosta, Ambassador of the Republic of Colombia; Mohamed Douhour Hersi and many others.<\/p>\n<blockquote class=\"twitter-tweet\" data-width=\"550\" data-dnt=\"true\">\n<p lang=\"fr\" dir=\"ltr\">Un grand honneur d\u2019avoir \u00e9t\u00e9 re\u00e7u par Sa Majest\u00e9 le Roi Mohammed VI pour lui remettre mes lettres de cr\u00e9ance comme Ambassadeur de Sa Majest\u00e9 la Reine du Danemark aupr\u00e8s du Royaume du Maroc. \ud83c\uddf2\ud83c\udde6\ud83c\udde9\ud83c\uddf0 <a href=\"https:\/\/t.co\/ayIbOd92A8\">pic.twitter.com\/ayIbOd92A8<\/a><\/p>\n<p>&mdash; Jesper Kammersgaard (@DKambMorocco) <a href=\"https:\/\/twitter.com\/DKambMorocco\/status\/1708958688537391340?ref_src=twsrc%5Etfw\">October 2, 2023<\/a><\/p><\/blockquote>\n<p><script async src=\"https:\/\/platform.twitter.com\/widgets.js\" charset=\"utf-8\"><\/script><\/p>\n<p style=\"text-align: justify;\">The ceremony was conducted in the distinguished presence of Morocco\u2019s Minister of Foreign Affairs, African Cooperation, and Moroccan Expatriates, Nasser Bourita.<\/p>\n<blockquote class=\"twitter-tweet\" data-width=\"550\" data-dnt=\"true\">\n<p lang=\"ar\" dir=\"rtl\">\u0627\u0644\u0645\u0644\u0643 \u0627\u0644\u0645\u0641\u062f\u0649 \u0645\u062d\u0645\u062f \u0627\u0644\u0633\u0627\u062f\u0633 \u064a\u0633\u062a\u0642\u0628\u0644 \u063a\u0648\u062a\u0627 \u0633\u064a\u0641\u0648 \u0633\u0641\u064a\u0631 \u062c\u0645\u0647\u0648\u0631\u064a\u0629 \u0625\u062b\u064a\u0648\u0628\u064a\u0627 \u0627\u0644\u0641\u062f\u0631\u0627\u0644\u064a\u0629 \u0627\u0644\u062f\u064a\u0645\u0642\u0631\u0627\u0637\u064a..<a href=\"https:\/\/twitter.com\/hashtag\/%D8%A7%D9%84%D9%84%D9%87_%D9%8A%D8%A8%D8%A7%D8%B1%D9%83_%D9%81%D9%8A_%D8%B9%D9%85%D8%B1_%D8%B3%D9%8A%D8%AF%D9%8A?src=hash&amp;ref_src=twsrc%5Etfw\">#\u0627\u0644\u0644\u0647_\u064a\u0628\u0627\u0631\u0643_\u0641\u064a_\u0639\u0645\u0631_\u0633\u064a\u062f\u064a<\/a> <a href=\"https:\/\/twitter.com\/hashtag\/LongLiveTheKing?src=hash&amp;ref_src=twsrc%5Etfw\">#LongLiveTheKing<\/a> <a href=\"https:\/\/t.co\/wdlic3bFr5\">pic.twitter.com\/wdlic3bFr5<\/a><\/p>\n<p>&mdash; Diplomatique.ma \u0627\u0644\u062f\u0628\u0644\u0648\u0645\u0627\u0633\u064a\u0629 (@diplomatique_ma) <a href=\"https:\/\/twitter.com\/diplomatique_ma\/status\/1709308235147096069?ref_src=twsrc%5Etfw\">October 3, 2023<\/a><\/p><\/blockquote>\n<p><script async src=\"https:\/\/platform.twitter.com\/widgets.js\" charset=\"utf-8\"><\/script><\/p>\n<p style=\"text-align: justify;\">Also in attendance was the King\u2019s Chamberlain, Sidi Mohamed El Alaoui, who participated in the solemn ceremony.<\/p>\n<p style=\"text-align: justify;\">The presentation of credentials by these foreign ambassadors signifies a significant step in enhancing the diplomatic relations between Morocco and their respective countries.<\/p>\n<p style=\"text-align: justify;\">It marks the beginning of their official diplomatic duties and reflects the commitment of Morocco to nurturing and strengthening international partnerships.<\/p>\n<p style=\"text-align: justify;\">As this gracious reception by King Mohammed VI exemplifies Morocco\u2019s dedication to fostering peaceful and cooperative relations with nations around the world.<\/p>\n<p style=\"text-align: justify;\">Moreover, It underscores Morocco\u2019s commitment to diplomacy and its role as a key player in the global arena.<\/p>\n<p style=\"text-align: justify;\">As these ambassadors embark on their missions in Morocco, they will work towards further strengthening the bonds of friendship, cooperation, and mutual understanding between their countries and the Kingdom of Morocco.<\/p>\n<p style=\"text-align: justify;\">Their presence is a testament to the shared goals and aspirations of nations in promoting peace, stability, and prosperity on the international stage.<\/p>\n<p style=\"text-align: justify;\">\n","protected":false},"excerpt":{"rendered":"<p>Rabat, 3 October 2023 (TDI):\u00a0At the Royal Palace in Rabat, the King Mohammed VI credentials ceremony was a grand event that saw the monarch welcoming a selected group of foreign envoys. These diplomats arrived to formally submit their credentials, confirming their roles as extraordinary and plenipotentiary ambassadors representing their nations in the Kingdom of Morocco. [&hellip;]<\/p>\n","protected":false},"author":1,"featured_media":1223,"comment_status":"open","ping_status":"open","sticky":false,"template":"","format":"standard","meta":{"footnotes":""},"categories":[38],"tags":[],"class_list":{"0":"post-1222","1":"post","2":"type-post","3":"status-publish","4":"format-standard","5":"has-post-thumbnail","7":"category-royal-activities"},"_links":{"self":[{"href":"https:\/\/diplomatique.ma\/en\/wp-json\/wp\/v2\/posts\/1222","targetHints":{"allow":["GET"]}}],"collection":[{"href":"https:\/\/diplomatique.ma\/en\/wp-json\/wp\/v2\/posts"}],"about":[{"href":"https:\/\/diplomatique.ma\/en\/wp-json\/wp\/v2\/types\/post"}],"author":[{"embeddable":true,"href":"https:\/\/diplomatique.ma\/en\/wp-json\/wp\/v2\/users\/1"}],"replies":[{"embeddable":true,"href":"https:\/\/diplomatique.ma\/en\/wp-json\/wp\/v2\/comments?post=1222"}],"version-history":[{"count":2,"href":"https:\/\/diplomatique.ma\/en\/wp-json\/wp\/v2\/posts\/1222\/revisions"}],"predecessor-version":[{"id":1228,"href":"https:\/\/diplomatique.ma\/en\/wp-json\/wp\/v2\/posts\/1222\/revisions\/1228"}],"wp:featuredmedia":[{"embeddable":true,"href":"https:\/\/diplomatique.ma\/en\/wp-json\/wp\/v2\/media\/1223"}],"wp:attachment":[{"href":"https:\/\/diplomatique.ma\/en\/wp-json\/wp\/v2\/media?parent=1222"}],"wp:term":[{"taxonomy":"category","embeddable":true,"href":"https:\/\/diplomatique.ma\/en\/wp-json\/wp\/v2\/categories?post=1222"},{"taxonomy":"post_tag","embeddable":true,"href":"https:\/\/diplomatique.ma\/en\/wp-json\/wp\/v2\/tags?post=1222"}],"curies":[{"name":"wp","href":"https:\/\/api.w.org\/{rel}","templated":true}]}}