{"id":1813,"date":"2024-04-06T07:43:37","date_gmt":"2024-04-06T07:43:37","guid":{"rendered":"https:\/\/diplomatique.ma\/en\/?p=1813"},"modified":"2024-04-08T07:51:06","modified_gmt":"2024-04-08T07:51:06","slug":"spanish-pm-israel-netanyahu-heading-towards-international-isolation","status":"publish","type":"post","link":"https:\/\/diplomatique.ma\/en\/spanish-pm-israel-netanyahu-heading-towards-international-isolation\/","title":{"rendered":"Spanish PM: \u2018Israel, Netanyahu heading towards international isolation\u2019"},"content":{"rendered":"<p style=\"text-align: justify;\">Spanish Prime Minister Pedro Sanchez urged: \u201cThe European Union should debate whether to continue its strategic relationship with Israel if the European Commission finds that Israel has breached humanitarian law in its war on Gaza,\u201d which has been ongoing for the past six months.<\/p>\n<p style=\"text-align: justify;\">Sanchez stressed to Qatar\u2019s\u00a0<em>Al Jazeera\u00a0<\/em>channel on Thursday evening that there must be international determination to end the Israeli war and ensure a ceasefire in Gaza.<\/p>\n<p style=\"text-align: justify;\">He added that Israel and Prime Minister Benjamin Netanyahu are moving toward international isolation with their strategy and the increasing death toll in Gaza.<\/p>\n<blockquote class=\"twitter-tweet\" data-width=\"550\" data-dnt=\"true\">\n<p lang=\"es\" dir=\"ltr\">Hoy termina mi segunda gira a Oriente Medio desde que estall\u00f3 la guerra entre Israel y Ham\u00e1s, en octubre del a\u00f1o pasado.  <\/p>\n<p>He visitado Jordania, Arabia Saud\u00ed y Catar para reunirme con los actores de la regi\u00f3n que est\u00e1n jugando un papel clave en la resoluci\u00f3n de este conflicto, y\u2026 <a href=\"https:\/\/t.co\/vKqIXakdk4\">pic.twitter.com\/vKqIXakdk4<\/a><\/p>\n<p>&mdash; Pedro S\u00e1nchez (@sanchezcastejon) <a href=\"https:\/\/twitter.com\/sanchezcastejon\/status\/1775636912662798405?ref_src=twsrc%5Etfw\">April 3, 2024<\/a><\/p><\/blockquote>\n<p><script async src=\"https:\/\/platform.twitter.com\/widgets.js\" charset=\"utf-8\"><\/script><\/p>\n<p style=\"text-align: justify;\">Sanchez asked his Irish counterpart in February to review whether Israel was adhering to its human rights obligations in Gaza, adding: \u201cIn the case of the EU, the situation would be that there\u2019s an open door to have a debate within the European Council in order to see if we continue with this strategic relation or not.<\/p>\n<p style=\"text-align: justify;\">But this is something for which we first need to have the assessment of the European Commission.\u201d<\/p>\n<p style=\"text-align: justify;\">Regarding the killing of seven\u00a0World Central Kitchen\u00a0foreign staff members in Gaza on Monday, Sanchez stressed that this was \u201cnot acceptable\u201d and that the terrible and dangerous conditions must be condemned, as they are relief workers working there because people in Gaza are suffering from hunger and require food.<\/p>\n<p style=\"text-align: justify;\">On Monday, the Israeli army targeted the World Central Kitchen convoy in the city of Deir Al-Balah in central Gaza Strip,\u00a0killing seven foreigners\u00a0holding Australian, Polish, British, American, Canadian and Palestinian citizenship.<\/p>\n<p style=\"text-align: justify;\">Sanchez pressed that Israel must take measures as soon as possible to deliver aid trucks to Gaza and reiterated the need for a permanent ceasefire, calling for the\u00a0international recognition of Palestine\u00a0as a sovereign state with full membership in the United Nations.<\/p>\n","protected":false},"excerpt":{"rendered":"<p>Spanish Prime Minister Pedro Sanchez urged: \u201cThe European Union should debate whether to continue its strategic relationship with Israel if the European Commission finds that Israel has breached humanitarian law in its war on Gaza,\u201d which has been ongoing for the past six months. Sanchez stressed to Qatar\u2019s\u00a0Al Jazeera\u00a0channel on Thursday evening that there must [&hellip;]<\/p>\n","protected":false},"author":1,"featured_media":1814,"comment_status":"open","ping_status":"open","sticky":false,"template":"","format":"standard","meta":{"footnotes":""},"categories":[42,41],"tags":[],"class_list":{"0":"post-1813","1":"post","2":"type-post","3":"status-publish","4":"format-standard","5":"has-post-thumbnail","7":"category-europe-russia","8":"category-middle-east"},"_links":{"self":[{"href":"https:\/\/diplomatique.ma\/en\/wp-json\/wp\/v2\/posts\/1813","targetHints":{"allow":["GET"]}}],"collection":[{"href":"https:\/\/diplomatique.ma\/en\/wp-json\/wp\/v2\/posts"}],"about":[{"href":"https:\/\/diplomatique.ma\/en\/wp-json\/wp\/v2\/types\/post"}],"author":[{"embeddable":true,"href":"https:\/\/diplomatique.ma\/en\/wp-json\/wp\/v2\/users\/1"}],"replies":[{"embeddable":true,"href":"https:\/\/diplomatique.ma\/en\/wp-json\/wp\/v2\/comments?post=1813"}],"version-history":[{"count":1,"href":"https:\/\/diplomatique.ma\/en\/wp-json\/wp\/v2\/posts\/1813\/revisions"}],"predecessor-version":[{"id":1815,"href":"https:\/\/diplomatique.ma\/en\/wp-json\/wp\/v2\/posts\/1813\/revisions\/1815"}],"wp:featuredmedia":[{"embeddable":true,"href":"https:\/\/diplomatique.ma\/en\/wp-json\/wp\/v2\/media\/1814"}],"wp:attachment":[{"href":"https:\/\/diplomatique.ma\/en\/wp-json\/wp\/v2\/media?parent=1813"}],"wp:term":[{"taxonomy":"category","embeddable":true,"href":"https:\/\/diplomatique.ma\/en\/wp-json\/wp\/v2\/categories?post=1813"},{"taxonomy":"post_tag","embeddable":true,"href":"https:\/\/diplomatique.ma\/en\/wp-json\/wp\/v2\/tags?post=1813"}],"curies":[{"name":"wp","href":"https:\/\/api.w.org\/{rel}","templated":true}]}}