{"id":2625,"date":"2025-02-24T22:51:18","date_gmt":"2025-02-24T22:51:18","guid":{"rendered":"https:\/\/diplomatique.ma\/en\/?p=2625"},"modified":"2025-02-24T22:51:18","modified_gmt":"2025-02-24T22:51:18","slug":"mohamed-laarassi-and-gerard-larcher-a-historic-meeting-strengthening-moroccan-french-partnership-and-supporting-the-national-cause","status":"publish","type":"post","link":"https:\/\/diplomatique.ma\/en\/mohamed-laarassi-and-gerard-larcher-a-historic-meeting-strengthening-moroccan-french-partnership-and-supporting-the-national-cause\/","title":{"rendered":"Mohamed La\u00e2rassi and G\u00e9rard Larcher: A Historic Meeting Strengthening Moroccan-French Partnership and Supporting the National Cause"},"content":{"rendered":"<div class=\"dad65929\">\n<div class=\"f9bf7997 d7dc56a8 c05b5566\">\n<div class=\"ds-markdown ds-markdown--block\">\n<p style=\"text-align: justify;\">In a move reflecting the strengthening of bilateral relations between Morocco and France, the President of the Moroccan House of Councillors,\u00a0<strong>Mohamed La\u00e2rassi<\/strong>, welcomed his French counterpart,\u00a0<strong>G\u00e9rard Larcher<\/strong>, during a high-level parliamentary meeting at the House of Councillors in Rabat.<\/p>\n<blockquote class=\"twitter-tweet\" data-width=\"550\" data-dnt=\"true\">\n<p lang=\"fr\" dir=\"ltr\">\ud83c\uddeb\ud83c\uddf7\ud83e\udd1d\ud83c\uddf2\ud83c\udde6 Accueil de la d\u00e9l\u00e9gation du <a href=\"https:\/\/twitter.com\/Senat?ref_src=twsrc%5Etfw\">@Senat<\/a> \u00e0 <a href=\"https:\/\/twitter.com\/hashtag\/Rabat?src=hash&amp;ref_src=twsrc%5Etfw\">#Rabat<\/a> par Mohamed Ould Errachid, Pr\u00e9sident de la Chambre des Conseillers du <a href=\"https:\/\/twitter.com\/hashtag\/Maroc?src=hash&amp;ref_src=twsrc%5Etfw\">#Maroc<\/a> pour renforcer nos liens interparlementaires et l\u2019amiti\u00e9 entre nos deux pays. <a href=\"https:\/\/twitter.com\/AmbaFranceMaroc?ref_src=twsrc%5Etfw\">@AmbaFranceMaroc<\/a> <a href=\"https:\/\/t.co\/Wa1NW6mkV7\">pic.twitter.com\/Wa1NW6mkV7<\/a><\/p>\n<p>&mdash; G\u00e9rard Larcher (@gerard_larcher) <a href=\"https:\/\/twitter.com\/gerard_larcher\/status\/1893695647234109876?ref_src=twsrc%5Etfw\">February 23, 2025<\/a><\/p><\/blockquote>\n<p><script async src=\"https:\/\/platform.twitter.com\/widgets.js\" charset=\"utf-8\"><\/script><\/p>\n<p style=\"text-align: justify;\">This meeting, which is part of a working visit by a French parliamentary delegation, marks a new milestone in Moroccan-French relations, especially after the historic visit of French President\u00a0<strong>Emmanuel Macron<\/strong>\u00a0to Morocco last October.<\/p>\n<p style=\"text-align: justify;\"><strong>A Renewed Dynamic in Moroccan-French Relations<\/strong><\/p>\n<p style=\"text-align: justify;\">During the meeting,\u00a0<strong>La\u00e2rassi<\/strong>\u00a0emphasized that the relations between the two countries are experiencing a renewed dynamic, supported by the strong political will of Moroccan and French leaders, represented by King\u00a0<strong>Mohammed VI<\/strong>\u00a0and President\u00a0<strong>Emmanuel Macron<\/strong>. He noted that Macron&#8217;s recent visit to Morocco was a catalyst for the signing of a joint declaration that sets a forward-looking vision for the future of bilateral relations, with a focus on enhancing cooperation in vital economic and strategic areas.<\/p>\n<p style=\"text-align: justify;\"><strong>A question arises:<\/strong>\u00a0What areas could see greater cooperation between the two countries in the future? Could this cooperation extend to new areas such as artificial intelligence and digital transformation?<\/p>\n<p style=\"text-align: justify;\"><strong>Parliamentary Diplomacy: A Key Lever for Cooperation<\/strong><\/p>\n<p style=\"text-align: justify;\"><strong>La\u00e2rassi<\/strong>\u00a0highlighted the importance of parliamentary diplomacy as an effective tool for strengthening bilateral relations, noting that coordination between the legislative institutions of Morocco and France has played a central role in maintaining the momentum of these relations. He expressed hope that the fifth session of the Moroccan-French Parliamentary Forum would be held this year, which would strengthen parliamentary dialogue and elevate the partnership to new heights.<\/p>\n<p style=\"text-align: justify;\"><strong>A question to ponder:<\/strong>\u00a0How could parliamentary diplomacy contribute to resolving outstanding issues between the two countries, especially in the context of current geopolitical challenges?<\/p>\n<p style=\"text-align: justify;\"><strong>The Moroccan Sahara: Strong French Support<\/strong><\/p>\n<p style=\"text-align: justify;\">When discussing the primary national cause, the\u00a0<strong>Moroccan Sahara<\/strong>,\u00a0<strong>La\u00e2rassi<\/strong>\u00a0praised France&#8217;s positive stance, which considers the future of the southern provinces to be within the framework of Moroccan sovereignty. He affirmed that this position aligns with the growing international support for Morocco&#8217;s vision on this issue, particularly in light of the comprehensive developmental renaissance taking place in these regions with broad participation from local populations.<\/p>\n<p style=\"text-align: justify;\"><strong>An important question:<\/strong>\u00a0How can Morocco strengthen its international position on the Sahara issue by deepening cooperation with strategic allies like France? Could Larcher&#8217;s visit to Laayoune be a strong message in support of Morocco&#8217;s stance?<\/p>\n<p style=\"text-align: justify;\"><strong>Moroccan Reforms: A Model to Follow<\/strong><\/p>\n<p style=\"text-align: justify;\"><strong>La\u00e2rassi<\/strong>\u00a0reviewed the major reforms led by King\u00a0<strong>Mohammed VI<\/strong>\u00a0in various regions of the Kingdom, emphasizing the importance of development projects launched by Morocco, particularly in areas such as women&#8217;s empowerment, social protection, and the development of strategic sectors like agriculture and renewable energy. He affirmed that these reforms reflect Morocco&#8217;s commitment to building a comprehensive and sustainable development model.<\/p>\n<p style=\"text-align: justify;\"><strong>A question for analysis:<\/strong>\u00a0How can Morocco benefit from French expertise in areas such as decentralization and regionalization to strengthen its internal reforms?<\/p>\n<p style=\"text-align: justify;\"><strong>Larcher&#8217;s Vision: Strengthening Strategic Partnership<\/strong><\/p>\n<p style=\"text-align: justify;\">For his part,\u00a0<strong>G\u00e9rard Larcher<\/strong>\u00a0expressed his satisfaction with this visit, which he sees as an opportunity to strengthen bilateral relations and reaffirm France&#8217;s commitment to continuing cooperation with Morocco. He noted that President\u00a0<strong>Macron<\/strong>&#8216;s visit to the Kingdom opened a new chapter in relations between the two countries, emphasizing the need to activate parliamentary cooperation to help write this new chapter.<\/p>\n<p style=\"text-align: justify;\"><strong>Larcher<\/strong>\u00a0also praised the reforms underway in Morocco, particularly in promoting the role of women in society, affirming France&#8217;s willingness to deepen cooperation with Morocco in priority areas such as the economy, development, and regionalization.<\/p>\n<p style=\"text-align: justify;\"><strong>A final question:<\/strong>\u00a0What mechanisms could enhance parliamentary cooperation between the two countries to achieve common goals in political, economic, and social areas?<\/p>\n<p style=\"text-align: justify;\"><strong>Conclusion: A Strategic Partnership Enhancing Security and Stability<\/strong><\/p>\n<p style=\"text-align: justify;\">This parliamentary meeting between\u00a0<strong>La\u00e2rassi<\/strong>\u00a0and\u00a0<strong>Larcher<\/strong>\u00a0is a significant step in strengthening the strategic partnership between Morocco and France, especially in the context of current regional and international challenges. By enhancing cooperation in political, economic, and developmental areas, the two countries can solidify an exceptional partnership that benefits their peoples and contributes to stability and security in the region.<\/p>\n<p style=\"text-align: justify;\"><strong>A final question:<\/strong> Could this partnership serve as a model for cooperation between European and African countries in addressing common challenges? How can Morocco leverage these relations to strengthen its role as a regional and international actor?<\/p>\n<\/div>\n<div class=\"ds-flex\" style=\"text-align: justify;\">\n<div><\/div>\n<\/div>\n<\/div>\n<\/div>\n<div class=\"e886deb9\">\n<div class=\"e214291b\" style=\"text-align: justify;\"><\/div>\n<\/div>\n","protected":false},"excerpt":{"rendered":"<p>In a move reflecting the strengthening of bilateral relations between Morocco and France, the President of the Moroccan House of Councillors,\u00a0Mohamed La\u00e2rassi, welcomed his French counterpart,\u00a0G\u00e9rard Larcher, during a high-level parliamentary meeting at the House of Councillors in Rabat. \ud83c\uddeb\ud83c\uddf7\ud83e\udd1d\ud83c\uddf2\ud83c\udde6 Accueil de la d\u00e9l\u00e9gation du @Senat \u00e0 #Rabat par Mohamed Ould Errachid, Pr\u00e9sident de la [&hellip;]<\/p>\n","protected":false},"author":1,"featured_media":2626,"comment_status":"open","ping_status":"open","sticky":false,"template":"","format":"standard","meta":{"footnotes":""},"categories":[39,42,37,76],"tags":[],"class_list":{"0":"post-2625","1":"post","2":"type-post","3":"status-publish","4":"format-standard","5":"has-post-thumbnail","7":"category-africa","8":"category-europe-russia","9":"category-moroccan-diplomacy","10":"category-the-maghreb"},"_links":{"self":[{"href":"https:\/\/diplomatique.ma\/en\/wp-json\/wp\/v2\/posts\/2625","targetHints":{"allow":["GET"]}}],"collection":[{"href":"https:\/\/diplomatique.ma\/en\/wp-json\/wp\/v2\/posts"}],"about":[{"href":"https:\/\/diplomatique.ma\/en\/wp-json\/wp\/v2\/types\/post"}],"author":[{"embeddable":true,"href":"https:\/\/diplomatique.ma\/en\/wp-json\/wp\/v2\/users\/1"}],"replies":[{"embeddable":true,"href":"https:\/\/diplomatique.ma\/en\/wp-json\/wp\/v2\/comments?post=2625"}],"version-history":[{"count":1,"href":"https:\/\/diplomatique.ma\/en\/wp-json\/wp\/v2\/posts\/2625\/revisions"}],"predecessor-version":[{"id":2627,"href":"https:\/\/diplomatique.ma\/en\/wp-json\/wp\/v2\/posts\/2625\/revisions\/2627"}],"wp:featuredmedia":[{"embeddable":true,"href":"https:\/\/diplomatique.ma\/en\/wp-json\/wp\/v2\/media\/2626"}],"wp:attachment":[{"href":"https:\/\/diplomatique.ma\/en\/wp-json\/wp\/v2\/media?parent=2625"}],"wp:term":[{"taxonomy":"category","embeddable":true,"href":"https:\/\/diplomatique.ma\/en\/wp-json\/wp\/v2\/categories?post=2625"},{"taxonomy":"post_tag","embeddable":true,"href":"https:\/\/diplomatique.ma\/en\/wp-json\/wp\/v2\/tags?post=2625"}],"curies":[{"name":"wp","href":"https:\/\/api.w.org\/{rel}","templated":true}]}}