{"id":3051,"date":"2025-07-17T20:10:37","date_gmt":"2025-07-17T20:10:37","guid":{"rendered":"https:\/\/diplomatique.ma\/en\/?p=3051"},"modified":"2025-07-17T20:10:37","modified_gmt":"2025-07-17T20:10:37","slug":"rachida-dati-shakes-the-french-senate-im-not-your-servant-that-time-is-over-when-class-conflict-bursts-into-parliament","status":"publish","type":"post","link":"https:\/\/diplomatique.ma\/en\/rachida-dati-shakes-the-french-senate-im-not-your-servant-that-time-is-over-when-class-conflict-bursts-into-parliament\/","title":{"rendered":"Rachida Dati shakes the French Senate: &#8220;I&#8217;m not your servant! That time is over&#8221; \u2014 When class conflict bursts into Parliament"},"content":{"rendered":"<p style=\"text-align: justify;\" data-start=\"2001\" data-end=\"2205\">On July 10th, the French Senate witnessed more than a debate on public broadcasting reform. It became the stage for a sharp clash between two Frances: the entrenched elite and the children of immigration.<\/p>\n<p style=\"text-align: justify;\" data-start=\"2207\" data-end=\"2471\">In response to what she perceived as a patronizing tone from Socialist senator Marie-Pierre de La Gontrie, Culture Minister Rachida Dati fired back with a stinging remark:<br data-start=\"2378\" data-end=\"2381\" \/><strong data-start=\"2381\" data-end=\"2471\">&#8220;I am not your servant. Perhaps my father worked for yours \u2014 but those days are over.&#8221;<\/strong><\/p>\n<p style=\"text-align: justify;\" data-start=\"2473\" data-end=\"2763\">The chamber fell into tense silence, quickly overtaken by a wave of political and media reactions. This was no longer about the future of France T\u00e9l\u00e9visions \u2014 it was a powerful assertion of memory, identity, and pride, voiced by the daughter of a Moroccan immigrant who refuses to bow down.<\/p>\n<p><iframe loading=\"lazy\" title=\"La punchline de la semaine - Rachida Dati face \u00e0 une s\u00e9natrice m\u00e9prisante : &quot;Un peu de respect, y compris dans votre gestuelle!  Je ne suis pas votre femme de m\u00e9nage!&quot;\" frameborder=\"0\" width=\"696\" height=\"393\" src=\"https:\/\/geo.dailymotion.com\/player.html?video=x9n0j5m&#038;\" allowfullscreen allow=\"autoplay; fullscreen; picture-in-picture; web-share\"><\/iframe><\/p>\n<p style=\"text-align: justify;\" data-start=\"2765\" data-end=\"2968\">Dati wasn\u2019t just defending herself from perceived class contempt. She was exposing the structural hypocrisy of a Republic that claims equality while preserving invisible walls of exclusion and hierarchy.<\/p>\n<p style=\"text-align: justify;\" data-start=\"2970\" data-end=\"3193\">Senator Laurence Rossignol described the comment as a &#8220;personal attack,&#8221; calling it a kind of &#8220;patronymic crime&#8221; \u2014 a striking indication of how names, heritage, and class lineage still carry weight in French political life.<\/p>\n<p style=\"text-align: justify;\" data-start=\"3195\" data-end=\"3406\">In essence, what Dati declared was: <strong data-start=\"3231\" data-end=\"3282\">&#8220;I belong here \u2014 and I owe my place to no one.&#8221;<\/strong><br data-start=\"3282\" data-end=\"3285\" \/>And if that unsettles the heirs of old power structures, maybe it\u2019s because true change is finally knocking at the gates.<\/p>\n","protected":false},"excerpt":{"rendered":"<p>On July 10th, the French Senate witnessed more than a debate on public broadcasting reform. It became the stage for a sharp clash between two Frances: the entrenched elite and the children of immigration. In response to what she perceived as a patronizing tone from Socialist senator Marie-Pierre de La Gontrie, Culture Minister Rachida Dati [&hellip;]<\/p>\n","protected":false},"author":1,"featured_media":3052,"comment_status":"open","ping_status":"open","sticky":false,"template":"","format":"standard","meta":{"footnotes":""},"categories":[39,42,76,66],"tags":[],"class_list":{"0":"post-3051","1":"post","2":"type-post","3":"status-publish","4":"format-standard","5":"has-post-thumbnail","7":"category-africa","8":"category-europe-russia","9":"category-the-maghreb","10":"category-video"},"_links":{"self":[{"href":"https:\/\/diplomatique.ma\/en\/wp-json\/wp\/v2\/posts\/3051","targetHints":{"allow":["GET"]}}],"collection":[{"href":"https:\/\/diplomatique.ma\/en\/wp-json\/wp\/v2\/posts"}],"about":[{"href":"https:\/\/diplomatique.ma\/en\/wp-json\/wp\/v2\/types\/post"}],"author":[{"embeddable":true,"href":"https:\/\/diplomatique.ma\/en\/wp-json\/wp\/v2\/users\/1"}],"replies":[{"embeddable":true,"href":"https:\/\/diplomatique.ma\/en\/wp-json\/wp\/v2\/comments?post=3051"}],"version-history":[{"count":1,"href":"https:\/\/diplomatique.ma\/en\/wp-json\/wp\/v2\/posts\/3051\/revisions"}],"predecessor-version":[{"id":3053,"href":"https:\/\/diplomatique.ma\/en\/wp-json\/wp\/v2\/posts\/3051\/revisions\/3053"}],"wp:featuredmedia":[{"embeddable":true,"href":"https:\/\/diplomatique.ma\/en\/wp-json\/wp\/v2\/media\/3052"}],"wp:attachment":[{"href":"https:\/\/diplomatique.ma\/en\/wp-json\/wp\/v2\/media?parent=3051"}],"wp:term":[{"taxonomy":"category","embeddable":true,"href":"https:\/\/diplomatique.ma\/en\/wp-json\/wp\/v2\/categories?post=3051"},{"taxonomy":"post_tag","embeddable":true,"href":"https:\/\/diplomatique.ma\/en\/wp-json\/wp\/v2\/tags?post=3051"}],"curies":[{"name":"wp","href":"https:\/\/api.w.org\/{rel}","templated":true}]}}