{"id":1047,"date":"2025-04-11T15:57:41","date_gmt":"2025-04-11T15:57:41","guid":{"rendered":"https:\/\/diplomatique.ma\/fr\/?p=1047"},"modified":"2025-04-11T17:22:59","modified_gmt":"2025-04-11T17:22:59","slug":"la-rasd-sur-la-liste-des-organisations-terroristes-une-nouvelle-initiative-americaine-souleve-des-questions-sur-les-solutions-pour-le-sahara-marocain","status":"publish","type":"post","link":"https:\/\/diplomatique.ma\/fr\/la-rasd-sur-la-liste-des-organisations-terroristes-une-nouvelle-initiative-americaine-souleve-des-questions-sur-les-solutions-pour-le-sahara-marocain\/","title":{"rendered":"La RASD sur la liste des organisations terroristes ? : Une nouvelle initiative am\u00e9ricaine soul\u00e8ve des questions sur les solutions pour le Sahara marocain"},"content":{"rendered":"<p class=\"\" style=\"text-align: justify;\" data-start=\"1605\" data-end=\"1748\"><strong>\u200b<\/strong>Dans une d\u00e9marche qui pourrait changer le cours des dynamiques internationales li\u00e9es \u00e0 la question du Sahara marocain, le d\u00e9put\u00e9 r\u00e9publicain John Wilson, membre de la Commission des affaires \u00e9trang\u00e8res au Congr\u00e8s am\u00e9ricain, a annonc\u00e9 son intention de soumettre un texte l\u00e9gislatif au Congr\u00e8s afin de classer le Front Polisario comme une \u00ab organisation terroriste \u00bb. Cette annonce refl\u00e8te des changements dans les politiques am\u00e9ricaines \u00e0 l&rsquo;\u00e9gard du conflit persistant au Sahara, et elle intervient \u00e0 un moment strat\u00e9gique qui pourrait modifier les \u00e9quilibres r\u00e9gionaux et internationaux en Afrique du Nord.<\/p>\n<p class=\"\" style=\"text-align: justify;\" data-start=\"767\" data-end=\"1074\">\u00c0 travers cette initiative l\u00e9gislative, une question cruciale se pose : quelles sont les implications de cette d\u00e9marche pour les relations maroco-am\u00e9ricaines ? Et cette initiative contribuera-t-elle \u00e0 acc\u00e9l\u00e9rer la r\u00e9solution politique du conflit ou compliquera-t-elle davantage la situation dans la r\u00e9gion ?<\/p>\n<p class=\"\" style=\"text-align: justify;\" data-start=\"1076\" data-end=\"1134\"><strong data-start=\"1076\" data-end=\"1134\">Pourquoi ce classement comme organisation terroriste ?<\/strong><\/p>\n<p class=\"\" style=\"text-align: justify;\" data-start=\"1136\" data-end=\"1656\">Le d\u00e9put\u00e9 Wilson ne s\u2019exprimait pas dans le vide ; sa d\u00e9claration constitue un nouveau tournant dans la politique am\u00e9ricaine qui a soutenu, par le pass\u00e9, l\u2019initiative d\u2019autonomie marocaine. Dans son tweet sur la plateforme X, il a insist\u00e9 sur le fait que \u00ab la seule solution viable pour r\u00e9soudre le dossier du Sahara est l\u2019initiative marocaine d\u2019autonomie sous souverainet\u00e9 marocaine \u00bb. Mais pourquoi maintenant ? Et qu\u2019est-ce qui pousse les \u00c9tats-Unis \u00e0 envisager de classer le Polisario comme organisation terroriste ?<\/p>\n<blockquote class=\"twitter-tweet\" data-width=\"550\" data-dnt=\"true\">\n<p lang=\"en\" dir=\"ltr\">I agree with <a href=\"https:\/\/twitter.com\/SecRubio?ref_src=twsrc%5Etfw\">@SecRubio<\/a> genuine autonomy under Moroccan sovereignty is the only feasible solution for the Sahara.<\/p>\n<p>I will introduce legislation to designate the Polisario as terrorists.<\/p>\n<p>Iran &amp; Putin gaining a foothold in Africa via Polisario. Connect the dots: axis of aggression. <a href=\"https:\/\/t.co\/pTEGfIlc8d\">https:\/\/t.co\/pTEGfIlc8d<\/a><\/p>\n<p>&mdash; Joe Wilson (@RepJoeWilson) <a href=\"https:\/\/twitter.com\/RepJoeWilson\/status\/1910684554572050929?ref_src=twsrc%5Etfw\">April 11, 2025<\/a><\/p><\/blockquote>\n<p><script async src=\"https:\/\/platform.twitter.com\/widgets.js\" charset=\"utf-8\"><\/script><\/p>\n<article class=\"text-token-text-primary w-full\" dir=\"auto\" data-testid=\"conversation-turn-202\" data-scroll-anchor=\"true\">\n<div class=\"text-base my-auto mx-auto py-5 [--thread-content-margin:--spacing(4)] @[37rem]:[--thread-content-margin:--spacing(6)] @[70rem]:[--thread-content-margin:--spacing(12)] px-(--thread-content-margin)\">\n<div class=\"[--thread-content-max-width:32rem] @[34rem]:[--thread-content-max-width:40rem] @[64rem]:[--thread-content-max-width:48rem] mx-auto flex max-w-(--thread-content-max-width) flex-1 text-base gap-4 md:gap-5 lg:gap-6 group\/turn-messages focus-visible:outline-hidden\" tabindex=\"-1\">\n<div class=\"group\/conversation-turn relative flex w-full min-w-0 flex-col agent-turn\">\n<div class=\"relative flex-col gap-1 md:gap-3\">\n<div class=\"flex max-w-full flex-col grow\">\n<div class=\"min-h-8 text-message relative flex w-full flex-col items-end gap-2 text-start break-words whitespace-normal [.text-message+&amp;]:mt-5\" dir=\"auto\" data-message-author-role=\"assistant\" data-message-id=\"a233278d-6931-4add-b61f-ef9a300b6f6c\" data-message-model-slug=\"gpt-4o-mini\">\n<div class=\"flex w-full flex-col gap-1 empty:hidden first:pt-[3px]\">\n<div class=\"markdown prose dark:prose-invert w-full break-words light\">\n<p class=\"\" style=\"text-align: justify;\" data-start=\"1658\" data-end=\"2127\">Classer le Polisario comme \u00ab organisation terroriste \u00bb signifie que les \u00c9tats-Unis imposeront une pression accrue sur ce groupe s\u00e9paratiste, ce qui pourrait renforcer la position du Maroc, qui cherche \u00e0 obtenir une pleine souverainet\u00e9 sur le Sahara. Cependant, ce classement soul\u00e8ve des questions sur la fa\u00e7on dont il pourrait affecter les n\u00e9gociations politiques, sachant que le Polisario reste per\u00e7u comme un acteur dans les n\u00e9gociations men\u00e9es par les Nations Unies.<\/p>\n<p class=\"\" style=\"text-align: justify;\" data-start=\"2129\" data-end=\"2191\"><strong data-start=\"2129\" data-end=\"2191\">L\u2019Iran et la Russie : un croisement des int\u00e9r\u00eats au Sahara<\/strong><\/p>\n<p class=\"\" style=\"text-align: justify;\" data-start=\"2193\" data-end=\"2823\">Dans son tweet, Wilson a fait r\u00e9f\u00e9rence \u00e0 ce qu\u2019il a qualifi\u00e9 de \u00ab cercle d\u2019agression \u00bb, soulignant que l\u2019Iran et la Russie cherchent \u00e0 \u00e9tendre leur influence en Afrique via leur soutien au Polisario. C\u2019est l\u00e0 que la dimension g\u00e9opolitique de la question devient apparente. Cette d\u00e9claration constitue-t-elle un message implicite destin\u00e9 \u00e0 affaiblir l\u2019influence de l\u2019Iran et de la Russie dans la r\u00e9gion ? En consid\u00e9rant les d\u00e9veloppements r\u00e9cents de la politique internationale, l\u2019investissement de l\u2019Iran et de la Russie dans la question du Sahara marocain refl\u00e8te l\u2019enjeu de l\u2019influence internationale sur le continent africain.<\/p>\n<p class=\"\" style=\"text-align: justify;\" data-start=\"2825\" data-end=\"3146\">Mais quelles sont r\u00e9ellement les relations entre le Polisario, T\u00e9h\u00e9ran et Moscou ? Existe-t-il des preuves concr\u00e8tes de soutien militaire ou politique de l\u2019Iran et de la Russie ? Ou bien les d\u00e9clarations am\u00e9ricaines s\u2019inscrivent-elles dans un contexte plus large visant \u00e0 limiter l\u2019influence anti-occidentale en Afrique ?<\/p>\n<p class=\"\" style=\"text-align: justify;\" data-start=\"3148\" data-end=\"3213\"><strong data-start=\"3148\" data-end=\"3213\">Les r\u00e9ponses marocaines : confirmation d\u2019une position unifi\u00e9e<\/strong><\/p>\n<p class=\"\" style=\"text-align: justify;\" data-start=\"3215\" data-end=\"3734\">D\u2019autre part, l\u2019annonce de Wilson intervient au moment o\u00f9 le Maroc continue de r\u00e9affirmer sa position sur l\u2019initiative d\u2019autonomie. Le d\u00e9put\u00e9 am\u00e9ricain a \u00e9galement ajout\u00e9 \u00e0 son tweet un lien vers un message de Lisa Kenna, responsable des affaires politiques au D\u00e9partement d&rsquo;\u00c9tat am\u00e9ricain, qui a indiqu\u00e9 que le repr\u00e9sentant sp\u00e9cial des Nations Unies pour le Sahara, Stefan de Mistura, a r\u00e9affirm\u00e9 que l\u2019initiative d\u2019autonomie sous souverainet\u00e9 marocaine est la seule solution viable pour r\u00e9soudre le dossier du Sahara.<\/p>\n<p class=\"\" style=\"text-align: justify;\" data-start=\"3736\" data-end=\"4047\">Cette pr\u00e9cision am\u00e9ricaine refl\u00e8te une certaine convergence avec la position marocaine. Mais la question demeure : cette convergence se traduira-t-elle par des actions concr\u00e8tes sur le terrain ? Cette d\u00e9claration renforcera-t-elle la position du Maroc aupr\u00e8s des Nations Unies et des autres grandes puissances ?<\/p>\n<p class=\"\" style=\"text-align: justify;\" data-start=\"4049\" data-end=\"4097\"><strong data-start=\"4049\" data-end=\"4097\">Est-il temps de clore le dossier du Sahara ?<\/strong><\/p>\n<p class=\"\" style=\"text-align: justify;\" data-start=\"4099\" data-end=\"4427\">Le d\u00e9p\u00f4t de cette proposition l\u00e9gislative au Congr\u00e8s am\u00e9ricain marque un tournant dans le traitement de la question du Sahara. Est-ce l\u00e0 le d\u00e9but de mesures plus importantes qui pourraient mener \u00e0 une r\u00e9solution politique ? Ou bien s\u2019agit-il simplement d\u2019une escalade qui ajoutera de nouvelles couches de complexit\u00e9 au conflit ?<\/p>\n<p class=\"\" style=\"text-align: justify;\" data-start=\"4429\" data-end=\"4745\">Alors que les \u00c9tats-Unis envisagent de classer le Polisario comme une organisation terroriste, la question fondamentale reste : cette initiative va-t-elle acc\u00e9l\u00e9rer la fermeture du dossier du Sahara, ou engendrera-t-elle davantage de divisions et de transformations dans les relations r\u00e9gionales et internationales ?<\/p>\n<p class=\"\" style=\"text-align: justify;\" data-start=\"4747\" data-end=\"4773\"><strong data-start=\"4747\" data-end=\"4773\">Les questions ouvertes<\/strong><\/p>\n<ul style=\"text-align: justify;\" data-start=\"4775\" data-end=\"5210\">\n<li class=\"\" data-start=\"4775\" data-end=\"4924\">\n<p class=\"\" data-start=\"4777\" data-end=\"4924\">Cette initiative am\u00e9ricaine r\u00e9ussira-t-elle \u00e0 renforcer la solution pacifique de la question du Sahara ou conduira-t-elle \u00e0 une nouvelle escalade ?<\/p>\n<\/li>\n<li class=\"\" data-start=\"4925\" data-end=\"5053\">\n<p class=\"\" data-start=\"4927\" data-end=\"5053\">Quel impact ce classement aura-t-il sur la position des Nations Unies et des pays de l&rsquo;Union Europ\u00e9enne concernant le Sahara ?<\/p>\n<\/li>\n<li class=\"\" data-start=\"5054\" data-end=\"5210\">\n<p class=\"\" data-start=\"5056\" data-end=\"5210\">Les \u00c9tats-Unis peuvent-ils renforcer la position du Maroc face \u00e0 la menace du terrorisme que pourraient engendrer des groupes extr\u00e9mistes dans la r\u00e9gion ?<\/p>\n<\/li>\n<\/ul>\n<p class=\"\" style=\"text-align: justify;\" data-start=\"5212\" data-end=\"5559\">Le classement du Polisario comme organisation terroriste par les \u00c9tats-Unis constitue une d\u00e9marche influente sur les plans politique et g\u00e9opolitique. Cependant, l&rsquo;ampleur de l\u2019impact de cette initiative sur les solutions durables pour le conflit du Sahara reste li\u00e9e \u00e0 des \u00e9quilibres d\u00e9licats au niveau des relations internationales et r\u00e9gionales.<\/p>\n<\/div>\n<\/div>\n<\/div>\n<\/div>\n<\/div>\n<\/div>\n<\/div>\n<\/div>\n<\/article>\n<div class=\"pointer-events-none h-px w-px\" style=\"text-align: justify;\" aria-hidden=\"true\" data-edge=\"true\"><\/div>\n","protected":false},"excerpt":{"rendered":"<p>\u200bDans une d\u00e9marche qui pourrait changer le cours des dynamiques internationales li\u00e9es \u00e0 la question du Sahara marocain, le d\u00e9put\u00e9 r\u00e9publicain John Wilson, membre de la Commission des affaires \u00e9trang\u00e8res au Congr\u00e8s am\u00e9ricain, a annonc\u00e9 son intention de soumettre un texte l\u00e9gislatif au Congr\u00e8s afin de classer le Front Polisario comme une \u00ab organisation terroriste [&hellip;]<\/p>\n","protected":false},"author":2,"featured_media":1048,"comment_status":"open","ping_status":"open","sticky":false,"template":"","format":"standard","meta":{"footnotes":""},"categories":[28,34,49,23],"tags":[],"class_list":{"0":"post-1047","1":"post","2":"type-post","3":"status-publish","4":"format-standard","5":"has-post-thumbnail","7":"category-afrique","8":"category-amerique-centrale","9":"category-le-maghreb","10":"category-politique"},"_links":{"self":[{"href":"https:\/\/diplomatique.ma\/fr\/wp-json\/wp\/v2\/posts\/1047","targetHints":{"allow":["GET"]}}],"collection":[{"href":"https:\/\/diplomatique.ma\/fr\/wp-json\/wp\/v2\/posts"}],"about":[{"href":"https:\/\/diplomatique.ma\/fr\/wp-json\/wp\/v2\/types\/post"}],"author":[{"embeddable":true,"href":"https:\/\/diplomatique.ma\/fr\/wp-json\/wp\/v2\/users\/2"}],"replies":[{"embeddable":true,"href":"https:\/\/diplomatique.ma\/fr\/wp-json\/wp\/v2\/comments?post=1047"}],"version-history":[{"count":2,"href":"https:\/\/diplomatique.ma\/fr\/wp-json\/wp\/v2\/posts\/1047\/revisions"}],"predecessor-version":[{"id":1050,"href":"https:\/\/diplomatique.ma\/fr\/wp-json\/wp\/v2\/posts\/1047\/revisions\/1050"}],"wp:featuredmedia":[{"embeddable":true,"href":"https:\/\/diplomatique.ma\/fr\/wp-json\/wp\/v2\/media\/1048"}],"wp:attachment":[{"href":"https:\/\/diplomatique.ma\/fr\/wp-json\/wp\/v2\/media?parent=1047"}],"wp:term":[{"taxonomy":"category","embeddable":true,"href":"https:\/\/diplomatique.ma\/fr\/wp-json\/wp\/v2\/categories?post=1047"},{"taxonomy":"post_tag","embeddable":true,"href":"https:\/\/diplomatique.ma\/fr\/wp-json\/wp\/v2\/tags?post=1047"}],"curies":[{"name":"wp","href":"https:\/\/api.w.org\/{rel}","templated":true}]}}