{"id":1054,"date":"2025-04-14T17:44:37","date_gmt":"2025-04-14T17:44:37","guid":{"rendered":"https:\/\/diplomatique.ma\/fr\/?p=1054"},"modified":"2025-04-14T20:56:45","modified_gmt":"2025-04-14T20:56:45","slug":"maroc-france-face-a-la-triple-crise-de-la-migration-des-drogues-et-du-crime-organise-partenariat-securitaire-ou-epreuve-dinterets","status":"publish","type":"post","link":"https:\/\/diplomatique.ma\/fr\/maroc-france-face-a-la-triple-crise-de-la-migration-des-drogues-et-du-crime-organise-partenariat-securitaire-ou-epreuve-dinterets\/","title":{"rendered":"\u200bMaroc \u2013 France face \u00e0 la triple crise de la migration, des drogues et du crime organis\u00e9 : Partenariat s\u00e9curitaire ou \u00e9preuve d\u2019int\u00e9r\u00eats ?"},"content":{"rendered":"<p class=\"\" style=\"text-align: justify;\" data-start=\"0\" data-end=\"88\"><span class=\"relative -mx-px my-[-0.2rem] rounded px-px py-[0.2rem] transition-colors duration-100 ease-in-out\">Le lundi 14 avril 2025, le ministre fran\u00e7ais de l\u2019Int\u00e9rieur, Bruno Retailleau, a entam\u00e9 une visite officielle \u00e0 Rabat, marquant une \u00e9tape significative dans le renforcement de la coop\u00e9ration s\u00e9curitaire entre la France et le Maroc.<\/span> <span class=\"relative -mx-px my-[-0.2rem] rounded px-px py-[0.2rem] transition-colors duration-100 ease-in-out\">Cette visite s&rsquo;inscrit dans un contexte de rapprochement diplomatique, notamment apr\u00e8s la reconnaissance par la France de la souverainet\u00e9 marocaine sur le Sahara occidental \u00e0 l&rsquo;\u00e9t\u00e9 2024.<\/span>\u200b<\/p>\n<p class=\"\" style=\"text-align: justify;\" data-start=\"211\" data-end=\"368\"><span class=\"relative -mx-px my-[-0.2rem] rounded px-px py-[0.2rem] transition-colors duration-100 ease-in-out\">Au c\u0153ur des discussions entre Retailleau et son homologue marocain, Abdelouafi Laftit, figurent des enjeux cruciaux tels que la migration irr\u00e9guli\u00e8re, le trafic de drogue et le crime organis\u00e9 transfrontalier.<\/span> <span class=\"relative -mx-px my-[-0.2rem] rounded px-px py-[0.2rem] transition-colors duration-100 ease-in-out\">Les deux ministres ont convenu de la cr\u00e9ation d&rsquo;un groupe de travail conjoint charg\u00e9 de v\u00e9rifier la nationalit\u00e9 des migrants en situation irr\u00e9guli\u00e8re en France, afin de faciliter leur retour au Maroc.<\/span> <span class=\"relative -mx-px my-[-0.2rem] rounded px-px py-[0.2rem] transition-colors duration-100 ease-in-out\">Cette mesure vise \u00e0 am\u00e9liorer l&rsquo;efficacit\u00e9 des proc\u00e9dures d&rsquo;expulsion, un sujet sensible en France.<\/span><\/p>\n<blockquote class=\"twitter-tweet\" data-width=\"550\" data-dnt=\"true\">\n<p lang=\"fr\" dir=\"ltr\">La France et le Maroc avancent ensemble pour b\u00e2tir un espace de s\u00e9curit\u00e9 commun. Nos \u00e9changes renforcent une confiance mutuelle essentielle. Je resterai engag\u00e9 \u00e0 faire vivre cette dynamique partag\u00e9e. <a href=\"https:\/\/t.co\/LHejyWS61q\">pic.twitter.com\/LHejyWS61q<\/a><\/p>\n<p>&mdash; Bruno Retailleau (@BrunoRetailleau) <a href=\"https:\/\/twitter.com\/BrunoRetailleau\/status\/1911766766625210567?ref_src=twsrc%5Etfw\">April 14, 2025<\/a><\/p><\/blockquote>\n<p><script async src=\"https:\/\/platform.twitter.com\/widgets.js\" charset=\"utf-8\"><\/script><\/p>\n<p class=\"\" style=\"text-align: justify;\" data-start=\"370\" data-end=\"493\"><span class=\"relative -mx-px my-[-0.2rem] rounded px-px py-[0.2rem] transition-colors duration-100 ease-in-out\">Par ailleurs, la visite de Retailleau intervient apr\u00e8s la signature, en mars 2025, d&rsquo;une d\u00e9claration conjointe entre les ministres de la Justice des deux pays, Abdelatif Ouahbi et G\u00e9rald Darmanin, visant \u00e0 renforcer la coop\u00e9ration judiciaire dans la lutte contre le terrorisme et le crime organis\u00e9.<\/span> <span class=\"relative -mx-px my-[-0.2rem] rounded px-px py-[0.2rem] transition-colors duration-100 ease-in-out\">Cette d\u00e9claration souligne l&rsquo;engagement des deux nations \u00e0 intensifier leurs efforts pour combattre ces menaces, en mobilisant les ressources humaines et juridiques n\u00e9cessaires.<\/span>\u200b<\/p>\n<p class=\"\" style=\"text-align: justify;\" data-start=\"495\" data-end=\"620\"><span class=\"relative -mx-px my-[-0.2rem] rounded px-px py-[0.2rem] transition-colors duration-100 ease-in-out\">Dans ce contexte, la France cherche \u00e0 s&rsquo;appuyer sur l&rsquo;expertise du Maroc en mati\u00e8re de s\u00e9curit\u00e9, notamment dans le d\u00e9mant\u00e8lement des r\u00e9seaux de trafic de drogue et la pr\u00e9vention du terrorisme.<\/span> <span class=\"relative -mx-px my-[-0.2rem] rounded px-px py-[0.2rem] transition-colors duration-100 ease-in-out\">Le Maroc est reconnu pour sa stabilit\u00e9 et son r\u00f4le cl\u00e9 dans la s\u00e9curit\u00e9 de la r\u00e9gion nord-africaine.<\/span>\u200b<\/p>\n<p class=\"\" style=\"text-align: justify;\" data-start=\"622\" data-end=\"707\"><span class=\"relative -mx-px my-[-0.2rem] rounded px-px py-[0.2rem] transition-colors duration-100 ease-in-out\">La visite de Retailleau \u00e0 Rabat pourrait ainsi marquer un tournant dans la coop\u00e9ration s\u00e9curitaire franco-marocaine, posant la question : s&rsquo;agit-il d&rsquo;un v\u00e9ritable partenariat strat\u00e9gique ou d&rsquo;une convergence d&rsquo;int\u00e9r\u00eats circonstancielle ?<\/span><\/p>\n","protected":false},"excerpt":{"rendered":"<p>Le lundi 14 avril 2025, le ministre fran\u00e7ais de l\u2019Int\u00e9rieur, Bruno Retailleau, a entam\u00e9 une visite officielle \u00e0 Rabat, marquant une \u00e9tape significative dans le renforcement de la coop\u00e9ration s\u00e9curitaire entre la France et le Maroc. Cette visite s&rsquo;inscrit dans un contexte de rapprochement diplomatique, notamment apr\u00e8s la reconnaissance par la France de la souverainet\u00e9 [&hellip;]<\/p>\n","protected":false},"author":2,"featured_media":1055,"comment_status":"open","ping_status":"open","sticky":false,"template":"","format":"standard","meta":{"footnotes":""},"categories":[28,25,49],"tags":[],"class_list":{"0":"post-1054","1":"post","2":"type-post","3":"status-publish","4":"format-standard","5":"has-post-thumbnail","7":"category-afrique","8":"category-europ","9":"category-le-maghreb"},"_links":{"self":[{"href":"https:\/\/diplomatique.ma\/fr\/wp-json\/wp\/v2\/posts\/1054","targetHints":{"allow":["GET"]}}],"collection":[{"href":"https:\/\/diplomatique.ma\/fr\/wp-json\/wp\/v2\/posts"}],"about":[{"href":"https:\/\/diplomatique.ma\/fr\/wp-json\/wp\/v2\/types\/post"}],"author":[{"embeddable":true,"href":"https:\/\/diplomatique.ma\/fr\/wp-json\/wp\/v2\/users\/2"}],"replies":[{"embeddable":true,"href":"https:\/\/diplomatique.ma\/fr\/wp-json\/wp\/v2\/comments?post=1054"}],"version-history":[{"count":2,"href":"https:\/\/diplomatique.ma\/fr\/wp-json\/wp\/v2\/posts\/1054\/revisions"}],"predecessor-version":[{"id":1057,"href":"https:\/\/diplomatique.ma\/fr\/wp-json\/wp\/v2\/posts\/1054\/revisions\/1057"}],"wp:featuredmedia":[{"embeddable":true,"href":"https:\/\/diplomatique.ma\/fr\/wp-json\/wp\/v2\/media\/1055"}],"wp:attachment":[{"href":"https:\/\/diplomatique.ma\/fr\/wp-json\/wp\/v2\/media?parent=1054"}],"wp:term":[{"taxonomy":"category","embeddable":true,"href":"https:\/\/diplomatique.ma\/fr\/wp-json\/wp\/v2\/categories?post=1054"},{"taxonomy":"post_tag","embeddable":true,"href":"https:\/\/diplomatique.ma\/fr\/wp-json\/wp\/v2\/tags?post=1054"}],"curies":[{"name":"wp","href":"https:\/\/api.w.org\/{rel}","templated":true}]}}