{"id":1058,"date":"2025-04-14T18:14:15","date_gmt":"2025-04-14T18:14:15","guid":{"rendered":"https:\/\/diplomatique.ma\/fr\/?p=1058"},"modified":"2025-04-14T21:26:18","modified_gmt":"2025-04-14T21:26:18","slug":"rencontre-parlementaire-entre-le-maroc-et-la-zambie-absence-des-ministres-et-mise-a-lepreuve-de-lefficacite-de-la-cooperation-dans-les-domaines-de-la-jeunesse-et-du-sport","status":"publish","type":"post","link":"https:\/\/diplomatique.ma\/fr\/rencontre-parlementaire-entre-le-maroc-et-la-zambie-absence-des-ministres-et-mise-a-lepreuve-de-lefficacite-de-la-cooperation-dans-les-domaines-de-la-jeunesse-et-du-sport\/","title":{"rendered":"\u00ab\u00a0Rencontre parlementaire entre le Maroc et la Zambie : absence des ministres et mise \u00e0 l\u2019\u00e9preuve de l\u2019efficacit\u00e9 de la coop\u00e9ration dans les domaines de la jeunesse et du sport\u00a0\u00bb"},"content":{"rendered":"<p class=\"\" style=\"text-align: justify;\" data-start=\"215\" data-end=\"787\"><strong>L<\/strong>e lundi 14 avril 2025, le pr\u00e9sident de la Chambre des repr\u00e9sentants marocain, Rachid Talbi Alami, a rencontr\u00e9 le pr\u00e9sident de la Commission de la jeunesse, des sports et des affaires de l&rsquo;enfance de l&rsquo;Assembl\u00e9e nationale de la R\u00e9publique de Zambie, M. Heartson Mabeta.<\/p>\n<p class=\"\" style=\"text-align: justify;\" data-start=\"215\" data-end=\"787\">Cette rencontre a eu lieu au si\u00e8ge du Parlement \u00e0 Rabat dans le cadre de la visite de travail qu\u2019effectue la d\u00e9l\u00e9gation parlementaire zambienne. L\u2019objectif de cette visite est de renforcer la coop\u00e9ration entre les deux pays dans plusieurs domaines, y compris le sport et la jeunesse.<\/p>\n<p data-start=\"215\" data-end=\"787\"><img loading=\"lazy\" decoding=\"async\" class=\"aligncenter wp-image-1059 size-full\" src=\"https:\/\/diplomatique.ma\/fr\/wp-content\/uploads\/2025\/04\/2e013598-59f8-4e62-9019-6fb614bae5a4.jpg\" alt=\"\" width=\"800\" height=\"528\" srcset=\"https:\/\/diplomatique.ma\/fr\/wp-content\/uploads\/2025\/04\/2e013598-59f8-4e62-9019-6fb614bae5a4.jpg 800w, https:\/\/diplomatique.ma\/fr\/wp-content\/uploads\/2025\/04\/2e013598-59f8-4e62-9019-6fb614bae5a4-300x198.jpg 300w, https:\/\/diplomatique.ma\/fr\/wp-content\/uploads\/2025\/04\/2e013598-59f8-4e62-9019-6fb614bae5a4-768x507.jpg 768w, https:\/\/diplomatique.ma\/fr\/wp-content\/uploads\/2025\/04\/2e013598-59f8-4e62-9019-6fb614bae5a4-150x99.jpg 150w, https:\/\/diplomatique.ma\/fr\/wp-content\/uploads\/2025\/04\/2e013598-59f8-4e62-9019-6fb614bae5a4-696x459.jpg 696w\" sizes=\"auto, (max-width: 800px) 100vw, 800px\" \/><\/p>\n<p class=\"\" style=\"text-align: justify;\" data-start=\"789\" data-end=\"1052\">Mais que peuvent r\u00e9ellement apporter de telles rencontres parlementaires ? Repr\u00e9sentent-elles un tournant important dans les relations maroco-zambiennes, ou sont-elles simplement une \u00e9tape symbolique dans une relation qui n\u00e9cessite encore un v\u00e9ritable dynamisme ?<\/p>\n<p class=\"\" style=\"text-align: justify;\" data-start=\"1054\" data-end=\"1132\"><strong data-start=\"1054\" data-end=\"1132\">Premier axe : Les dimensions des relations bilat\u00e9rales entre les deux pays<\/strong><\/p>\n<p class=\"\" style=\"text-align: justify;\" data-start=\"1134\" data-end=\"1476\">La Zambie, comme beaucoup d&rsquo;autres pays africains, cherche \u00e0 renforcer sa coop\u00e9ration avec le Royaume du Maroc, notamment dans les secteurs du sport et d\u2019autres domaines. La derni\u00e8re visite a mis en \u00e9vidence l\u2019\u00e9volution des relations bilat\u00e9rales, en particulier apr\u00e8s l\u2019ouverture du Maroc vis-\u00e0-vis du continent africain ces derni\u00e8res ann\u00e9es.<\/p>\n<p class=\"\" style=\"text-align: justify;\" data-start=\"1478\" data-end=\"1652\">Mais les visites parlementaires suffisent-elles \u00e0 renforcer cette coop\u00e9ration sur le long terme ? Quel r\u00f4le le Parlement marocain peut-il jouer pour soutenir ce partenariat ?<\/p>\n<p class=\"\" style=\"text-align: justify;\" data-start=\"1654\" data-end=\"1747\"><strong data-start=\"1654\" data-end=\"1747\">Deuxi\u00e8me axe : Le manque des ministres, est-ce un signe de faiblesse de la coordination ?<\/strong><\/p>\n<p class=\"\" style=\"text-align: justify;\" data-start=\"1749\" data-end=\"2118\">En observant la rencontre, on remarque l\u2019absence des ministres marocains de la Jeunesse et des Sports, ce qui suscite plusieurs interrogations. Ce manque signifie-t-il un manque de coordination entre les diff\u00e9rentes autorit\u00e9s gouvernementales au Maroc ? N\u2019aurait-il pas \u00e9t\u00e9 pr\u00e9f\u00e9rable que cette rencontre inclue ces ministres pour lui donner plus de poids et d\u2019impact ?<\/p>\n<p class=\"\" style=\"text-align: justify;\" data-start=\"2120\" data-end=\"2209\"><strong data-start=\"2120\" data-end=\"2209\">Troisi\u00e8me axe : L\u2019importance du r\u00f4le parlementaire dans les relations internationales<\/strong><\/p>\n<p class=\"\" style=\"text-align: justify;\" data-start=\"2211\" data-end=\"2683\">Bien que le r\u00f4le du Parlement dans le renforcement des relations internationales puisse sembler contre-intuitif parfois, il est ind\u00e9niable que le Parlement peut jouer un r\u00f4le important dans le d\u00e9veloppement des relations entre les nations. \u00c0 travers le dialogue parlementaire, des questions communes comme le sport, l&rsquo;\u00e9ducation et la protection de l&rsquo;enfance peuvent \u00eatre mises en lumi\u00e8re, et ces th\u00e9matiques sont essentielles pour promouvoir la coop\u00e9ration entre les pays.<\/p>\n<p class=\"\" style=\"text-align: justify;\" data-start=\"2685\" data-end=\"2745\"><strong data-start=\"2685\" data-end=\"2745\">Quatri\u00e8me axe : Le sport et la coop\u00e9ration parlementaire<\/strong><\/p>\n<p class=\"\" style=\"text-align: justify;\" data-start=\"2747\" data-end=\"3303\">Lors de ses \u00e9changes, le pr\u00e9sident de la Commission de la jeunesse, des sports et des affaires de l\u2019enfance de la Zambie a exprim\u00e9 son admiration pour les progr\u00e8s r\u00e9alis\u00e9s par le Maroc dans le domaine sportif, notamment en football, apr\u00e8s que l\u2019\u00e9quipe nationale ait atteint les demi-finales de la Coupe du Monde 2022 au Qatar. Mais est-ce que cette appr\u00e9ciation suffira pour \u00e9tablir un v\u00e9ritable partenariat ? Que peut apporter cette visite en termes de coop\u00e9ration sportive, et comment le Parlement marocain peut-il tirer parti de l\u2019exp\u00e9rience zambienne ?<\/p>\n<p class=\"\" style=\"text-align: justify;\" data-start=\"3305\" data-end=\"3366\"><strong data-start=\"3305\" data-end=\"3366\">Cinqui\u00e8me axe : L\u2019interd\u00e9pendance des diff\u00e9rents secteurs<\/strong><\/p>\n<p class=\"\" style=\"text-align: justify;\" data-start=\"3368\" data-end=\"3841\">L\u2019intervention du pr\u00e9sident de la Chambre des repr\u00e9sentants marocain concernant la politique de d\u00e9veloppement du Maroc en Afrique et son ouverture vers un continent riche en ressources m\u00e9rite une analyse approfondie. Cette politique s&rsquo;inscrit-elle dans une vision \u00e0 long terme des relations maroco-africaines ? Et comment les secteurs comme l\u2019\u00e9ducation, l\u2019emploi et la protection sociale peuvent-ils constituer des leviers pour renforcer les relations entre les deux pays ?<\/p>\n<p class=\"\" style=\"text-align: justify;\" data-start=\"3843\" data-end=\"3859\"><strong data-start=\"3843\" data-end=\"3859\">Conclusion :<\/strong><\/p>\n<p class=\"\" style=\"text-align: justify;\" data-start=\"3861\" data-end=\"4237\">Alors que de nombreuses questions restent ouvertes concernant l\u2019intensification de la coop\u00e9ration entre le Maroc et la Zambie, la rencontre d\u2019hier repr\u00e9sente une premi\u00e8re \u00e9tape dans un processus qui pourrait, \u00e0 terme, d\u00e9boucher sur un partenariat strat\u00e9gique renforc\u00e9. Mais cette visite se transformera-t-elle en une v\u00e9ritable coop\u00e9ration durable ? Seul l\u2019avenir nous le dira.<\/p>\n<p class=\"\" style=\"text-align: justify;\" data-start=\"4239\" data-end=\"4295\"><strong data-start=\"4239\" data-end=\"4295\">Les questions qui n\u00e9cessitent des \u00e9claircissements :<\/strong><\/p>\n<ol data-start=\"4296\" data-end=\"4866\">\n<li class=\"\" style=\"text-align: justify;\" data-start=\"4296\" data-end=\"4473\">\n<p class=\"\" data-start=\"4299\" data-end=\"4473\">Pourquoi l\u2019absence des ministres marocains de la Jeunesse et des Sports lors de cette rencontre ? Cela refl\u00e8te-t-il un manque de coordination entre les autorit\u00e9s marocaines ?<\/p>\n<\/li>\n<li class=\"\" style=\"text-align: justify;\" data-start=\"4474\" data-end=\"4596\">\n<p class=\"\" data-start=\"4477\" data-end=\"4596\">Comment le Parlement marocain peut-il jouer un r\u00f4le essentiel dans l\u2019\u00e9largissement du partenariat entre les deux pays ?<\/p>\n<\/li>\n<li class=\"\" style=\"text-align: justify;\" data-start=\"4597\" data-end=\"4697\">\n<p class=\"\" data-start=\"4600\" data-end=\"4697\">Quels impacts r\u00e9els cette visite pourrait-elle avoir sur les relations bilat\u00e9rales \u00e0 long terme ?<\/p>\n<\/li>\n<li class=\"\" data-start=\"4698\" data-end=\"4866\">\n<p class=\"\" style=\"text-align: justify;\" data-start=\"4701\" data-end=\"4866\">Le partenariat entre les deux pays est-il exclusivement li\u00e9 au secteur du sport ou peut-il s&rsquo;\u00e9tendre \u00e0 d&rsquo;autres domaines comme l\u2019\u00e9ducation et la protection sociale ?<\/p>\n<\/li>\n<\/ol>\n","protected":false},"excerpt":{"rendered":"<p>Le lundi 14 avril 2025, le pr\u00e9sident de la Chambre des repr\u00e9sentants marocain, Rachid Talbi Alami, a rencontr\u00e9 le pr\u00e9sident de la Commission de la jeunesse, des sports et des affaires de l&rsquo;enfance de l&rsquo;Assembl\u00e9e nationale de la R\u00e9publique de Zambie, M. Heartson Mabeta. Cette rencontre a eu lieu au si\u00e8ge du Parlement \u00e0 Rabat [&hellip;]<\/p>\n","protected":false},"author":2,"featured_media":1060,"comment_status":"open","ping_status":"open","sticky":false,"template":"","format":"standard","meta":{"footnotes":""},"categories":[28,49,23],"tags":[],"class_list":{"0":"post-1058","1":"post","2":"type-post","3":"status-publish","4":"format-standard","5":"has-post-thumbnail","7":"category-afrique","8":"category-le-maghreb","9":"category-politique"},"_links":{"self":[{"href":"https:\/\/diplomatique.ma\/fr\/wp-json\/wp\/v2\/posts\/1058","targetHints":{"allow":["GET"]}}],"collection":[{"href":"https:\/\/diplomatique.ma\/fr\/wp-json\/wp\/v2\/posts"}],"about":[{"href":"https:\/\/diplomatique.ma\/fr\/wp-json\/wp\/v2\/types\/post"}],"author":[{"embeddable":true,"href":"https:\/\/diplomatique.ma\/fr\/wp-json\/wp\/v2\/users\/2"}],"replies":[{"embeddable":true,"href":"https:\/\/diplomatique.ma\/fr\/wp-json\/wp\/v2\/comments?post=1058"}],"version-history":[{"count":1,"href":"https:\/\/diplomatique.ma\/fr\/wp-json\/wp\/v2\/posts\/1058\/revisions"}],"predecessor-version":[{"id":1061,"href":"https:\/\/diplomatique.ma\/fr\/wp-json\/wp\/v2\/posts\/1058\/revisions\/1061"}],"wp:featuredmedia":[{"embeddable":true,"href":"https:\/\/diplomatique.ma\/fr\/wp-json\/wp\/v2\/media\/1060"}],"wp:attachment":[{"href":"https:\/\/diplomatique.ma\/fr\/wp-json\/wp\/v2\/media?parent=1058"}],"wp:term":[{"taxonomy":"category","embeddable":true,"href":"https:\/\/diplomatique.ma\/fr\/wp-json\/wp\/v2\/categories?post=1058"},{"taxonomy":"post_tag","embeddable":true,"href":"https:\/\/diplomatique.ma\/fr\/wp-json\/wp\/v2\/tags?post=1058"}],"curies":[{"name":"wp","href":"https:\/\/api.w.org\/{rel}","templated":true}]}}