{"id":1068,"date":"2025-04-17T12:55:55","date_gmt":"2025-04-17T12:55:55","guid":{"rendered":"https:\/\/diplomatique.ma\/fr\/?p=1068"},"modified":"2025-04-17T19:58:17","modified_gmt":"2025-04-17T19:58:17","slug":"le-maroc-au-coeur-de-paris-comment-le-salon-de-saint-michel-a-renforce-la-presence-culturelle-marocaine-en-europe","status":"publish","type":"post","link":"https:\/\/diplomatique.ma\/fr\/le-maroc-au-coeur-de-paris-comment-le-salon-de-saint-michel-a-renforce-la-presence-culturelle-marocaine-en-europe\/","title":{"rendered":"Le Maroc au c\u0153ur de Paris : comment le Salon de Saint-Michel a renforc\u00e9 la pr\u00e9sence culturelle marocaine en Europe ?"},"content":{"rendered":"<p class=\"\" style=\"text-align: justify;\" data-start=\"40\" data-end=\"392\">Au c\u0153ur de Paris, du 4 au 13 avril, l\u2019exposition \u00ab Le Maroc \u00e0 travers les \u00e2ges \u00bb, organis\u00e9e sur la Place Saint-Michel, n\u2019a pas \u00e9t\u00e9 un simple \u00e9v\u00e9nement culturel passager. Elle a constitu\u00e9 un moment charni\u00e8re illustrant la profondeur de la pr\u00e9sence marocaine en France et a raviv\u00e9 la lumi\u00e8re sur la richesse des liens historiques entre les deux pays.<\/p>\n<p class=\"\" style=\"text-align: justify;\" data-start=\"394\" data-end=\"1163\">Cet \u00e9v\u00e9nement a brill\u00e9 par la pr\u00e9sence de personnalit\u00e9s de premier plan, \u00e0 leur t\u00eate Madame Samira Sitail, Ambassadrice du Royaume du Maroc \u00e0 Paris, qui insuffle un nouvel \u00e9lan \u00e0 la diplomatie culturelle marocaine, ainsi que Madame Hanane El Bakali, Consule G\u00e9n\u00e9rale du Royaume \u00e0 Paris, qui joue un r\u00f4le cl\u00e9 dans le maintien du lien entre la communaut\u00e9 marocaine et son identit\u00e9 plurielle. \u00c9taient \u00e9galement pr\u00e9sents Monsieur Jean-Pierre Lecocq, Maire du 6\u1d49 arrondissement de Paris, qui a ouvert les portes de l\u2019Histoire \u00e0 cette pr\u00e9sence marocaine rayonnante, ainsi que Monsieur Hosni El Ghazaoui, nouveau Pr\u00e9sident du groupe Al Omrane, dont la participation a mis en lumi\u00e8re la convergence entre la dimension patrimoniale et le d\u00e9veloppement contemporain du Maroc.<\/p>\n<p class=\"\" style=\"text-align: justify;\" data-start=\"1165\" data-end=\"1487\">Dans ce contexte, <em data-start=\"1185\" data-end=\"1199\">Diplomatique<\/em> a b\u00e9n\u00e9fici\u00e9 d\u2019une couverture sur le terrain assur\u00e9e par notre coll\u00e8gue Fatima Belaarbi, correspondante du magazine dans la capitale fran\u00e7aise, \u00e0 propos de cet \u00e9v\u00e9nement culturel marquant organis\u00e9 sur la Place Saint-Michel, l\u2019un des lieux embl\u00e9matiques du 6\u1d49 arrondissement de la ville.<\/p>\n<p class=\"\" style=\"text-align: justify;\" data-start=\"1489\" data-end=\"1914\">L\u2019exposition, organis\u00e9e par le Consulat g\u00e9n\u00e9ral du Royaume du Maroc \u00e0 Paris en partenariat avec la Mairie du 6\u1d49 arrondissement de Paris et l\u2019agence \u00ab <em data-start=\"1641\" data-end=\"1656\">Decoma Events<\/em> \u00bb, n\u2019\u00e9tait pas un simple \u00e9v\u00e9nement culturel \u00e9ph\u00e9m\u00e8re, mais s\u2019est transform\u00e9e en un espace de dialogue et de renforcement des liens entre la communaut\u00e9 marocaine et son h\u00e9ritage culturel, offrant une plateforme d\u2019\u00e9change avec un large public international.<\/p>\n<h3 class=\"\" style=\"text-align: justify;\" data-start=\"1039\" data-end=\"1090\">Une diaspora mobilis\u00e9e, une identit\u00e9 renouvel\u00e9e<\/h3>\n<p class=\"\" style=\"text-align: justify;\" data-start=\"1092\" data-end=\"1438\">L\u2019\u00e9v\u00e9nement a vu une affluence remarquable de Marocains r\u00e9sidant en \u00cele-de-France, notamment ceux des deuxi\u00e8me, troisi\u00e8me et m\u00eame quatri\u00e8me g\u00e9n\u00e9rations. N\u00e9s en France mais venus brandir le drapeau marocain, arborant les symboles du Royaume et les portraits de Sa Majest\u00e9 le Roi Mohammed VI, ces jeunes ont exprim\u00e9 un attachement identitaire fort.<\/p>\n<p class=\"\" style=\"text-align: justify;\" data-start=\"1440\" data-end=\"1615\">Cela soul\u00e8ve une question essentielle :<br data-start=\"1479\" data-end=\"1482\" \/>Cette mobilisation est-elle le signe d\u2019un retour conscient vers les racines marocaines, face aux d\u00e9fis de l\u2019assimilation culturelle ?<\/p>\n<h3 class=\"\" style=\"text-align: justify;\" data-start=\"1617\" data-end=\"1668\">Diversit\u00e9 des stands, multiplicit\u00e9 des messages<\/h3>\n<p class=\"\" style=\"text-align: justify;\" data-start=\"1670\" data-end=\"1924\">Le salon a propos\u00e9 une palette vari\u00e9e de produits marocains allant de l\u2019artisanat \u00e0 la gastronomie, en passant par les m\u00e9dias et les services financiers. Un choix qui traduit la volont\u00e9 de pr\u00e9senter le Maroc comme un acteur culturel et \u00e9conomique global.<\/p>\n<p class=\"\" style=\"text-align: justify;\" data-start=\"1926\" data-end=\"2138\">Mais cette ambition pose une autre question :<br data-start=\"1971\" data-end=\"1974\" \/>Ce genre d\u2019\u00e9v\u00e9nements suffit-il pour ancrer une image durable du Maroc \u00e0 l\u2019international ? Ou faut-il penser des strat\u00e9gies culturelles plus r\u00e9guli\u00e8res et cibl\u00e9es ?<\/p>\n<h3 class=\"\" style=\"text-align: justify;\" data-start=\"2140\" data-end=\"2203\">Une r\u00e9ussite organisationnelle et un partenariat exemplaire<\/h3>\n<p class=\"\" style=\"text-align: justify;\" data-start=\"2205\" data-end=\"2477\">Le succ\u00e8s du salon r\u00e9sulte d\u2019une collaboration \u00e9troite entre des institutions marocaines et fran\u00e7aises. Le r\u00f4le du Consulat du Maroc et de la Mairie du 6\u1d49 arrondissement fut d\u00e9terminant pour faire de la Place Saint-Michel un th\u00e9\u00e2tre de c\u00e9l\u00e9bration de la culture marocaine.<\/p>\n<p class=\"\" style=\"text-align: justify;\" data-start=\"2479\" data-end=\"2710\">Cependant, une interrogation s\u2019impose :<br data-start=\"2518\" data-end=\"2521\" \/>Existe-t-il une volont\u00e9 politique de p\u00e9renniser ce type d\u2019initiatives dans d\u2019autres grandes villes europ\u00e9ennes abritant une forte diaspora marocaine comme Bruxelles, Barcelone ou Montr\u00e9al ?<\/p>\n<div class=\"youtube-embed\" data-video_id=\"8c1SxDBWgsk\"><iframe loading=\"lazy\" title=\"\u0627\u0644\u0627\u0633\u0628\u0648\u0639 \u0627\u0644\u062b\u0642\u0627\u0641\u064a \u0627\u0644\u0645\u063a\u0631\u0628\u064a \u0628\u0628\u0627\u0631\u064a\u0633\" width=\"696\" height=\"392\" src=\"https:\/\/www.youtube.com\/embed\/8c1SxDBWgsk?feature=oembed&#038;enablejsapi=1\" frameborder=\"0\" allow=\"accelerometer; autoplay; clipboard-write; encrypted-media; gyroscope; picture-in-picture; web-share\" referrerpolicy=\"strict-origin-when-cross-origin\" allowfullscreen><\/iframe><\/div>\n<h3 class=\"\" style=\"text-align: justify;\" data-start=\"2712\" data-end=\"2773\">Une couverture m\u00e9diatique importante\u2026 mais quel contenu ?<\/h3>\n<p class=\"\" style=\"text-align: justify;\" data-start=\"2775\" data-end=\"3080\">Le salon a b\u00e9n\u00e9fici\u00e9 d\u2019une couverture m\u00e9diatique notable \u00e0 l\u2019\u00e9chelle fran\u00e7aise, marocaine et internationale. Toutefois, il est l\u00e9gitime de se demander :<br data-start=\"2927\" data-end=\"2930\" \/>Les m\u00e9dias ont-ils r\u00e9ellement saisi la profondeur des messages culturels transmis ou se sont-ils limit\u00e9s \u00e0 une approche \u00e9v\u00e9nementielle superficielle ?<\/p>\n<h3 class=\"\" style=\"text-align: justify;\" data-start=\"3082\" data-end=\"3105\">De Paris \u00e0 l\u2019avenir<\/h3>\n<p class=\"\" style=\"text-align: justify;\" data-start=\"3107\" data-end=\"3292\">\u00c0 travers la Place Saint-Michel, le Maroc a r\u00e9affirm\u00e9 que la culture peut \u00eatre un outil diplomatique puissant. Mais au-del\u00e0 de l\u2019instant symbolique, une r\u00e9flexion strat\u00e9gique s\u2019impose :<\/p>\n<p class=\"\" style=\"text-align: justify;\" data-start=\"3294\" data-end=\"3434\">Le Maroc est-il pr\u00eat \u00e0 transformer ces ponts culturels en instruments d\u2019influence durable dans les politiques publiques des pays d\u2019accueil ?<\/p>\n<h3 class=\"\" style=\"text-align: justify;\" data-start=\"3436\" data-end=\"3450\">Conclusion<\/h3>\n<p class=\"\" style=\"text-align: justify;\" data-start=\"3452\" data-end=\"3784\">Entre valorisation du patrimoine, participation citoyenne et soft power, le Salon du Maroc \u00e0 Paris a brillamment mis en lumi\u00e8re la richesse du Royaume. Toutefois, son impact \u00e0 long terme d\u00e9pendra de la capacit\u00e9 des institutions \u00e0 capitaliser sur ce succ\u00e8s et \u00e0 inscrire ce type d\u2019initiatives dans une d\u00e9marche coh\u00e9rente et continue.<\/p>\n","protected":false},"excerpt":{"rendered":"<p>Au c\u0153ur de Paris, du 4 au 13 avril, l\u2019exposition \u00ab Le Maroc \u00e0 travers les \u00e2ges \u00bb, organis\u00e9e sur la Place Saint-Michel, n\u2019a pas \u00e9t\u00e9 un simple \u00e9v\u00e9nement culturel passager. Elle a constitu\u00e9 un moment charni\u00e8re illustrant la profondeur de la pr\u00e9sence marocaine en France et a raviv\u00e9 la lumi\u00e8re sur la richesse des [&hellip;]<\/p>\n","protected":false},"author":2,"featured_media":1069,"comment_status":"open","ping_status":"open","sticky":false,"template":"","format":"standard","meta":{"footnotes":""},"categories":[28,25,49],"tags":[],"class_list":{"0":"post-1068","1":"post","2":"type-post","3":"status-publish","4":"format-standard","5":"has-post-thumbnail","7":"category-afrique","8":"category-europ","9":"category-le-maghreb"},"_links":{"self":[{"href":"https:\/\/diplomatique.ma\/fr\/wp-json\/wp\/v2\/posts\/1068","targetHints":{"allow":["GET"]}}],"collection":[{"href":"https:\/\/diplomatique.ma\/fr\/wp-json\/wp\/v2\/posts"}],"about":[{"href":"https:\/\/diplomatique.ma\/fr\/wp-json\/wp\/v2\/types\/post"}],"author":[{"embeddable":true,"href":"https:\/\/diplomatique.ma\/fr\/wp-json\/wp\/v2\/users\/2"}],"replies":[{"embeddable":true,"href":"https:\/\/diplomatique.ma\/fr\/wp-json\/wp\/v2\/comments?post=1068"}],"version-history":[{"count":4,"href":"https:\/\/diplomatique.ma\/fr\/wp-json\/wp\/v2\/posts\/1068\/revisions"}],"predecessor-version":[{"id":1073,"href":"https:\/\/diplomatique.ma\/fr\/wp-json\/wp\/v2\/posts\/1068\/revisions\/1073"}],"wp:featuredmedia":[{"embeddable":true,"href":"https:\/\/diplomatique.ma\/fr\/wp-json\/wp\/v2\/media\/1069"}],"wp:attachment":[{"href":"https:\/\/diplomatique.ma\/fr\/wp-json\/wp\/v2\/media?parent=1068"}],"wp:term":[{"taxonomy":"category","embeddable":true,"href":"https:\/\/diplomatique.ma\/fr\/wp-json\/wp\/v2\/categories?post=1068"},{"taxonomy":"post_tag","embeddable":true,"href":"https:\/\/diplomatique.ma\/fr\/wp-json\/wp\/v2\/tags?post=1068"}],"curies":[{"name":"wp","href":"https:\/\/api.w.org\/{rel}","templated":true}]}}