{"id":1084,"date":"2025-04-19T17:13:40","date_gmt":"2025-04-19T17:13:40","guid":{"rendered":"https:\/\/diplomatique.ma\/fr\/?p=1084"},"modified":"2025-04-19T21:15:53","modified_gmt":"2025-04-19T21:15:53","slug":"declarations-du-conseiller-de-trump-sur-le-sahara-confusion-diplomatique-ou-tactique-calculee-ou-bien-la-verite-est-elle-plus-forte-que-les-lapsus","status":"publish","type":"post","link":"https:\/\/diplomatique.ma\/fr\/declarations-du-conseiller-de-trump-sur-le-sahara-confusion-diplomatique-ou-tactique-calculee-ou-bien-la-verite-est-elle-plus-forte-que-les-lapsus\/","title":{"rendered":"D\u00e9clarations du conseiller de Trump sur le Sahara : confusion diplomatique ou tactique calcul\u00e9e ? Ou bien la v\u00e9rit\u00e9 est-elle plus forte que les lapsus ?"},"content":{"rendered":"<p class=\"\" style=\"text-align: justify;\" data-start=\"250\" data-end=\"746\"><strong data-start=\"250\" data-end=\"746\">Lorsqu\u2019un haut responsable am\u00e9ricain s\u2019exprime sur la question du Sahara, chaque mot est pes\u00e9 avec la plus grande prudence diplomatique. Mais que se passe-t-il lorsque ces d\u00e9clarations sont contradictoires ? C\u2019est la question qui se pose apr\u00e8s les propos de Massad Boulos, conseiller de l\u2019ancien pr\u00e9sident am\u00e9ricain Donald Trump pour les affaires africaines, qui ont suscit\u00e9 une vague d\u2019interpr\u00e9tations entre, d\u2019un c\u00f4t\u00e9, l\u2019Alg\u00e9rie et le Front Polisario, et de l\u2019autre, le Maroc et ses alli\u00e9s.<\/strong><\/p>\n<p class=\"\" style=\"text-align: justify;\" data-start=\"748\" data-end=\"1043\"><strong data-start=\"748\" data-end=\"1043\">S\u2019agit-il d\u2019une simple confusion d\u2019un conseiller mal inform\u00e9 sur les subtilit\u00e9s du dossier ? Ou bien y a-t-il un jeu diplomatique en coulisses derri\u00e8re ces d\u00e9clarations ? Et pourquoi est-il revenu confirmer la position officielle de Washington quelques heures apr\u00e8s ses propos controvers\u00e9s ?<\/strong><\/p>\n<p class=\"\" style=\"text-align: justify;\" data-start=\"1045\" data-end=\"1457\">\u00c0 un moment critique, alors que la question du Sahara marocain conna\u00eet un regain de dynamisme diplomatique, Massad Boulos a fait des d\u00e9clarations sur la cha\u00eene \u00ab\u00a0Al-Arabiya\u00a0\u00bb jug\u00e9es controvers\u00e9es. Ces propos ont \u00e9t\u00e9 largement interpr\u00e9t\u00e9s, c\u00e9l\u00e9br\u00e9s m\u00eame par la presse alg\u00e9rienne et les partisans du Front Polisario, comme un pr\u00e9tendu recul de la reconnaissance am\u00e9ricaine de la souverainet\u00e9 marocaine sur le Sahara.<\/p>\n<blockquote class=\"twitter-tweet\" data-width=\"550\" data-dnt=\"true\">\n<p lang=\"fr\" dir=\"ltr\">Des Alg\u00e9riens voient la d\u00e9claration comme un recul am\u00e9ricain.<\/p>\n<p>Ils estiment qu\u2019aucune solution n\u2019est possible sans l\u2019Alg\u00e9rie.<\/p>\n<p>Mais le Maroc dit cela depuis des ann\u00e9es : l\u2019Alg\u00e9rie est la partie cl\u00e9.<\/p>\n<p>Le conflit est avec elle, le dialogue doit l\u2019inclure. <a href=\"https:\/\/t.co\/TfO1UzBfJI\">pic.twitter.com\/TfO1UzBfJI<\/a><\/p>\n<p>&mdash; \u0627\u0644\u0645\u063a\u0631\u0628 \u0627\u0644\u0622\u0646 Maghreb Alan (@maghrebalaan) <a href=\"https:\/\/twitter.com\/maghrebalaan\/status\/1913547068091547746?ref_src=twsrc%5Etfw\">April 19, 2025<\/a><\/p><\/blockquote>\n<p><script async src=\"https:\/\/platform.twitter.com\/widgets.js\" charset=\"utf-8\"><\/script><\/p>\n<p class=\"\" style=\"text-align: justify;\" data-start=\"1459\" data-end=\"2007\">Massad Boulos, d\u2019origine libanaise et d\u00e9tenteur de la nationalit\u00e9 am\u00e9ricaine, a d\u00e9clar\u00e9 que l\u2019annonce faite par Donald Trump en 2020 reconnaissant la marocanit\u00e9 du Sahara n\u2019\u00e9tait pas une d\u00e9claration \u00ab ferm\u00e9e \u00bb, mais conditionn\u00e9e \u00e0 \u00ab l\u2019acceptation de toutes les parties \u00bb. Il a ajout\u00e9 que l\u2019Alg\u00e9rie accepterait une solution approuv\u00e9e par le Polisario. Cette d\u00e9claration a \u00e9t\u00e9 largement interpr\u00e9t\u00e9e comme une tentative de r\u00e9duire la port\u00e9e de la reconnaissance am\u00e9ricaine, pourtant consid\u00e9r\u00e9e comme un atout strat\u00e9gique pour le Maroc dans ce dossier.<\/p>\n<p class=\"\" style=\"text-align: justify;\" data-start=\"2009\" data-end=\"2384\">Mais quelques heures apr\u00e8s, Boulos a partag\u00e9 une d\u00e9claration officielle du Secr\u00e9taire d\u2019\u00c9tat am\u00e9ricain Marco Rubio, affirmant clairement le renouvellement par les \u00c9tats-Unis de leur reconnaissance de la souverainet\u00e9 du Maroc sur ses provinces du sud, et leur soutien continu \u00e0 la proposition d\u2019autonomie comme seule solution s\u00e9rieuse, cr\u00e9dible et durable au conflit r\u00e9gional.<\/p>\n<blockquote class=\"twitter-tweet\" data-width=\"550\" data-dnt=\"true\">\n<p lang=\"en\" dir=\"ltr\">Strong statement from <a href=\"https:\/\/twitter.com\/SecRubio?ref_src=twsrc%5Etfw\">@SecRubio<\/a>  unequivocally reaffirming U.S. recognition of Moroccan sovereignty over Western Sahara. <a href=\"https:\/\/t.co\/6JwvdZIj3n\">https:\/\/t.co\/6JwvdZIj3n<\/a><\/p>\n<p>&mdash; U.S. Senior Advisor for Africa (@US_SrAdvisorAF) <a href=\"https:\/\/twitter.com\/US_SrAdvisorAF\/status\/1913357049422909921?ref_src=twsrc%5Etfw\">April 18, 2025<\/a><\/p><\/blockquote>\n<p><script async src=\"https:\/\/platform.twitter.com\/widgets.js\" charset=\"utf-8\"><\/script><\/p>\n<p class=\"\" style=\"text-align: justify;\" data-start=\"2386\" data-end=\"2641\">Ce revirement montre un certain flottement dans le discours de Boulos, qui a supprim\u00e9 sa premi\u00e8re d\u00e9claration avant de republier la d\u00e9claration officielle avec un commentaire positif, comme pour rectifier le tir ou att\u00e9nuer l\u2019effet de ses premiers propos.<\/p>\n<p class=\"\" style=\"text-align: justify;\" data-start=\"2643\" data-end=\"2732\"><strong data-start=\"2643\" data-end=\"2732\">Mais qui est vraiment habilit\u00e9 \u00e0 parler au nom de la politique \u00e9trang\u00e8re am\u00e9ricaine ?<\/strong><\/p>\n<p class=\"\" style=\"text-align: justify;\" data-start=\"2734\" data-end=\"3001\">Boulos, bien qu\u2019ayant \u00e9t\u00e9 conseiller de Trump, n\u2019occupe plus de poste officiel, ce qui affaiblit le poids de ses propos face aux d\u00e9clarations r\u00e9p\u00e9t\u00e9es et constantes de l\u2019administration am\u00e9ricaine \u2013 sous Trump comme sous Biden \u2013 en faveur de la souverainet\u00e9 marocaine.<\/p>\n<p class=\"\" style=\"text-align: justify;\" data-start=\"3003\" data-end=\"3065\"><strong data-start=\"3003\" data-end=\"3065\">Pourquoi ses propos ont-ils alors caus\u00e9 autant de remous ?<\/strong><\/p>\n<p class=\"\" style=\"text-align: justify;\" data-start=\"3067\" data-end=\"3328\">Probablement en raison du poids que repr\u00e9sente la voix des \u00c9tats-Unis sur la sc\u00e8ne internationale. Chaque mot \u00e9mis par une personnalit\u00e9 proche des cercles du pouvoir am\u00e9ricain devient objet d\u2019analyse, surtout sur une question aussi sensible que celle du Sahara.<\/p>\n<p class=\"\" style=\"text-align: justify;\" data-start=\"3330\" data-end=\"3652\">Cette confusion r\u00e9v\u00e8le aussi une faiblesse dans la communication strat\u00e9gique de certains acteurs impliqu\u00e9s dans le dossier du Sahara, o\u00f9 l\u2019on tend parfois \u00e0 accorder une importance exag\u00e9r\u00e9e aux propos d\u2019individus, sans tenir compte de la position institutionnelle qu\u2019ils repr\u00e9sentent, ni du contexte de leurs d\u00e9clarations.<\/p>\n<p class=\"\" style=\"text-align: justify;\" data-start=\"3654\" data-end=\"3869\"><strong data-start=\"3654\" data-end=\"3869\">Faut-il y voir une na\u00efvet\u00e9 dans le traitement m\u00e9diatique des d\u00e9clarations non officielles ? Ou une tentative m\u00e9thodique d\u2019exploiter chaque faille au profit des adversaires de l\u2019int\u00e9grit\u00e9 territoriale marocaine ?<\/strong><\/p>\n<p class=\"\" style=\"text-align: justify;\" data-start=\"3871\" data-end=\"4147\">La rapidit\u00e9 avec laquelle Boulos a rectifi\u00e9 ses propos, en les alignant sur ceux du D\u00e9partement d\u2019\u00c9tat am\u00e9ricain, sugg\u00e8re qu\u2019il s\u2019agit probablement d\u2019un simple malentendu ou d\u2019un manque de ma\u00eetrise d\u2019un dossier aussi complexe, plut\u00f4t que d\u2019un changement de position politique.<\/p>\n<p class=\"\" style=\"text-align: justify;\" data-start=\"4149\" data-end=\"4215\"><strong data-start=\"4149\" data-end=\"4215\">Le contexte international d\u00e9ment les mauvaises interpr\u00e9tations<\/strong><\/p>\n<p class=\"\" style=\"text-align: justify;\" data-start=\"4217\" data-end=\"4705\">Les propos de Boulos, bien qu\u2019ils aient sem\u00e9 le trouble un instant, s\u2019inscrivent dans un contexte diplomatique global o\u00f9 la majorit\u00e9 des puissances influentes consid\u00e8rent d\u00e9sormais la proposition d\u2019autonomie marocaine comme la solution la plus s\u00e9rieuse et r\u00e9aliste. De l\u2019Espagne \u00e0 l\u2019Allemagne, en passant par la France et les \u00c9tats-Unis, sans oublier les dizaines de pays ayant ouvert des consulats \u00e0 La\u00e2youne et Dakhla, le soutien international au plan marocain est en nette progression.<\/p>\n<p class=\"\" style=\"text-align: justify;\" data-start=\"4707\" data-end=\"4821\"><strong data-start=\"4707\" data-end=\"4821\">Ne r\u00e9v\u00e8le-t-on pas, \u00e0 travers cette affaire, l\u2019urgence de renforcer le dispositif m\u00e9diatique et diplomatique ?<\/strong><\/p>\n<p class=\"\" style=\"text-align: justify;\" data-start=\"4823\" data-end=\"5060\">Plus que jamais, il est crucial de r\u00e9pondre avec r\u00e9activit\u00e9 et rigueur aux d\u00e9clarations non officielles, tout en consolidant le front m\u00e9diatique et politique marocain \u00e0 l\u2019international, afin de ne laisser aucune marge \u00e0 l\u2019interpr\u00e9tation.<\/p>\n","protected":false},"excerpt":{"rendered":"<p>Lorsqu\u2019un haut responsable am\u00e9ricain s\u2019exprime sur la question du Sahara, chaque mot est pes\u00e9 avec la plus grande prudence diplomatique. Mais que se passe-t-il lorsque ces d\u00e9clarations sont contradictoires ? C\u2019est la question qui se pose apr\u00e8s les propos de Massad Boulos, conseiller de l\u2019ancien pr\u00e9sident am\u00e9ricain Donald Trump pour les affaires africaines, qui ont [&hellip;]<\/p>\n","protected":false},"author":2,"featured_media":1085,"comment_status":"open","ping_status":"open","sticky":false,"template":"","format":"standard","meta":{"footnotes":""},"categories":[28,34,49,44],"tags":[],"class_list":{"0":"post-1084","1":"post","2":"type-post","3":"status-publish","4":"format-standard","5":"has-post-thumbnail","7":"category-afrique","8":"category-amerique-centrale","9":"category-le-maghreb","10":"category-video"},"_links":{"self":[{"href":"https:\/\/diplomatique.ma\/fr\/wp-json\/wp\/v2\/posts\/1084","targetHints":{"allow":["GET"]}}],"collection":[{"href":"https:\/\/diplomatique.ma\/fr\/wp-json\/wp\/v2\/posts"}],"about":[{"href":"https:\/\/diplomatique.ma\/fr\/wp-json\/wp\/v2\/types\/post"}],"author":[{"embeddable":true,"href":"https:\/\/diplomatique.ma\/fr\/wp-json\/wp\/v2\/users\/2"}],"replies":[{"embeddable":true,"href":"https:\/\/diplomatique.ma\/fr\/wp-json\/wp\/v2\/comments?post=1084"}],"version-history":[{"count":1,"href":"https:\/\/diplomatique.ma\/fr\/wp-json\/wp\/v2\/posts\/1084\/revisions"}],"predecessor-version":[{"id":1086,"href":"https:\/\/diplomatique.ma\/fr\/wp-json\/wp\/v2\/posts\/1084\/revisions\/1086"}],"wp:featuredmedia":[{"embeddable":true,"href":"https:\/\/diplomatique.ma\/fr\/wp-json\/wp\/v2\/media\/1085"}],"wp:attachment":[{"href":"https:\/\/diplomatique.ma\/fr\/wp-json\/wp\/v2\/media?parent=1084"}],"wp:term":[{"taxonomy":"category","embeddable":true,"href":"https:\/\/diplomatique.ma\/fr\/wp-json\/wp\/v2\/categories?post=1084"},{"taxonomy":"post_tag","embeddable":true,"href":"https:\/\/diplomatique.ma\/fr\/wp-json\/wp\/v2\/tags?post=1084"}],"curies":[{"name":"wp","href":"https:\/\/api.w.org\/{rel}","templated":true}]}}