{"id":1158,"date":"2025-05-14T16:03:36","date_gmt":"2025-05-14T16:03:36","guid":{"rendered":"https:\/\/diplomatique.ma\/fr\/?p=1158"},"modified":"2025-05-14T18:30:18","modified_gmt":"2025-05-14T18:30:18","slug":"du-mandat-de-daki-a-celui-de-bouloui-un-nouveau-souffle-pour-le-parquet-general-au-maroc","status":"publish","type":"post","link":"https:\/\/diplomatique.ma\/fr\/du-mandat-de-daki-a-celui-de-bouloui-un-nouveau-souffle-pour-le-parquet-general-au-maroc\/","title":{"rendered":"Du mandat de Daki \u00e0 celui de Bouloui : Un nouveau souffle pour le Parquet g\u00e9n\u00e9ral au Maroc ?"},"content":{"rendered":"<p style=\"text-align: justify;\" data-start=\"193\" data-end=\"703\">Dans une c\u00e9r\u00e9monie hautement symbolique tenue le 14 mai 2025 au si\u00e8ge de la Pr\u00e9sidence du Minist\u00e8re Public \u00e0 Rabat, la passation de pouvoirs entre le procureur sortant, M. Moulay Hassan Daki, et le nouveau Procureur g\u00e9n\u00e9ral du Roi pr\u00e8s la Cour de cassation, M. Hicham Bouloui, marque un moment fort de la vie institutionnelle du Maroc.<\/p>\n<p style=\"text-align: justify;\" data-start=\"193\" data-end=\"703\">Mais au-del\u00e0 du protocole, ce changement soul\u00e8ve une question essentielle : <strong data-start=\"605\" data-end=\"703\">assisterons-nous \u00e0 une continuit\u00e9 ou \u00e0 une inflexion strat\u00e9gique au sein du Minist\u00e8re Public ?<\/strong><\/p>\n<p data-start=\"193\" data-end=\"703\"><img loading=\"lazy\" decoding=\"async\" class=\"aligncenter wp-image-1159 size-full\" src=\"https:\/\/diplomatique.ma\/fr\/wp-content\/uploads\/2025\/05\/f9c3f95d-9de7-4c9d-840c-652ce4f03616.jpg\" alt=\"\" width=\"800\" height=\"533\" srcset=\"https:\/\/diplomatique.ma\/fr\/wp-content\/uploads\/2025\/05\/f9c3f95d-9de7-4c9d-840c-652ce4f03616.jpg 800w, https:\/\/diplomatique.ma\/fr\/wp-content\/uploads\/2025\/05\/f9c3f95d-9de7-4c9d-840c-652ce4f03616-300x200.jpg 300w, https:\/\/diplomatique.ma\/fr\/wp-content\/uploads\/2025\/05\/f9c3f95d-9de7-4c9d-840c-652ce4f03616-768x512.jpg 768w, https:\/\/diplomatique.ma\/fr\/wp-content\/uploads\/2025\/05\/f9c3f95d-9de7-4c9d-840c-652ce4f03616-150x100.jpg 150w, https:\/\/diplomatique.ma\/fr\/wp-content\/uploads\/2025\/05\/f9c3f95d-9de7-4c9d-840c-652ce4f03616-696x464.jpg 696w\" sizes=\"auto, (max-width: 800px) 100vw, 800px\" \/><\/p>\n<h3 style=\"text-align: justify;\" data-start=\"710\" data-end=\"784\"><strong data-start=\"714\" data-end=\"784\">Hicham Bouloui : continuit\u00e9 institutionnelle ou rupture discr\u00e8te ?<\/strong><\/h3>\n<p style=\"text-align: justify;\" data-start=\"786\" data-end=\"1050\">Dans son discours inaugural, M. Bouloui a r\u00e9affirm\u00e9 son attachement aux principes fondateurs de l\u2019ind\u00e9pendance du pouvoir judiciaire, de la primaut\u00e9 du droit et de la protection des droits et libert\u00e9s. Des mots justes, mais qui appellent une question essentielle :<\/p>\n<p style=\"text-align: justify;\" data-start=\"1052\" data-end=\"1272\"><strong data-start=\"1052\" data-end=\"1272\">Le nouveau chef du Parquet pourra-t-il r\u00e9ellement traduire ces engagements en r\u00e9formes concr\u00e8tes, notamment en mati\u00e8re de d\u00e9tention pr\u00e9ventive, de transparence des poursuites, et de contr\u00f4le de la police judiciaire ?<\/strong><\/p>\n<h3 style=\"text-align: justify;\" data-start=\"1279\" data-end=\"1334\"><strong data-start=\"1283\" data-end=\"1334\">Un changement de style, mais pour quel impact ?<\/strong><\/h3>\n<p style=\"text-align: justify;\" data-start=\"1336\" data-end=\"1675\">Connu pour son exp\u00e9rience dans les sph\u00e8res de la gouvernance et des droits humains, Hicham Bouloui semble incarner un profil plus ouvert \u00e0 la soci\u00e9t\u00e9 civile. Cette ouverture, qu\u2019il a lui-m\u00eame mise en avant, pourrait-elle amorcer une nouvelle dynamique de dialogue avec les ONG, les avocats, les journalistes, et les d\u00e9fenseurs des droits ?<\/p>\n<p style=\"text-align: justify;\" data-start=\"1677\" data-end=\"1846\"><strong data-start=\"1677\" data-end=\"1846\">Le Minist\u00e8re Public pourrait-il enfin devenir un acteur central dans la lutte contre les abus, notamment dans les dossiers sensibles li\u00e9s \u00e0 la libert\u00e9 d\u2019expression ?<\/strong><\/p>\n<h3 style=\"text-align: justify;\" data-start=\"1853\" data-end=\"1913\"><strong data-start=\"1857\" data-end=\"1913\">Quelle ind\u00e9pendance r\u00e9elle pour le Parquet g\u00e9n\u00e9ral ?<\/strong><\/h3>\n<p style=\"text-align: justify;\" data-start=\"1915\" data-end=\"2108\">Depuis son ind\u00e9pendance formelle du minist\u00e8re de la Justice en 2017, le Parquet marocain reste au centre de vifs d\u00e9bats sur son autonomie r\u00e9elle. D\u00e8s lors, une s\u00e9rie d&rsquo;interrogations s&rsquo;impose :<\/p>\n<ul style=\"text-align: justify;\" data-start=\"2110\" data-end=\"2423\">\n<li data-start=\"2110\" data-end=\"2246\">\n<p data-start=\"2112\" data-end=\"2246\">Le nouveau Procureur g\u00e9n\u00e9ral aura-t-il les moyens institutionnels et politiques pour renforcer la transparence et rendre des comptes ?<\/p>\n<\/li>\n<li data-start=\"2247\" data-end=\"2423\">\n<p data-start=\"2249\" data-end=\"2423\">Le citoyen marocain pourra-t-il esp\u00e9rer une publication plus r\u00e9guli\u00e8re de la politique p\u00e9nale, un meilleur acc\u00e8s \u00e0 l\u2019information judiciaire et une r\u00e9duction de l\u2019arbitraire ?<\/p>\n<\/li>\n<\/ul>\n<h3 style=\"text-align: justify;\" data-start=\"2430\" data-end=\"2483\"><strong data-start=\"2434\" data-end=\"2483\">Une opportunit\u00e9 pour restaurer la confiance ?<\/strong><\/h3>\n<p style=\"text-align: justify;\" data-start=\"2485\" data-end=\"2796\">La nomination de Hicham Bouloui intervient \u00e0 un moment charni\u00e8re. Le d\u00e9fi n\u2019est pas seulement de poursuivre l\u2019\u0153uvre de ses pr\u00e9d\u00e9cesseurs, mais d\u2019engager des r\u00e9formes audacieuses susceptibles de <strong data-start=\"2679\" data-end=\"2728\">restaurer la confiance dans la justice p\u00e9nale<\/strong> et de garantir une meilleure protection des libert\u00e9s fondamentales.<\/p>\n<p style=\"text-align: justify;\" data-start=\"2798\" data-end=\"2968\"><strong data-start=\"2798\" data-end=\"2968\">Ce changement \u00e0 la t\u00eate du Parquet est-il l\u2019occasion d\u2019insuffler une nouvelle culture de la responsabilit\u00e9, de la rigueur juridique et de l\u2019ouverture sur la soci\u00e9t\u00e9 ?<\/strong><\/p>\n<p style=\"text-align: justify;\" data-start=\"2975\" data-end=\"3278\"><strong data-start=\"2975\" data-end=\"2991\">Conclusion :<\/strong><br data-start=\"2991\" data-end=\"2994\" \/>Le passage de t\u00e9moin entre Daki et Bouloui d\u00e9passe la simple formalit\u00e9 administrative. Il pose les jalons d\u2019un d\u00e9bat fondamental : <strong data-start=\"3125\" data-end=\"3278\">quelle justice p\u00e9nale voulons-nous pour le Maroc de demain ? Une justice de fa\u00e7ade ou une justice garante des droits et des principes d\u00e9mocratiques ?<\/strong><\/p>\n","protected":false},"excerpt":{"rendered":"<p>Dans une c\u00e9r\u00e9monie hautement symbolique tenue le 14 mai 2025 au si\u00e8ge de la Pr\u00e9sidence du Minist\u00e8re Public \u00e0 Rabat, la passation de pouvoirs entre le procureur sortant, M. Moulay Hassan Daki, et le nouveau Procureur g\u00e9n\u00e9ral du Roi pr\u00e8s la Cour de cassation, M. Hicham Bouloui, marque un moment fort de la vie institutionnelle [&hellip;]<\/p>\n","protected":false},"author":2,"featured_media":1160,"comment_status":"open","ping_status":"open","sticky":false,"template":"","format":"standard","meta":{"footnotes":""},"categories":[28,49,24],"tags":[],"class_list":{"0":"post-1158","1":"post","2":"type-post","3":"status-publish","4":"format-standard","5":"has-post-thumbnail","7":"category-afrique","8":"category-le-maghreb","9":"category-police-et-justice"},"_links":{"self":[{"href":"https:\/\/diplomatique.ma\/fr\/wp-json\/wp\/v2\/posts\/1158","targetHints":{"allow":["GET"]}}],"collection":[{"href":"https:\/\/diplomatique.ma\/fr\/wp-json\/wp\/v2\/posts"}],"about":[{"href":"https:\/\/diplomatique.ma\/fr\/wp-json\/wp\/v2\/types\/post"}],"author":[{"embeddable":true,"href":"https:\/\/diplomatique.ma\/fr\/wp-json\/wp\/v2\/users\/2"}],"replies":[{"embeddable":true,"href":"https:\/\/diplomatique.ma\/fr\/wp-json\/wp\/v2\/comments?post=1158"}],"version-history":[{"count":1,"href":"https:\/\/diplomatique.ma\/fr\/wp-json\/wp\/v2\/posts\/1158\/revisions"}],"predecessor-version":[{"id":1161,"href":"https:\/\/diplomatique.ma\/fr\/wp-json\/wp\/v2\/posts\/1158\/revisions\/1161"}],"wp:featuredmedia":[{"embeddable":true,"href":"https:\/\/diplomatique.ma\/fr\/wp-json\/wp\/v2\/media\/1160"}],"wp:attachment":[{"href":"https:\/\/diplomatique.ma\/fr\/wp-json\/wp\/v2\/media?parent=1158"}],"wp:term":[{"taxonomy":"category","embeddable":true,"href":"https:\/\/diplomatique.ma\/fr\/wp-json\/wp\/v2\/categories?post=1158"},{"taxonomy":"post_tag","embeddable":true,"href":"https:\/\/diplomatique.ma\/fr\/wp-json\/wp\/v2\/tags?post=1158"}],"curies":[{"name":"wp","href":"https:\/\/api.w.org\/{rel}","templated":true}]}}