{"id":1194,"date":"2025-05-22T21:45:07","date_gmt":"2025-05-22T21:45:07","guid":{"rendered":"https:\/\/diplomatique.ma\/fr\/?p=1194"},"modified":"2025-05-23T10:20:10","modified_gmt":"2025-05-23T10:20:10","slug":"presidentielle-libyenne-la-vision-de-bayou-pour-reconstruire-letat-et-unifier-les-institutions","status":"publish","type":"post","link":"https:\/\/diplomatique.ma\/fr\/presidentielle-libyenne-la-vision-de-bayou-pour-reconstruire-letat-et-unifier-les-institutions\/","title":{"rendered":"Pr\u00e9sidentielle libyenne : la vision de Abdelhakim Biayou : pour reconstruire l\u2019\u00c9tat et unifier les institutions"},"content":{"rendered":"<h4 style=\"text-align: justify;\" data-start=\"266\" data-end=\"395\"><strong data-start=\"266\" data-end=\"330\"><img loading=\"lazy\" decoding=\"async\" class=\"alignleft\" src=\"https:\/\/media-lis1-1.cdn.whatsapp.net\/v\/t61.24694-24\/290202808_128172719674367_376867464026548164_n.jpg?ccb=11-4&amp;oh=01_Q5Aa1gHbIRuWoVs_swiKnrPwwF2Pmr1-tnqQlT5t6zhcSkIuiA&amp;oe=683CAA16&amp;_nc_sid=5e03e0&amp;_nc_cat=109\" width=\"130\" height=\"130\" \/><\/strong><\/h4>\n<p style=\"text-align: justify;\" data-start=\"5503\" data-end=\"5829\"><strong data-start=\"5641\" data-end=\"5738\">Entretien exclusif avec l\u2019homme d\u2019affaires et candidat libyen \u00e0 la pr\u00e9sidence Abdallah Biayou<\/strong><br data-start=\"5738\" data-end=\"5741\" \/>R\u00e9alis\u00e9 depuis Paris par la journaliste Fatima Belarbi, pour le magazine <em data-start=\"5814\" data-end=\"5828\">Diplomatique<\/em>.<\/p>\n<p style=\"text-align: justify;\" data-start=\"5831\" data-end=\"6348\"><strong data-start=\"61\" data-end=\"794\">Dans un contexte de d\u00e9gradation continue de la sc\u00e8ne libyenne et de blocage politique \u00e9touffant les aspirations du peuple depuis des ann\u00e9es, le magazine <em data-start=\"216\" data-end=\"228\">Diplomatie<\/em> a rencontr\u00e9 le candidat \u00e0 la pr\u00e9sidence, Abdelhakim Baayou. Homme d\u2019affaires reconnu, il fut le premier \u00e0 avoir officiellement d\u00e9pos\u00e9 sa candidature pour l\u2019\u00e9lection pr\u00e9sidentielle libyenne (20\/21). Soutenu par le Parlement et l\u2019\u00c9tat en tant que pr\u00e9tendant au poste de Premier ministre, Baayou pr\u00e9side \u00e9galement le Parti national \u00ab Reconstruction de la Libye \u00bb. Originaire de Misrata \u2013 ville aux dynamiques politiques et sociales particuli\u00e8rement complexes \u2013 il se pr\u00e9sente comme une alternative centriste porteuse d\u2019un projet national de reconstruction de l\u2019\u00c9tat.<\/strong><\/p>\n<p style=\"text-align: justify;\" data-start=\"6350\" data-end=\"6611\"><strong data-start=\"6350\" data-end=\"6370\">Fatima Belarbi :<\/strong><br data-start=\"6370\" data-end=\"6373\" \/>Tripoli est de nouveau \u00e0 l\u2019avant-sc\u00e8ne des affrontements arm\u00e9s, dans une sc\u00e8ne qui consacre la logique de \u00ab l\u2019\u00e9quilibre des armes \u00bb au lieu de l\u2019\u00c9tat. Comment percevez-vous cette r\u00e9alit\u00e9 ? Et que proposez-vous pour d\u00e9manteler ce syst\u00e8me ?<\/p>\n<div class=\"youtube-embed\" data-video_id=\"-013_e239BU\"><iframe loading=\"lazy\" title=\"\u0645\u0631\u0634\u062d \u0627\u0644\u0631\u0626\u0627\u0633\u0629 \u0627\u0644\u0644\u064a\u0628\u064a\u0629 \u0639\u0628\u062f \u0627\u0644\u0644\u0647 \u0628\u0639\u064a\u0648 \u0646\u062d\u062a\u0627\u062c \u0645\u0634\u0631\u0648\u0639\u064b\u0627 \u0648\u0637\u0646\u064a\u064b\u0627 \u0644\u0627 \u064a\u064f\u062f\u0627\u0631 \u0645\u0646 \u0627\u0644\u062e\u0627\u0631\u062c\" width=\"696\" height=\"392\" src=\"https:\/\/www.youtube.com\/embed\/-013_e239BU?feature=oembed&#038;enablejsapi=1\" frameborder=\"0\" allow=\"accelerometer; autoplay; clipboard-write; encrypted-media; gyroscope; picture-in-picture; web-share\" referrerpolicy=\"strict-origin-when-cross-origin\" allowfullscreen><\/iframe><\/div>\n<p style=\"text-align: justify;\" data-start=\"6613\" data-end=\"7145\"><strong data-start=\"6613\" data-end=\"6634\">Abdelhakim Biayou :<\/strong><br data-start=\"6634\" data-end=\"6637\" \/>Ce qui se passe \u00e0 Tripoli n\u2019est pas une simple instabilit\u00e9 s\u00e9curitaire, mais refl\u00e8te une structure profonde de division et une \u00ab \u00e9conomie de guerre \u00bb. Ce que nous proposons, c\u2019est un projet de refondation des institutions s\u00e9curitaires et militaires sur une base nationale unifi\u00e9e \u2014 ni r\u00e9gionale ni factionnelle. Nous n\u2019allons pas affronter cette r\u00e9alit\u00e9 de front, mais la d\u00e9manteler juridiquement, avec un large soutien populaire et soci\u00e9tal. On ne peut pas construire un \u00c9tat avec des armes hors l\u00e9gitimit\u00e9.<\/p>\n<p style=\"text-align: justify;\" data-start=\"7147\" data-end=\"7400\"><strong data-start=\"7147\" data-end=\"7167\">Fatima Belarbi :<\/strong><br data-start=\"7167\" data-end=\"7170\" \/>Chaque fois que l\u2019on \u00e9voque les \u00e9lections ou la r\u00e9organisation des institutions, les affrontements \u00e9clatent. \u00c0 votre avis, y a-t-il des acteurs qui bloquent d\u00e9lib\u00e9r\u00e9ment le processus politique ? Et qui en porte la responsabilit\u00e9 ?<\/p>\n<p style=\"text-align: justify;\" data-start=\"7402\" data-end=\"7881\"><strong data-start=\"6613\" data-end=\"6634\">Abdelhakim Biayou :<\/strong><br data-start=\"7423\" data-end=\"7426\" \/>Certains lient leur survie au chaos \u2014 cela est d\u00e9sormais clair pour tous. Le syst\u00e8me politique actuel fuit toute tentative de changement r\u00e9el, que ce soit par les \u00e9lections ou par l\u2019unification des institutions. Nous tenons pour responsables tous ceux qui se prot\u00e8gent par les armes plut\u00f4t que par le peuple. Nous misons sur une pression interne r\u00e9elle \u00e9manant de la rue libyenne \u2014 et non sur des ententes de sommet qui s\u2019effondrent au premier accrochage.<\/p>\n<p style=\"text-align: justify;\" data-start=\"7883\" data-end=\"8136\"><strong data-start=\"7883\" data-end=\"7903\">Fatima Belarbi :<\/strong><br data-start=\"7903\" data-end=\"7906\" \/>Le gouvernement Dbeibah est accus\u00e9 de faiblesse s\u00e9curitaire et de collusion avec certaines formations arm\u00e9es. \u00cates-vous d\u2019accord avec cette description ? Et comment comptez-vous g\u00e9rer cet h\u00e9ritage si vous acc\u00e9dez \u00e0 la pr\u00e9sidence ?<\/p>\n<p style=\"text-align: justify;\" data-start=\"8138\" data-end=\"8562\"><strong data-start=\"6613\" data-end=\"6634\">Abdelhakim Biayou :<\/strong><br data-start=\"8159\" data-end=\"8162\" \/>Nous n\u2019entrerons pas dans des jugements personnels, mais la r\u00e9alit\u00e9 s\u00e9curitaire parle d\u2019elle-m\u00eame. La prochaine \u00e9tape doit marquer une transition d\u00e9cisive entre la cohabitation avec les groupes arm\u00e9s et leur int\u00e9gration ou leur d\u00e9mant\u00e8lement sous l\u2019\u00e9gide de l\u2019\u00c9tat. Cela ne se fait pas par des promesses, mais par des mesures concr\u00e8tes imposant la primaut\u00e9 du droit et prot\u00e9geant les choix du peuple.<\/p>\n<p style=\"text-align: justify;\" data-start=\"8564\" data-end=\"8817\"><strong data-start=\"8564\" data-end=\"8584\">Fatima Belarbi :<\/strong><br data-start=\"8584\" data-end=\"8587\" \/>La multiplicit\u00e9 des gouvernements et le conflit des l\u00e9gitimit\u00e9s ont affaibli l\u2019\u00c9tat et embrouill\u00e9 la sc\u00e8ne. Quelles sont vos premi\u00e8res \u00e9tapes pour r\u00e9unifier les institutions du pouvoir ? Avez-vous une vision concr\u00e8te \u00e0 cet \u00e9gard ?<\/p>\n<p style=\"text-align: justify;\" data-start=\"8819\" data-end=\"9237\"><strong data-start=\"6613\" data-end=\"6634\">Abdelhakim Biayou :<\/strong><br data-start=\"8840\" data-end=\"8843\" \/>Nous proposons la formation d\u2019un gouvernement d\u2019unit\u00e9 restreint, d\u2019une dur\u00e9e ne d\u00e9passant pas 18 mois, et incluant des acteurs majeurs de toutes les r\u00e9gions. Nos priorit\u00e9s sont l\u2019unification de la Banque centrale, de la Compagnie nationale du p\u00e9trole et de la Cour des comptes, comme points d\u2019entr\u00e9e pour r\u00e9tablir la confiance. Pas de r\u00e9forme sans unit\u00e9 de la d\u00e9cision financi\u00e8re et souveraine.<\/p>\n<p style=\"text-align: justify;\" data-start=\"9239\" data-end=\"9504\"><strong data-start=\"9239\" data-end=\"9259\">Fatima Belarbi :<\/strong><br data-start=\"9259\" data-end=\"9262\" \/>Les initiatives onusiennes et maghr\u00e9bines, comme l\u2019accord de Skhirat et les rounds de Bouznika, n\u2019ont pas apport\u00e9 de stabilit\u00e9. \u00c0 votre avis, faut-il red\u00e9finir ces processus ? Et quelle place occupe le Maroc dans votre vision de la solution ?<\/p>\n<p style=\"text-align: justify;\" data-start=\"9506\" data-end=\"10002\"><strong data-start=\"6613\" data-end=\"6634\">Abdelhakim Biayou :<\/strong><br data-start=\"9527\" data-end=\"9530\" \/>Nous appr\u00e9cions le r\u00f4le du Maroc, et nous n\u2019oublions pas que l\u2019accord de Skhirat et les rencontres de Bouznika ont offert un espace de dialogue \u00e0 un moment d\u2019impasse. Mais oui, nous avons besoin aujourd\u2019hui d\u2019une nouvelle formulation partant de l\u2019int\u00e9rieur libyen, et non de logiques internationales r\u00e9p\u00e9titives. Le Maroc reste un partenaire honn\u00eate, mais la r\u00e9ussite de toute initiative d\u00e9pend de la volont\u00e9 des parties libyennes elles-m\u00eames \u00e0 renoncer aux gains \u00e9troits.<\/p>\n<p style=\"text-align: justify;\" data-start=\"10004\" data-end=\"10257\"><strong data-start=\"10004\" data-end=\"10024\">Fatima Belarbi :<\/strong><br data-start=\"10024\" data-end=\"10027\" \/>Beaucoup de Libyens ont perdu confiance dans la classe politique, voire dans les \u00e9lections elles-m\u00eames. Comment comptez-vous convaincre la rue de la validit\u00e9 de votre projet ? Et qu\u2019est-ce qui vous distingue de vos pr\u00e9d\u00e9cesseurs ?<\/p>\n<p style=\"text-align: justify;\" data-start=\"10259\" data-end=\"10703\"><strong data-start=\"6613\" data-end=\"6634\">Abdelhakim Biayou :<\/strong><br data-start=\"10280\" data-end=\"10283\" \/>La confiance se construit d\u2019abord par la sinc\u00e9rit\u00e9, ensuite par les r\u00e9sultats. Je ne suis pas issu du pouvoir actuel, je viens du c\u0153ur de l\u2019\u00e9conomie libyenne et je sais ce que signifie l\u2019effondrement de l\u2019\u00c9tat. Ce qui me distingue, c\u2019est que je ne cherche pas le pouvoir sans projet, ni la pr\u00e9sidence dans un pays divis\u00e9. Mon projet est de restaurer une Libye o\u00f9 le citoyen vit sans peur, sans chantage, et sans tutelle.<\/p>\n<p style=\"text-align: justify;\" data-start=\"10705\" data-end=\"11329\"><strong data-start=\"10705\" data-end=\"10790\">Conclusion analytique \u2014 De Paris \u00e0 Tripoli : Biayou porte-t-il le projet d\u2019\u00c9tat ?<\/strong><br data-start=\"10790\" data-end=\"10793\" \/>\u00c0 travers cet entretien, Abdallah Biayou se pr\u00e9sente comme une alternative rationnelle, \u00e9quilibrant r\u00e9alisme \u00e9conomique et vision de r\u00e9forme des institutions. Mais le plus grand d\u00e9fi reste sa capacit\u00e9 \u00e0 convaincre les Libyens \u2014 et pas seulement les \u00e9lites \u2014 que son projet est une option r\u00e9elle, et non un simple discours.<\/p>\n<p style=\"text-align: justify;\" data-start=\"10705\" data-end=\"11329\">Dans une sc\u00e8ne libyenne \u00e9puis\u00e9e par les armes et les promesses creuses, Biayou sera-t-il le premier \u00e0 ouvrir la porte de la politique en dehors des milices et des all\u00e9geances ? Les prochains mois nous le diront.<\/p>\n","protected":false},"excerpt":{"rendered":"<p>Entretien exclusif avec l\u2019homme d\u2019affaires et candidat libyen \u00e0 la pr\u00e9sidence Abdallah BiayouR\u00e9alis\u00e9 depuis Paris par la journaliste Fatima Belarbi, pour le magazine Diplomatique. Dans un contexte de d\u00e9gradation continue de la sc\u00e8ne libyenne et de blocage politique \u00e9touffant les aspirations du peuple depuis des ann\u00e9es, le magazine Diplomatie a rencontr\u00e9 le candidat \u00e0 la [&hellip;]<\/p>\n","protected":false},"author":2,"featured_media":1195,"comment_status":"open","ping_status":"open","sticky":false,"template":"","format":"standard","meta":{"footnotes":""},"categories":[28,30,49,23],"tags":[],"class_list":{"0":"post-1194","1":"post","2":"type-post","3":"status-publish","4":"format-standard","5":"has-post-thumbnail","7":"category-afrique","8":"category-diplomatie-tv","9":"category-le-maghreb","10":"category-politique"},"_links":{"self":[{"href":"https:\/\/diplomatique.ma\/fr\/wp-json\/wp\/v2\/posts\/1194","targetHints":{"allow":["GET"]}}],"collection":[{"href":"https:\/\/diplomatique.ma\/fr\/wp-json\/wp\/v2\/posts"}],"about":[{"href":"https:\/\/diplomatique.ma\/fr\/wp-json\/wp\/v2\/types\/post"}],"author":[{"embeddable":true,"href":"https:\/\/diplomatique.ma\/fr\/wp-json\/wp\/v2\/users\/2"}],"replies":[{"embeddable":true,"href":"https:\/\/diplomatique.ma\/fr\/wp-json\/wp\/v2\/comments?post=1194"}],"version-history":[{"count":4,"href":"https:\/\/diplomatique.ma\/fr\/wp-json\/wp\/v2\/posts\/1194\/revisions"}],"predecessor-version":[{"id":1199,"href":"https:\/\/diplomatique.ma\/fr\/wp-json\/wp\/v2\/posts\/1194\/revisions\/1199"}],"wp:featuredmedia":[{"embeddable":true,"href":"https:\/\/diplomatique.ma\/fr\/wp-json\/wp\/v2\/media\/1195"}],"wp:attachment":[{"href":"https:\/\/diplomatique.ma\/fr\/wp-json\/wp\/v2\/media?parent=1194"}],"wp:term":[{"taxonomy":"category","embeddable":true,"href":"https:\/\/diplomatique.ma\/fr\/wp-json\/wp\/v2\/categories?post=1194"},{"taxonomy":"post_tag","embeddable":true,"href":"https:\/\/diplomatique.ma\/fr\/wp-json\/wp\/v2\/tags?post=1194"}],"curies":[{"name":"wp","href":"https:\/\/api.w.org\/{rel}","templated":true}]}}