{"id":1290,"date":"2025-06-30T16:28:53","date_gmt":"2025-06-30T16:28:53","guid":{"rendered":"https:\/\/diplomatique.ma\/fr\/?p=1290"},"modified":"2025-06-30T16:31:29","modified_gmt":"2025-06-30T16:31:29","slug":"mohamed-oujar-une-relecture-dun-role-strategique-meconnu-sur-la-scene-politique-marocaine","status":"publish","type":"post","link":"https:\/\/diplomatique.ma\/fr\/mohamed-oujar-une-relecture-dun-role-strategique-meconnu-sur-la-scene-politique-marocaine\/","title":{"rendered":"Mohamed Oujar : une relecture d\u2019un r\u00f4le strat\u00e9gique m\u00e9connu sur la sc\u00e8ne politique marocaine"},"content":{"rendered":"<h2 style=\"text-align: justify;\" data-start=\"303\" data-end=\"374\"><strong data-start=\"306\" data-end=\"374\">De d\u00e9put\u00e9 \u00e0 strat\u00e8ge discret dans la bataille des \u00e9lections 2026<\/strong><\/h2>\n<p style=\"text-align: justify;\" data-start=\"376\" data-end=\"879\">Dans le monde politique, les r\u00f4les sont souvent per\u00e7us en surface, mais la sc\u00e8ne marocaine r\u00e9v\u00e8le clairement que certains \u0153uvrent dans l\u2019ombre, tissant leurs r\u00e9seaux, pr\u00e9parant leurs bases et g\u00e9rant les op\u00e9rations politiques avec une grande habilet\u00e9.<\/p>\n<p style=\"text-align: justify;\" data-start=\"376\" data-end=\"879\">Le ministre <strong data-start=\"639\" data-end=\"656\">Mohamed Oujar<\/strong> est un exemple vivant de ce r\u00f4le, n\u00e9glig\u00e9 dans le r\u00e9cent rapport de <a href=\"https:\/\/fr.maghrebalaan.com\/wp-content\/uploads\/2025\/06\/GR-Akhannouch-Jeune-Afrique.pdf\">GR Akhannouch Jeune Afrique<\/a>, qui l\u2019a pr\u00e9sent\u00e9 comme un symbole du pass\u00e9 et une figure de l\u2019ombre, occultant ainsi la profondeur de son exp\u00e9rience et de son influence.<\/p>\n<h3 style=\"text-align: justify;\" data-start=\"881\" data-end=\"966\">1. Un parcours politique profond : exp\u00e9rience parlementaire et ex\u00e9cutive solide<\/h3>\n<p style=\"text-align: justify;\" data-start=\"967\" data-end=\"1274\">Il convient d\u2019abord de rectifier l\u2019image donn\u00e9e par le rapport, puisque <strong data-start=\"1039\" data-end=\"1048\">Oujar<\/strong> a \u00e9t\u00e9 d\u00e9put\u00e9 \u00e9lu dans la circonscription de Hay Mohammadi \u00e0 Rabat de 2002 \u00e0 2007, lui conf\u00e9rant une l\u00e9gitimit\u00e9 repr\u00e9sentative r\u00e9elle et une exp\u00e9rience l\u00e9gislative qui contraste avec l\u2019image d\u2019une figure marginale ou d\u00e9pass\u00e9e.<\/p>\n<p style=\"text-align: justify;\" data-start=\"1276\" data-end=\"1576\">En outre, il a occup\u00e9 le poste de ministre des droits de l\u2019Homme dans le gouvernement d\u2019alternance, une responsabilit\u00e9 sensible t\u00e9moignant de sa capacit\u00e9 \u00e0 g\u00e9rer des questions de gouvernance et des droits fondamentaux, ce qui souligne son \u00e9quilibre entre fonctions ex\u00e9cutives et engagement politique.<\/p>\n<p style=\"text-align: justify;\" data-start=\"1578\" data-end=\"1668\">Un parlementaire exp\u00e9riment\u00e9 du Rassemblement National des Ind\u00e9pendants (RNI) souligne :<\/p>\n<blockquote data-start=\"1669\" data-end=\"1913\">\n<p data-start=\"1671\" data-end=\"1913\">\u00ab\u00a0Mohamed <strong data-start=\"1680\" data-end=\"1689\">Oujar<\/strong> n\u2019est pas seulement un pilier essentiel de notre parti, il est le cerveau discret qui tisse habilement nos alliances et pr\u00e9pare nos bases sur le terrain. Son r\u00f4le strat\u00e9gique n\u2019est pas moins important qu\u2019un poste officiel.\u00a0\u00bb<\/p>\n<\/blockquote>\n<h3 style=\"text-align: justify;\" data-start=\"1915\" data-end=\"2005\">2. Une dimension internationale : une voix africaine marocaine sur la sc\u00e8ne mondiale<\/h3>\n<p style=\"text-align: justify;\" data-start=\"2006\" data-end=\"2289\">Le rapport a n\u00e9glig\u00e9 les r\u00f4les internationaux jou\u00e9s par <strong data-start=\"2062\" data-end=\"2071\">Oujar<\/strong>, pourtant essentiels pour \u00e9valuer son influence. Il a \u00e9t\u00e9 \u00e9lu repr\u00e9sentant de l\u2019Afrique \u00e0 l\u2019Organisation internationale pour les migrations (OIM), un poste qui t\u00e9moigne de la confiance du continent dans ses capacit\u00e9s.<\/p>\n<p style=\"text-align: justify;\" data-start=\"2291\" data-end=\"2570\">Il a \u00e9galement coordonn\u00e9 le groupe africain \u00e0 l\u2019Organisation mondiale du commerce (OMC) \u00e0 Gen\u00e8ve, o\u00f9 sont discut\u00e9es des questions cruciales de libre-\u00e9change et de d\u00e9veloppement \u00e9conomique, renfor\u00e7ant son implication dans des enjeux strat\u00e9giques au-del\u00e0 des fronti\u00e8res nationales.<\/p>\n<p style=\"text-align: justify;\" data-start=\"2572\" data-end=\"2640\">Dr Leila Ben Hamd, experte en relations internationales, affirme :<\/p>\n<blockquote data-start=\"2641\" data-end=\"2877\">\n<p data-start=\"2643\" data-end=\"2877\">\u00ab\u00a0L\u2019\u00e9lection d\u2019<strong data-start=\"2657\" data-end=\"2666\">Oujar<\/strong> comme repr\u00e9sentant de l\u2019Afrique \u00e0 l\u2019OIM et coordinateur du groupe africain \u00e0 l\u2019OMC refl\u00e8te une reconnaissance internationale de ses comp\u00e9tences, lui ouvrant de larges perspectives dans la diplomatie marocaine.\u00a0\u00bb<\/p>\n<\/blockquote>\n<h3 style=\"text-align: justify;\" data-start=\"2879\" data-end=\"2981\">3. Construction strat\u00e9gique locale : la colonne vert\u00e9brale du parti dans la r\u00e9gion de l\u2019Oriental<\/h3>\n<p style=\"text-align: justify;\" data-start=\"2982\" data-end=\"3223\">\u00c0 l\u2019approche des \u00e9lections de 2026, les partis marocains se pr\u00e9parent intens\u00e9ment, mais le RNI b\u00e9n\u00e9ficie d\u2019un avantage unique gr\u00e2ce \u00e0 sa strat\u00e9gie dans la r\u00e9gion de l\u2019Oriental, qui rev\u00eat une importance g\u00e9ographique et politique particuli\u00e8re.<\/p>\n<p style=\"text-align: justify;\" data-start=\"3225\" data-end=\"3457\">C\u2019est ici que le r\u00f4le crucial de <strong data-start=\"3258\" data-end=\"3275\">Mohamed Oujar<\/strong> se manifeste, dirigeant des r\u00e9seaux organisationnels profonds et coordonnant des bataillons \u00e9lectoraux, ce qui fait de lui le v\u00e9ritable \u00ab directeur des op\u00e9rations \u00bb dans cette zone.<\/p>\n<p style=\"text-align: justify;\" data-start=\"3459\" data-end=\"3691\">Son travail d\u00e9passe la simple coordination \u00e9lectorale, englobant la construction de nouvelles \u00e9lites locales, la restauration de la stature du parti, et le renforcement des relations avec les acteurs politiques et sociaux r\u00e9gionaux.<\/p>\n<p style=\"text-align: justify;\" data-start=\"3693\" data-end=\"3738\">Un cadre d\u2019un parti d\u2019opposition souligne :<\/p>\n<blockquote data-start=\"3739\" data-end=\"3996\">\n<p data-start=\"3741\" data-end=\"3996\">\u00ab\u00a0<strong data-start=\"3742\" data-end=\"3751\">Oujar<\/strong> est l\u2019une des personnalit\u00e9s incontournables de la sc\u00e8ne politique marocaine, tr\u00e8s habile dans ses mouvements et dot\u00e9 d\u2019un solide r\u00e9seau, particuli\u00e8rement dans la r\u00e9gion de l\u2019Oriental, ce qui fait du RNI un concurrent redoutable dans ces zones.\u00a0\u00bb<\/p>\n<\/blockquote>\n<h3 style=\"text-align: justify;\" data-start=\"3998\" data-end=\"4069\">4. Intelligence politique : mouvements calcul\u00e9s et messages cod\u00e9s<\/h3>\n<p style=\"text-align: justify;\" data-start=\"4070\" data-end=\"4505\">Son intervention en janvier 2025 sur la cha\u00eene officielle SNRT, critiquant la performance de certains ministres du parti Authenticit\u00e9 et Modernit\u00e9 (PAM), a provoqu\u00e9 une fracture au sein de la majorit\u00e9 gouvernementale. Cette d\u00e9marche n\u2019\u00e9tait pas fortuite, mais faisait partie d\u2019une strat\u00e9gie savamment \u00e9labor\u00e9e, o\u00f9 <strong data-start=\"4384\" data-end=\"4393\">Oujar<\/strong> sert de porte-voix du parti pour exprimer des souhaits et avertissements sans exposer directement le pr\u00e9sident.<\/p>\n<p style=\"text-align: justify;\" data-start=\"4507\" data-end=\"4731\">Ces mouvements d\u00e9montrent qu\u2019<strong data-start=\"4536\" data-end=\"4545\">Oujar<\/strong> est un acteur tactique cl\u00e9, \u00e9quilibrant la construction des bases du parti et la gestion des alliances, utilis\u00e9 comme un levier politique astucieux dans la configuration des coalitions.<\/p>\n<p style=\"text-align: justify;\" data-start=\"4733\" data-end=\"4805\">Dr Fouad El Amri, analyste politique et conseiller strat\u00e9gique, note :<\/p>\n<blockquote data-start=\"4806\" data-end=\"5101\">\n<p data-start=\"4808\" data-end=\"5101\">\u00ab\u00a0En politique, ce n\u2019est pas seulement celui qui parle fort qui compte, mais celui qui dirige le jeu en coulisses. <strong data-start=\"4922\" data-end=\"4939\">Mohamed Oujar<\/strong> est un rare exemple de politique combinant exp\u00e9rience parlementaire, administrative et internationale, qu\u2019il transforme en une force organisationnelle efficace.\u00a0\u00bb<\/p>\n<\/blockquote>\n<h3 style=\"text-align: justify;\" data-start=\"5103\" data-end=\"5181\">5. Perspectives futures : un acteur cl\u00e9 des \u00e9lections de 2026 et au-del\u00e0<\/h3>\n<p style=\"text-align: justify;\" data-start=\"5182\" data-end=\"5375\">\u00c0 l\u2019approche des \u00e9lections l\u00e9gislatives de 2026, le r\u00f4le d\u2019<strong data-start=\"5241\" data-end=\"5250\">Oujar<\/strong> deviendra plus visible et d\u00e9cisif, notamment en cas de tensions ou de r\u00e9ajustements au sein de la coalition gouvernementale.<\/p>\n<p style=\"text-align: justify;\" data-start=\"5377\" data-end=\"5639\">Son exp\u00e9rience \u00e9tendue et ses solides relations locales et internationales pourraient le positionner comme un leader cl\u00e9 du parti ou du gouvernement, appel\u00e9 \u00e0 assumer des fonctions ex\u00e9cutives ou strat\u00e9giques plus importantes pour maintenir l\u2019\u00e9quilibre politique.<\/p>\n<h3 style=\"text-align: justify;\" data-start=\"5641\" data-end=\"5657\">Conclusion<\/h3>\n<p style=\"text-align: justify;\" data-start=\"5658\" data-end=\"6214\"><strong data-start=\"5658\" data-end=\"5675\">Mohamed Oujar<\/strong> est bien plus qu\u2019une figure de l\u2019ombre ou un \u00ab symbole du pass\u00e9 \u00bb. C\u2019est un homme politique \u00e0 l\u2019exp\u00e9rience riche et diverse, alliant parlementarisme, fonctions ex\u00e9cutives et engagements internationaux, tout en jouant un r\u00f4le strat\u00e9gique fondamental au niveau local, notamment dans la r\u00e9gion de l\u2019Oriental. Son contr\u00f4le des r\u00e9seaux politiques et ses mouvements avis\u00e9s dans la coalition gouvernementale font de lui un acteur incontournable des dynamiques politiques marocaines, particuli\u00e8rement \u00e0 l\u2019aube des \u00e9ch\u00e9ances \u00e9lectorales cruciales.<\/p>\n<p style=\"text-align: justify;\" data-start=\"6216\" data-end=\"6377\">Une lecture attentive de son parcours et de ses multiples r\u00f4les est essentielle pour comprendre le paysage politique marocain actuel et anticiper ses \u00e9volutions.<\/p>\n","protected":false},"excerpt":{"rendered":"<p>De d\u00e9put\u00e9 \u00e0 strat\u00e8ge discret dans la bataille des \u00e9lections 2026 Dans le monde politique, les r\u00f4les sont souvent per\u00e7us en surface, mais la sc\u00e8ne marocaine r\u00e9v\u00e8le clairement que certains \u0153uvrent dans l\u2019ombre, tissant leurs r\u00e9seaux, pr\u00e9parant leurs bases et g\u00e9rant les op\u00e9rations politiques avec une grande habilet\u00e9. Le ministre Mohamed Oujar est un exemple [&hellip;]<\/p>\n","protected":false},"author":2,"featured_media":1291,"comment_status":"open","ping_status":"open","sticky":false,"template":"","format":"standard","meta":{"footnotes":""},"categories":[28,49],"tags":[],"class_list":{"0":"post-1290","1":"post","2":"type-post","3":"status-publish","4":"format-standard","5":"has-post-thumbnail","7":"category-afrique","8":"category-le-maghreb"},"_links":{"self":[{"href":"https:\/\/diplomatique.ma\/fr\/wp-json\/wp\/v2\/posts\/1290","targetHints":{"allow":["GET"]}}],"collection":[{"href":"https:\/\/diplomatique.ma\/fr\/wp-json\/wp\/v2\/posts"}],"about":[{"href":"https:\/\/diplomatique.ma\/fr\/wp-json\/wp\/v2\/types\/post"}],"author":[{"embeddable":true,"href":"https:\/\/diplomatique.ma\/fr\/wp-json\/wp\/v2\/users\/2"}],"replies":[{"embeddable":true,"href":"https:\/\/diplomatique.ma\/fr\/wp-json\/wp\/v2\/comments?post=1290"}],"version-history":[{"count":2,"href":"https:\/\/diplomatique.ma\/fr\/wp-json\/wp\/v2\/posts\/1290\/revisions"}],"predecessor-version":[{"id":1293,"href":"https:\/\/diplomatique.ma\/fr\/wp-json\/wp\/v2\/posts\/1290\/revisions\/1293"}],"wp:featuredmedia":[{"embeddable":true,"href":"https:\/\/diplomatique.ma\/fr\/wp-json\/wp\/v2\/media\/1291"}],"wp:attachment":[{"href":"https:\/\/diplomatique.ma\/fr\/wp-json\/wp\/v2\/media?parent=1290"}],"wp:term":[{"taxonomy":"category","embeddable":true,"href":"https:\/\/diplomatique.ma\/fr\/wp-json\/wp\/v2\/categories?post=1290"},{"taxonomy":"post_tag","embeddable":true,"href":"https:\/\/diplomatique.ma\/fr\/wp-json\/wp\/v2\/tags?post=1290"}],"curies":[{"name":"wp","href":"https:\/\/api.w.org\/{rel}","templated":true}]}}