{"id":1317,"date":"2025-07-17T18:00:09","date_gmt":"2025-07-17T18:00:09","guid":{"rendered":"https:\/\/diplomatique.ma\/fr\/?p=1317"},"modified":"2025-07-17T20:03:17","modified_gmt":"2025-07-17T20:03:17","slug":"quand-rashida-dati-secoue-le-senat-je-ne-suis-pas-votre-domestique-ce-temps-la-est-revolu-le-choc-des-classes-sinvite-au-coeur-du-pouvoir","status":"publish","type":"post","link":"https:\/\/diplomatique.ma\/fr\/quand-rashida-dati-secoue-le-senat-je-ne-suis-pas-votre-domestique-ce-temps-la-est-revolu-le-choc-des-classes-sinvite-au-coeur-du-pouvoir\/","title":{"rendered":"Quand Rashida Dati secoue le S\u00e9nat : \u00ab\u00a0Je ne suis pas votre domestique ! Ce temps-l\u00e0 est r\u00e9volu\u00a0\u00bb \u2014 le choc des classes s&rsquo;invite au c\u0153ur du pouvoir"},"content":{"rendered":"<p style=\"text-align: justify;\" data-start=\"281\" data-end=\"534\">Le 10 juillet, le S\u00e9nat fran\u00e7ais n\u2019a pas seulement \u00e9t\u00e9 le th\u00e9\u00e2tre d\u2019un d\u00e9bat sur la r\u00e9forme de l\u2019audiovisuel public. Il est devenu la sc\u00e8ne d\u2019un affrontement symbolique entre deux France : celle des \u00e9lites h\u00e9rit\u00e9es et celle des enfants de l\u2019immigration.<\/p>\n<p style=\"text-align: justify;\" data-start=\"536\" data-end=\"855\">En r\u00e9ponse \u00e0 une intervention jug\u00e9e condescendante de la s\u00e9natrice socialiste Marie-Pierre de La Gontrie, la ministre de la Culture, Rashida Dati, a l\u00e2ch\u00e9 une r\u00e9plique aussi directe que cinglante : <strong data-start=\"736\" data-end=\"853\">\u00ab\u00a0Je ne suis pas votre domestique. Peut-\u00eatre que mon p\u00e8re a travaill\u00e9 pour le v\u00f4tre, mais ce temps-l\u00e0 est r\u00e9volu.\u00a0\u00bb<\/strong><\/p>\n<p><iframe loading=\"lazy\" title=\"La punchline de la semaine - Rachida Dati face \u00e0 une s\u00e9natrice m\u00e9prisante : &quot;Un peu de respect, y compris dans votre gestuelle!  Je ne suis pas votre femme de m\u00e9nage!&quot;\" frameborder=\"0\" width=\"696\" height=\"393\" src=\"https:\/\/geo.dailymotion.com\/player.html?video=x9n0j5m&#038;\" allowfullscreen allow=\"autoplay; fullscreen; picture-in-picture; web-share\"><\/iframe><\/p>\n<p style=\"text-align: justify;\" data-start=\"857\" data-end=\"1189\">Un silence tendu a envahi l\u2019h\u00e9micycle, imm\u00e9diatement rompu par un tumulte de r\u00e9actions \u2014 politiques, m\u00e9diatiques et sociales. Ce n\u2019\u00e9tait plus un d\u00e9bat sur la gestion de France T\u00e9l\u00e9visions, mais une explosion de m\u00e9moire sociale, un cri venu des marges : celui d\u2019une fille d\u2019ouvrier d\u2019origine marocaine qui refuse de courber l\u2019\u00e9chine.<\/p>\n<p style=\"text-align: justify;\" data-start=\"1191\" data-end=\"1417\">Dati ne d\u00e9non\u00e7ait pas seulement un m\u00e9pris de classe ; elle mettait \u00e0 nu l&rsquo;hypocrisie d\u2019un syst\u00e8me politique qui se dit r\u00e9publicain mais qui perp\u00e9tue, sous des formes polic\u00e9es, les logiques d&rsquo;exclusion et de hi\u00e9rarchie sociale.<\/p>\n<p style=\"text-align: justify;\" data-start=\"1419\" data-end=\"1624\">La s\u00e9natrice Laurence Rossignol, elle, y a vu une \u00ab\u00a0attaque personnelle\u00a0\u00bb digne d\u2019un \u00ab\u00a0crime patronymique\u00a0\u00bb, r\u00e9v\u00e9lant combien le nom, l&rsquo;origine et le pass\u00e9 familial p\u00e8sent encore dans l\u2019espace public fran\u00e7ais.<\/p>\n<p style=\"text-align: justify;\" data-start=\"1626\" data-end=\"1833\">Au fond, ce que Dati a dit, c\u2019est : <strong data-start=\"1662\" data-end=\"1715\">\u00ab\u00a0J\u2019ai ma place ici, et je ne la dois \u00e0 personne.\u00a0\u00bb<\/strong><br data-start=\"1715\" data-end=\"1718\" \/>Et si cela d\u00e9range certains h\u00e9ritiers d\u2019un ordre ancien, c\u2019est peut-\u00eatre justement que le changement est en marche.<\/p>\n","protected":false},"excerpt":{"rendered":"<p>Le 10 juillet, le S\u00e9nat fran\u00e7ais n\u2019a pas seulement \u00e9t\u00e9 le th\u00e9\u00e2tre d\u2019un d\u00e9bat sur la r\u00e9forme de l\u2019audiovisuel public. Il est devenu la sc\u00e8ne d\u2019un affrontement symbolique entre deux France : celle des \u00e9lites h\u00e9rit\u00e9es et celle des enfants de l\u2019immigration. En r\u00e9ponse \u00e0 une intervention jug\u00e9e condescendante de la s\u00e9natrice socialiste Marie-Pierre de [&hellip;]<\/p>\n","protected":false},"author":2,"featured_media":1318,"comment_status":"open","ping_status":"open","sticky":false,"template":"","format":"standard","meta":{"footnotes":""},"categories":[28,25,49,44],"tags":[],"class_list":{"0":"post-1317","1":"post","2":"type-post","3":"status-publish","4":"format-standard","5":"has-post-thumbnail","7":"category-afrique","8":"category-europ","9":"category-le-maghreb","10":"category-video"},"_links":{"self":[{"href":"https:\/\/diplomatique.ma\/fr\/wp-json\/wp\/v2\/posts\/1317","targetHints":{"allow":["GET"]}}],"collection":[{"href":"https:\/\/diplomatique.ma\/fr\/wp-json\/wp\/v2\/posts"}],"about":[{"href":"https:\/\/diplomatique.ma\/fr\/wp-json\/wp\/v2\/types\/post"}],"author":[{"embeddable":true,"href":"https:\/\/diplomatique.ma\/fr\/wp-json\/wp\/v2\/users\/2"}],"replies":[{"embeddable":true,"href":"https:\/\/diplomatique.ma\/fr\/wp-json\/wp\/v2\/comments?post=1317"}],"version-history":[{"count":1,"href":"https:\/\/diplomatique.ma\/fr\/wp-json\/wp\/v2\/posts\/1317\/revisions"}],"predecessor-version":[{"id":1319,"href":"https:\/\/diplomatique.ma\/fr\/wp-json\/wp\/v2\/posts\/1317\/revisions\/1319"}],"wp:featuredmedia":[{"embeddable":true,"href":"https:\/\/diplomatique.ma\/fr\/wp-json\/wp\/v2\/media\/1318"}],"wp:attachment":[{"href":"https:\/\/diplomatique.ma\/fr\/wp-json\/wp\/v2\/media?parent=1317"}],"wp:term":[{"taxonomy":"category","embeddable":true,"href":"https:\/\/diplomatique.ma\/fr\/wp-json\/wp\/v2\/categories?post=1317"},{"taxonomy":"post_tag","embeddable":true,"href":"https:\/\/diplomatique.ma\/fr\/wp-json\/wp\/v2\/tags?post=1317"}],"curies":[{"name":"wp","href":"https:\/\/api.w.org\/{rel}","templated":true}]}}