{"id":1350,"date":"2025-08-02T20:27:28","date_gmt":"2025-08-02T20:27:28","guid":{"rendered":"https:\/\/diplomatique.ma\/fr\/?p=1350"},"modified":"2025-08-02T21:28:58","modified_gmt":"2025-08-02T21:28:58","slug":"le-compte-a-rebours-pour-le-depart-daziz-akhannouch-a-t-il-commence","status":"publish","type":"post","link":"https:\/\/diplomatique.ma\/fr\/le-compte-a-rebours-pour-le-depart-daziz-akhannouch-a-t-il-commence\/","title":{"rendered":"Le compte \u00e0 rebours pour le d\u00e9part d\u2019Aziz Akhannouch a-t-il commenc\u00e9 ?"},"content":{"rendered":"<p style=\"text-align: justify;\" data-start=\"288\" data-end=\"422\"><strong data-start=\"288\" data-end=\"422\">Lecture analytique du tweet de Mustapha El Fenn&#8230; et question sur qui supervise r\u00e9ellement les prochaines \u00e9ch\u00e9ances \u00e9lectorales ?<\/strong><\/p>\n<p style=\"text-align: justify;\" data-start=\"424\" data-end=\"843\">Dans un tweet qui a suscit\u00e9 de vives r\u00e9actions sur les r\u00e9seaux sociaux, le journaliste Mustapha El Fenn a soulev\u00e9 une question profonde concernant la signification du fait que le roi Mohammed VI ait confi\u00e9 au ministre de l\u2019Int\u00e9rieur, Abdelouafi Laftit, la supervision de la pr\u00e9paration des prochaines \u00e9lections, \u00e9cartant ainsi le chef du gouvernement Aziz Akhannouch, ce qui constitue un pr\u00e9c\u00e9dent qui m\u00e9rite attention.<\/p>\n<p data-start=\"424\" data-end=\"843\"><iframe loading=\"lazy\" class=\"x1ejq31n x18oe1m7 x1sy0etr xstzfhl x6ikm8r x10wlt62\" src=\"https:\/\/www.facebook.com\/plugins\/post.php?href=https%3A%2F%2Fwww.facebook.com%2Fmustafa.elfanne%2Fposts%2Fpfbid0k5nhwFUKLRzWYWihndBWpvXbaVc8d93kn2EjoaQ71jr32H4poEVooCcyAE1xaQHel&amp;show_text=true&amp;width=500\" width=\"500\" height=\"412\" frameborder=\"0\" scrolling=\"no\" allowfullscreen=\"allowfullscreen\"><\/iframe><\/p>\n<h3 style=\"text-align: justify;\" data-start=\"845\" data-end=\"902\">Le retour du minist\u00e8re de l\u2019Int\u00e9rieur au premier plan<\/h3>\n<p style=\"text-align: justify;\" data-start=\"904\" data-end=\"1439\">Depuis l\u2019adoption de la Constitution de 2011, il \u00e9tait devenu habituel que le chef du gouvernement pr\u00e9side les r\u00e9unions pr\u00e9paratoires aux \u00e9ch\u00e9ances \u00e9lectorales, comme ce fut le cas avec Abdelilah Benkirane en 2016 et Saadeddine El Othmani en 2021. Cependant, la nouvelle orientation, exprim\u00e9e par une directive royale dans le discours du Tr\u00f4ne, ram\u00e8ne le minist\u00e8re de l\u2019Int\u00e9rieur au centre de la sc\u00e8ne, et soul\u00e8ve des interrogations sur les limites du pouvoir ex\u00e9cutif et la place du chef du gouvernement dans l\u2019\u00e9quation d\u00e9cisionnelle.<\/p>\n<p style=\"text-align: justify;\" data-start=\"1441\" data-end=\"1590\">Sommes-nous face \u00e0 un \u00ab retour implicite \u00bb au mod\u00e8le d\u2019avant 2011 ? Ou s\u2019agit-il d\u2019un contexte exceptionnel li\u00e9 aux exigences de la prochaine \u00e9tape ?<\/p>\n<h3 style=\"text-align: justify;\" data-start=\"1592\" data-end=\"1655\">Analyse des significations de la supervision royale directe<\/h3>\n<p style=\"text-align: justify;\" data-start=\"1657\" data-end=\"1817\">Lorsque le roi lui-m\u00eame oriente la supervision des \u00e9lections vers le minist\u00e8re de l\u2019Int\u00e9rieur, cela v\u00e9hicule plusieurs messages politiques et constitutionnels :<\/p>\n<ul style=\"text-align: justify;\" data-start=\"1818\" data-end=\"2189\">\n<li data-start=\"1818\" data-end=\"1970\">\n<p data-start=\"1820\" data-end=\"1970\">D\u2019une part, cela exprime la volont\u00e9 d\u2019encadrer le processus \u00e9lectoral dans une perspective de stabilit\u00e9 de l\u2019\u00c9tat et de bonne gestion des transitions.<\/p>\n<\/li>\n<li data-start=\"1971\" data-end=\"2189\">\n<p data-start=\"1973\" data-end=\"2189\">D\u2019autre part, cela ravive le d\u00e9bat sur la dualit\u00e9 entre le \u00ab pouvoir r\u00e9el \u00bb et le \u00ab pouvoir constitutionnel \u00bb, et soul\u00e8ve des questions sur le r\u00f4le du gouvernement et de son chef dans la gestion de la phase actuelle.<\/p>\n<\/li>\n<\/ul>\n<p style=\"text-align: justify;\" data-start=\"2191\" data-end=\"2489\">Le tweet d\u2019El Fenn ne pose pas seulement une question sur le mode de gestion, mais ouvre \u00e9galement la porte \u00e0 une <strong data-start=\"2305\" data-end=\"2382\">question politique plus vaste : a-t-on tourn\u00e9 la page d\u2019Aziz Akhannouch ?<\/strong> Ou bien le processus de marginalisation progressive est-il le signe d\u2019un redessin des centres de pouvoir ?<\/p>\n<h3 style=\"text-align: justify;\" data-start=\"2491\" data-end=\"2545\">Entre lecture du tweet et r\u00e9alit\u00e9 institutionnelle<\/h3>\n<p style=\"text-align: justify;\" data-start=\"2547\" data-end=\"2846\">Ce qui frappe dans l\u2019analyse du tweet de Mustapha El Fenn, c\u2019est qu\u2019elle ne tombe pas dans des interpr\u00e9tations politiques hasardeuses, mais construit ses hypoth\u00e8ses sur des <strong data-start=\"2720\" data-end=\"2758\">pr\u00e9c\u00e9dents constitutionnels av\u00e9r\u00e9s<\/strong>, et convoque la comparaison entre ce qui \u00e9tait, et ce que l\u2019on souhaite qu\u2019il advienne.<\/p>\n<p style=\"text-align: justify;\" data-start=\"2848\" data-end=\"3271\">Cependant, il est important de ne pas lire cette nouvelle orientation hors de son contexte. Il pourrait y avoir des <strong data-start=\"2964\" data-end=\"2998\">consid\u00e9rations conjoncturelles<\/strong>, telles que la sensibilit\u00e9 de l\u2019\u00e9tape actuelle, la faiblesse de la confiance dans certaines composantes partisanes, ou m\u00eame la pr\u00e9paration \u00e0 une nouvelle ing\u00e9nierie politique visant \u00e0 r\u00e9organiser le paysage selon des crit\u00e8res de stabilit\u00e9 d\u2019abord, et d\u2019efficacit\u00e9 ensuite.<\/p>\n<h3 style=\"text-align: justify;\" data-start=\"3273\" data-end=\"3334\">En conclusion : qui pr\u00e9pare ? Et qui rendra des comptes ?<\/h3>\n<p style=\"text-align: justify;\" data-start=\"3336\" data-end=\"3651\">Le changement de la personne en charge de la supervision des \u00e9lections n\u2019est pas une simple mesure technique, mais un message politique fort. Cela exige des acteurs politiques et des analystes de la chose publique <strong data-start=\"3550\" data-end=\"3650\">une lecture attentive du moment, et une vigilance face aux signes d\u2019une redistribution des r\u00f4les<\/strong>.<\/p>\n<p style=\"text-align: justify;\" data-start=\"3653\" data-end=\"3914\">Et la question reste pos\u00e9e :<br \/>\nLe pays est-il en train de modifier les r\u00e8gles du jeu politique ?<br data-start=\"3747\" data-end=\"3750\" \/>La phase post-Akhannouch a-t-elle commenc\u00e9 ?<br data-start=\"3794\" data-end=\"3797\" \/>Ou s\u2019agit-il simplement d\u2019un ajustement dans la m\u00e9thode de gestion, dans le cadre de pr\u00e9rogatives royales l\u00e9gitimes ?<\/p>\n","protected":false},"excerpt":{"rendered":"<p>Lecture analytique du tweet de Mustapha El Fenn&#8230; et question sur qui supervise r\u00e9ellement les prochaines \u00e9ch\u00e9ances \u00e9lectorales ? Dans un tweet qui a suscit\u00e9 de vives r\u00e9actions sur les r\u00e9seaux sociaux, le journaliste Mustapha El Fenn a soulev\u00e9 une question profonde concernant la signification du fait que le roi Mohammed VI ait confi\u00e9 au [&hellip;]<\/p>\n","protected":false},"author":2,"featured_media":1351,"comment_status":"open","ping_status":"open","sticky":false,"template":"","format":"standard","meta":{"footnotes":""},"categories":[28,49,23],"tags":[],"class_list":{"0":"post-1350","1":"post","2":"type-post","3":"status-publish","4":"format-standard","5":"has-post-thumbnail","7":"category-afrique","8":"category-le-maghreb","9":"category-politique"},"_links":{"self":[{"href":"https:\/\/diplomatique.ma\/fr\/wp-json\/wp\/v2\/posts\/1350","targetHints":{"allow":["GET"]}}],"collection":[{"href":"https:\/\/diplomatique.ma\/fr\/wp-json\/wp\/v2\/posts"}],"about":[{"href":"https:\/\/diplomatique.ma\/fr\/wp-json\/wp\/v2\/types\/post"}],"author":[{"embeddable":true,"href":"https:\/\/diplomatique.ma\/fr\/wp-json\/wp\/v2\/users\/2"}],"replies":[{"embeddable":true,"href":"https:\/\/diplomatique.ma\/fr\/wp-json\/wp\/v2\/comments?post=1350"}],"version-history":[{"count":1,"href":"https:\/\/diplomatique.ma\/fr\/wp-json\/wp\/v2\/posts\/1350\/revisions"}],"predecessor-version":[{"id":1352,"href":"https:\/\/diplomatique.ma\/fr\/wp-json\/wp\/v2\/posts\/1350\/revisions\/1352"}],"wp:featuredmedia":[{"embeddable":true,"href":"https:\/\/diplomatique.ma\/fr\/wp-json\/wp\/v2\/media\/1351"}],"wp:attachment":[{"href":"https:\/\/diplomatique.ma\/fr\/wp-json\/wp\/v2\/media?parent=1350"}],"wp:term":[{"taxonomy":"category","embeddable":true,"href":"https:\/\/diplomatique.ma\/fr\/wp-json\/wp\/v2\/categories?post=1350"},{"taxonomy":"post_tag","embeddable":true,"href":"https:\/\/diplomatique.ma\/fr\/wp-json\/wp\/v2\/tags?post=1350"}],"curies":[{"name":"wp","href":"https:\/\/api.w.org\/{rel}","templated":true}]}}