{"id":1427,"date":"2025-08-25T17:13:38","date_gmt":"2025-08-25T17:13:38","guid":{"rendered":"https:\/\/diplomatique.ma\/fr\/?p=1427"},"modified":"2025-08-25T17:13:38","modified_gmt":"2025-08-25T17:13:38","slug":"faux-pas-mediatique-le-monde-et-les-exagerations-sur-letat-de-sante-du-roi-mohammed-vi","status":"publish","type":"post","link":"https:\/\/diplomatique.ma\/fr\/faux-pas-mediatique-le-monde-et-les-exagerations-sur-letat-de-sante-du-roi-mohammed-vi\/","title":{"rendered":"Faux pas m\u00e9diatique : Le Monde et les \u00ab\u00a0exag\u00e9rations\u00a0\u00bb sur l&rsquo;\u00e9tat de sant\u00e9 du roi Mohammed VI"},"content":{"rendered":"<p style=\"text-align: justify;\" data-start=\"175\" data-end=\"699\">Le lundi 25 ao\u00fbt, le journal fran\u00e7ais <span style=\"color: #00ccff;\"><a style=\"color: #00ccff;\" href=\"https:\/\/www.lemonde.fr\/series-d-ete\/article\/2025\/08\/24\/au-maroc-une-atmosphere-de-fin-de-regne-pour-mohammed-vi_6634562_3451060.html?utm_source=chatgpt.com\"><strong data-start=\"213\" data-end=\"225\">Le Monde<\/strong><\/a><\/span> a publi\u00e9 un long article sur le roi Mohammed VI intitul\u00e9 : \u00ab Ambiance de fin de r\u00e8gne de Mohammed VI \u00bb, mettant l\u2019accent sur l\u2019\u00e9tat de sant\u00e9 du roi et ses voyages r\u00e9p\u00e9t\u00e9s, sugg\u00e9rant qu\u2019ils auraient influenc\u00e9 l\u2019exercice du pouvoir. Cependant, une lecture attentive r\u00e9v\u00e8le une s\u00e9rie d\u2019exag\u00e9rations et l\u2019absence de toute information nouvelle concernant le roi, se limitant m\u00eame \u00e0 la republication de donn\u00e9es d\u00e9j\u00e0 diffus\u00e9es par d\u2019autres m\u00e9dias, y compris la presse marocaine.<\/p>\n<h3 style=\"text-align: justify;\" data-start=\"701\" data-end=\"750\">Que dit Le Monde et quelle est la r\u00e9alit\u00e9 ?<\/h3>\n<p style=\"text-align: justify;\" data-start=\"752\" data-end=\"975\">Le journal consid\u00e8re que la maladie du roi et ses d\u00e9placements fr\u00e9quents seraient la cause d\u2019un \u00e9loignement du pouvoir, une conclusion qui ne repose pas sur les faits sur le terrain. La r\u00e9alit\u00e9 est totalement diff\u00e9rente :<\/p>\n<ul style=\"text-align: justify;\" data-start=\"977\" data-end=\"1492\">\n<li data-start=\"977\" data-end=\"1265\">\n<p data-start=\"979\" data-end=\"1265\">Le roi Mohammed VI n\u2019a manqu\u00e9 aucun devoir constitutionnel ou officiel. Il a assist\u00e9 aux conseils des ministres, \u00e0 l\u2019ouverture du Parlement, aux \u00e9v\u00e9nements religieux et nationaux, ainsi qu\u2019aux grands sommets internationaux, comme la conf\u00e9rence sur le climat COP22 \u00e0 Marrakech en 2016.<\/p>\n<\/li>\n<li data-start=\"1266\" data-end=\"1492\">\n<p data-start=\"1268\" data-end=\"1492\">Les apparitions publiques du roi pendant son op\u00e9ration chirurgicale et sa r\u00e9ception des invit\u00e9s officiels tout en utilisant sa canne montrent son engagement envers ses fonctions malgr\u00e9 toute condition de sant\u00e9 personnelle.<\/p>\n<\/li>\n<\/ul>\n<h3 style=\"text-align: justify;\" data-start=\"1494\" data-end=\"1555\">Une tentative d\u2019imposer l\u2019exp\u00e9rience fran\u00e7aise au Maroc<\/h3>\n<p style=\"text-align: justify;\" data-start=\"1557\" data-end=\"1998\">Le Monde s\u2019appuie partiellement sur une comparaison avec les pr\u00e9sidents fran\u00e7ais, qui ont tendance \u00e0 cacher leurs maladies, comme Charles de Gaulle et Fran\u00e7ois Mitterrand, et en d\u00e9duit implicitement que le roi se serait \u00ab \u00e9loign\u00e9 du pouvoir \u00bb. Cette approche refl\u00e8te une tentative d\u2019imposer un mod\u00e8le culturel occidental au contexte marocain, ignorant la sp\u00e9cificit\u00e9 de la monarchie et sa transparence dans la communication avec le public.<\/p>\n<h3 style=\"text-align: justify;\" data-start=\"2000\" data-end=\"2032\">Histoire et le\u00e7ons \u00e0 tirer<\/h3>\n<p style=\"text-align: justify;\" data-start=\"2034\" data-end=\"2228\">L\u2019article ignore la dimension historique de la monarchie marocaine, o\u00f9 les rois ont fait face aux d\u00e9fis de sant\u00e9 et aux situations difficiles sans que la stabilit\u00e9 de l\u2019\u00c9tat ne soit \u00e9branl\u00e9e :<\/p>\n<ul style=\"text-align: justify;\" data-start=\"2230\" data-end=\"2412\">\n<li data-start=\"2230\" data-end=\"2412\">\n<p data-start=\"2232\" data-end=\"2412\">Exemple : la bataille des Trois Rois (1578), o\u00f9 le sultan Abd el-Malik mourut au combat, mais l\u2019\u00c9tat a r\u00e9ussi \u00e0 maintenir la stabilit\u00e9 de la direction et \u00e0 remporter la victoire.<\/p>\n<\/li>\n<\/ul>\n<p style=\"text-align: justify;\" data-start=\"2414\" data-end=\"2553\">Cette histoire illustre la capacit\u00e9 du Maroc \u00e0 s\u00e9parer les crises individuelles du roi de la continuit\u00e9 de l\u2019\u00c9tat et de ses institutions.<\/p>\n<h3 style=\"text-align: justify;\" data-start=\"2555\" data-end=\"2606\">Le peuple marocain et la l\u00e9gitimit\u00e9 populaire<\/h3>\n<p style=\"text-align: justify;\" data-start=\"2608\" data-end=\"2964\">Toute analyse doit tenir compte de la l\u00e9gitimit\u00e9 populaire, car le soutien du peuple marocain au roi constitue un \u00e9l\u00e9ment central de la stabilit\u00e9 de l\u2019\u00c9tat. L\u2019article fran\u00e7ais a ignor\u00e9 cet aspect, se limitant \u00e0 se concentrer sur la sant\u00e9 du roi, ce qui pourrait sugg\u00e9rer aux lecteurs non avertis que la monarchie est en danger, une description trompeuse.<\/p>\n<h3 style=\"text-align: justify;\" data-start=\"2966\" data-end=\"2982\">Conclusion<\/h3>\n<p style=\"text-align: justify;\" data-start=\"2984\" data-end=\"3390\">Ce que Le Monde a publi\u00e9 s\u2019inscrit dans un sch\u00e9ma d\u2019exag\u00e9rations et d\u2019analyses partielles, qui n\u00e9gligent le contexte complet et les faits concrets. La maladie et les voyages ne signifient pas une absence de responsabilit\u00e9, ni ne constituent une menace pour la stabilit\u00e9 du Royaume du Maroc, qui continue \u00e0 maintenir son \u00e9quilibre politique et social et \u00e0 ex\u00e9cuter ses projets nationaux et internationaux.<\/p>\n<p style=\"text-align: justify;\" data-start=\"3392\" data-end=\"3674\"><strong data-start=\"3392\" data-end=\"3414\">Le\u00e7on principale :<\/strong> Les m\u00e9dias occidentaux doivent traiter le contexte marocain avec un professionnalisme accru et s\u2019appuyer sur les faits concrets sur le terrain, et non sur des exp\u00e9riences nationales ou personnelles ext\u00e9rieures appliqu\u00e9es \u00e0 une r\u00e9alit\u00e9 totalement diff\u00e9rente.<\/p>\n","protected":false},"excerpt":{"rendered":"<p>Le lundi 25 ao\u00fbt, le journal fran\u00e7ais Le Monde a publi\u00e9 un long article sur le roi Mohammed VI intitul\u00e9 : \u00ab Ambiance de fin de r\u00e8gne de Mohammed VI \u00bb, mettant l\u2019accent sur l\u2019\u00e9tat de sant\u00e9 du roi et ses voyages r\u00e9p\u00e9t\u00e9s, sugg\u00e9rant qu\u2019ils auraient influenc\u00e9 l\u2019exercice du pouvoir. Cependant, une lecture attentive r\u00e9v\u00e8le [&hellip;]<\/p>\n","protected":false},"author":2,"featured_media":1335,"comment_status":"open","ping_status":"open","sticky":false,"template":"","format":"standard","meta":{"footnotes":""},"categories":[28,25,49],"tags":[],"class_list":{"0":"post-1427","1":"post","2":"type-post","3":"status-publish","4":"format-standard","5":"has-post-thumbnail","7":"category-afrique","8":"category-europ","9":"category-le-maghreb"},"_links":{"self":[{"href":"https:\/\/diplomatique.ma\/fr\/wp-json\/wp\/v2\/posts\/1427","targetHints":{"allow":["GET"]}}],"collection":[{"href":"https:\/\/diplomatique.ma\/fr\/wp-json\/wp\/v2\/posts"}],"about":[{"href":"https:\/\/diplomatique.ma\/fr\/wp-json\/wp\/v2\/types\/post"}],"author":[{"embeddable":true,"href":"https:\/\/diplomatique.ma\/fr\/wp-json\/wp\/v2\/users\/2"}],"replies":[{"embeddable":true,"href":"https:\/\/diplomatique.ma\/fr\/wp-json\/wp\/v2\/comments?post=1427"}],"version-history":[{"count":1,"href":"https:\/\/diplomatique.ma\/fr\/wp-json\/wp\/v2\/posts\/1427\/revisions"}],"predecessor-version":[{"id":1428,"href":"https:\/\/diplomatique.ma\/fr\/wp-json\/wp\/v2\/posts\/1427\/revisions\/1428"}],"wp:featuredmedia":[{"embeddable":true,"href":"https:\/\/diplomatique.ma\/fr\/wp-json\/wp\/v2\/media\/1335"}],"wp:attachment":[{"href":"https:\/\/diplomatique.ma\/fr\/wp-json\/wp\/v2\/media?parent=1427"}],"wp:term":[{"taxonomy":"category","embeddable":true,"href":"https:\/\/diplomatique.ma\/fr\/wp-json\/wp\/v2\/categories?post=1427"},{"taxonomy":"post_tag","embeddable":true,"href":"https:\/\/diplomatique.ma\/fr\/wp-json\/wp\/v2\/tags?post=1427"}],"curies":[{"name":"wp","href":"https:\/\/api.w.org\/{rel}","templated":true}]}}