{"id":1477,"date":"2025-09-23T06:52:50","date_gmt":"2025-09-23T06:52:50","guid":{"rendered":"https:\/\/diplomatique.ma\/fr\/?p=1477"},"modified":"2025-09-23T12:55:02","modified_gmt":"2025-09-23T12:55:02","slug":"reconnaissance-de-letat-palestinien-geste-symbolique-ou-tournant-strategique","status":"publish","type":"post","link":"https:\/\/diplomatique.ma\/fr\/reconnaissance-de-letat-palestinien-geste-symbolique-ou-tournant-strategique\/","title":{"rendered":"Reconnaissance de l\u2019\u00c9tat palestinien : geste symbolique ou tournant strat\u00e9gique ?"},"content":{"rendered":"<p style=\"text-align: justify;\" data-start=\"249\" data-end=\"710\">Dans une sc\u00e8ne qualifi\u00e9e d\u2019historique, la France, la Belgique, le Luxembourg, Malte, Monaco et Andorre ont annonc\u00e9 leur reconnaissance officielle de l\u2019\u00c9tat de Palestine, au lendemain de d\u00e9cisions similaires du Royaume-Uni, du Canada, de l\u2019Australie et du Portugal. Cette vague coordonn\u00e9e de reconnaissances, intervenue lors de la conf\u00e9rence sur la \u00ab solution \u00e0 deux \u00c9tats \u00bb \u00e0 l\u2019ONU \u00e0 New York, a remis la question palestinienne au c\u0153ur du d\u00e9bat international.<\/p>\n<div class=\"youtube-embed\" data-video_id=\"UaCk7T0h7hQ\"><iframe loading=\"lazy\" title=\"\u0627\u0644\u0631\u0626\u064a\u0633 \u0627\u0644\u0641\u0631\u0646\u0633\u064a: \u0648\u0641\u0627\u0621 \u0644\u0627\u0644\u062a\u0632\u0627\u0645 \u0628\u0644\u0627\u062f\u064a \u0627\u0644\u062a\u0627\u0631\u064a\u062e\u064a \u0641\u064a \u0627\u0644\u0634\u0631\u0642 \u0627\u0644\u0623\u0648\u0633\u0637 \u0623\u0639\u0644\u0646 \u0627\u0639\u062a\u0631\u0627\u0641 \u0641\u0631\u0646\u0633\u0627 \u0628\u062f\u0648\u0644\u0629 \u0641\u0644\u0633\u0637\u064a\u0646\" width=\"696\" height=\"392\" src=\"https:\/\/www.youtube.com\/embed\/UaCk7T0h7hQ?feature=oembed&#038;enablejsapi=1\" frameborder=\"0\" allow=\"accelerometer; autoplay; clipboard-write; encrypted-media; gyroscope; picture-in-picture; web-share\" referrerpolicy=\"strict-origin-when-cross-origin\" allowfullscreen><\/iframe><\/div>\n<p style=\"text-align: justify;\" data-start=\"712\" data-end=\"1029\">Mais entre les applaudissements entendus dans l\u2019h\u00e9micycle onusien et le sang vers\u00e9 depuis pr\u00e8s de deux ans dans la bande de Gaza, une question s\u2019impose : cette reconnaissance peut-elle r\u00e9ellement changer la donne, ou n\u2019est-elle qu\u2019un baume destin\u00e9 \u00e0 soulager la conscience occidentale face aux images de massacres ?<\/p>\n<h3 style=\"text-align: justify;\" data-start=\"1031\" data-end=\"1080\">Une reconnaissance sans leviers de pression<\/h3>\n<p style=\"text-align: justify;\" data-start=\"1081\" data-end=\"1464\">Le pr\u00e9sident Emmanuel Macron a affirm\u00e9 que la France ne pouvait plus diff\u00e9rer ce geste, tout en d\u00e9non\u00e7ant l\u2019\u00e9chec collectif \u00e0 instaurer une paix juste. Mais aucun signal concret n\u2019a \u00e9t\u00e9 donn\u00e9 en termes de sanctions, de conditionnalit\u00e9s \u00e9conomiques ou de pression diplomatique sur Isra\u00ebl. Quelle valeur a cette reconnaissance si elle ne s\u2019accompagne d\u2019aucun m\u00e9canisme contraignant ?<\/p>\n<h3 style=\"text-align: justify;\" data-start=\"1466\" data-end=\"1522\">Le geste comme calmant pour les opinions publiques<\/h3>\n<p style=\"text-align: justify;\" data-start=\"1523\" data-end=\"1876\">Ces initiatives traduisent \u00e9galement une r\u00e9ponse aux mobilisations populaires. En Europe, des mairies ont hiss\u00e9 le drapeau palestinien, et des manifestations massives d\u00e9noncent le \u00ab g\u00e9nocide \u00bb \u00e0 Gaza. On peut alors se demander si ce geste vise avant tout \u00e0 apaiser les col\u00e8res internes plut\u00f4t qu\u2019\u00e0 bouleverser l\u2019\u00e9quilibre strat\u00e9gique au Proche-Orient.<\/p>\n<h3 style=\"text-align: justify;\" data-start=\"1878\" data-end=\"1927\">Une Palestine fragment\u00e9e, une unit\u00e9 absente<\/h3>\n<p style=\"text-align: justify;\" data-start=\"1928\" data-end=\"2273\">Les capitales europ\u00e9ennes insistent sur le r\u00f4le exclusif de l\u2019Autorit\u00e9 palestinienne, excluant de facto le Hamas de toute perspective \u00e9tatique. Mais peut-on b\u00e2tir un \u00c9tat sur une terre divis\u00e9e et assi\u00e9g\u00e9e ? N\u2019assistons-nous pas \u00e0 la construction d\u2019une entit\u00e9 sur mesure, conforme aux attentes occidentales, mais \u00e9loign\u00e9e des r\u00e9alit\u00e9s locales ?<\/p>\n<h3 style=\"text-align: justify;\" data-start=\"2275\" data-end=\"2308\">Isra\u00ebl en posture offensive<\/h3>\n<p style=\"text-align: justify;\" data-start=\"2309\" data-end=\"2685\">Le rejet isra\u00e9lien fut imm\u00e9diat : \u00ab Pas d\u2019\u00c9tat palestinien \u00bb, a martel\u00e9 Benjamin Netanyahou, tandis que des ministres r\u00e9clamaient l\u2019annexion totale de la Cisjordanie. Ce durcissement illustre les limites d\u2019un geste europ\u00e9en non suivi d\u2019actions concr\u00e8tes. Loin d\u2019infl\u00e9chir la position isra\u00e9lienne, la reconnaissance pourrait paradoxalement nourrir davantage d\u2019intransigeance.<\/p>\n<h3 style=\"text-align: justify;\" data-start=\"2687\" data-end=\"2740\">L\u2019Europe entre marginalisation et qu\u00eate de r\u00f4le<\/h3>\n<p style=\"text-align: justify;\" data-start=\"2741\" data-end=\"3067\">Cette s\u00e9quence r\u00e9v\u00e8le aussi une volont\u00e9 europ\u00e9enne de peser \u00e0 nouveau dans le dossier, face \u00e0 une h\u00e9g\u00e9monie am\u00e9ricaine persistante. Mais l\u2019absence de Washington et de Tel-Aviv lors de la conf\u00e9rence souligne la port\u00e9e limit\u00e9e de cette d\u00e9marche. L\u2019Europe veut exister diplomatiquement, mais reste tributaire du veto am\u00e9ricain.<\/p>\n<h3 style=\"text-align: justify;\" data-start=\"3069\" data-end=\"3111\">Risque de devenir un alibi politique<\/h3>\n<p style=\"text-align: justify;\" data-start=\"3112\" data-end=\"3418\">Le danger est clair : une reconnaissance sans pouvoir r\u00e9el pourrait ent\u00e9riner une situation absurde \u2014 un \u00c9tat reconnu, mais sans souverainet\u00e9, sans fronti\u00e8res, sans ressources. Une reconnaissance qui se transformerait en caution politique au statu quo, au lieu de repr\u00e9senter une avanc\u00e9e vers la justice.<\/p>\n<h3 style=\"text-align: justify;\" data-start=\"3420\" data-end=\"3470\">Quelles \u00e9tapes pour d\u00e9passer le symbolique ?<\/h3>\n<p style=\"text-align: justify;\" data-start=\"3471\" data-end=\"3547\">Pour ne pas rester lettre morte, cette reconnaissance doit s\u2019accompagner :<\/p>\n<ul style=\"text-align: justify;\" data-start=\"3548\" data-end=\"4018\">\n<li data-start=\"3548\" data-end=\"3612\">\n<p data-start=\"3550\" data-end=\"3612\">de <strong data-start=\"3553\" data-end=\"3586\">sanctions \u00e9conomiques cibl\u00e9es<\/strong> contre la colonisation,<\/p>\n<\/li>\n<li data-start=\"3613\" data-end=\"3725\">\n<p data-start=\"3615\" data-end=\"3725\">de <strong data-start=\"3618\" data-end=\"3653\">pressions diplomatiques r\u00e9elles<\/strong> via des rappels d\u2019ambassadeurs et une baisse du niveau des relations,<\/p>\n<\/li>\n<li data-start=\"3726\" data-end=\"3810\">\n<p data-start=\"3728\" data-end=\"3810\">de <strong data-start=\"3731\" data-end=\"3775\">soutien aux juridictions internationales<\/strong> pour juger les crimes de guerre,<\/p>\n<\/li>\n<li data-start=\"3811\" data-end=\"3883\">\n<p data-start=\"3813\" data-end=\"3883\">de <strong data-start=\"3816\" data-end=\"3843\">financement structurant<\/strong> pour les institutions palestiniennes,<\/p>\n<\/li>\n<li data-start=\"3884\" data-end=\"3938\">\n<p data-start=\"3886\" data-end=\"3938\">de <strong data-start=\"3889\" data-end=\"3935\">protection du tissu associatif palestinien<\/strong>,<\/p>\n<\/li>\n<li data-start=\"3939\" data-end=\"4018\">\n<p data-start=\"3941\" data-end=\"4018\">et d\u2019un <strong data-start=\"3949\" data-end=\"3977\">large front multilat\u00e9ral<\/strong> redonnant sens au droit international.<\/p>\n<\/li>\n<\/ul>\n<h3 style=\"text-align: justify;\" data-start=\"4020\" data-end=\"4036\">Conclusion<\/h3>\n<p style=\"text-align: justify;\" data-start=\"4037\" data-end=\"4345\">Reconna\u00eetre la Palestine est un premier pas, n\u00e9cessaire mais insuffisant. Sans mesures concr\u00e8tes, ce geste risque de n\u2019\u00eatre qu\u2019un symbole creux. L\u2019histoire jugera si cette reconnaissance ouvre r\u00e9ellement un chemin vers un \u00c9tat viable, ou si elle restera un chapitre protocolaire dans les archives de l\u2019ONU.<\/p>\n","protected":false},"excerpt":{"rendered":"<p>Dans une sc\u00e8ne qualifi\u00e9e d\u2019historique, la France, la Belgique, le Luxembourg, Malte, Monaco et Andorre ont annonc\u00e9 leur reconnaissance officielle de l\u2019\u00c9tat de Palestine, au lendemain de d\u00e9cisions similaires du Royaume-Uni, du Canada, de l\u2019Australie et du Portugal. Cette vague coordonn\u00e9e de reconnaissances, intervenue lors de la conf\u00e9rence sur la \u00ab solution \u00e0 deux \u00c9tats [&hellip;]<\/p>\n","protected":false},"author":2,"featured_media":1478,"comment_status":"open","ping_status":"open","sticky":false,"template":"","format":"standard","meta":{"footnotes":""},"categories":[28,34,25,49,29,44],"tags":[],"class_list":{"0":"post-1477","1":"post","2":"type-post","3":"status-publish","4":"format-standard","5":"has-post-thumbnail","7":"category-afrique","8":"category-amerique-centrale","9":"category-europ","10":"category-le-maghreb","11":"category-moyen-orient","12":"category-video"},"_links":{"self":[{"href":"https:\/\/diplomatique.ma\/fr\/wp-json\/wp\/v2\/posts\/1477","targetHints":{"allow":["GET"]}}],"collection":[{"href":"https:\/\/diplomatique.ma\/fr\/wp-json\/wp\/v2\/posts"}],"about":[{"href":"https:\/\/diplomatique.ma\/fr\/wp-json\/wp\/v2\/types\/post"}],"author":[{"embeddable":true,"href":"https:\/\/diplomatique.ma\/fr\/wp-json\/wp\/v2\/users\/2"}],"replies":[{"embeddable":true,"href":"https:\/\/diplomatique.ma\/fr\/wp-json\/wp\/v2\/comments?post=1477"}],"version-history":[{"count":1,"href":"https:\/\/diplomatique.ma\/fr\/wp-json\/wp\/v2\/posts\/1477\/revisions"}],"predecessor-version":[{"id":1479,"href":"https:\/\/diplomatique.ma\/fr\/wp-json\/wp\/v2\/posts\/1477\/revisions\/1479"}],"wp:featuredmedia":[{"embeddable":true,"href":"https:\/\/diplomatique.ma\/fr\/wp-json\/wp\/v2\/media\/1478"}],"wp:attachment":[{"href":"https:\/\/diplomatique.ma\/fr\/wp-json\/wp\/v2\/media?parent=1477"}],"wp:term":[{"taxonomy":"category","embeddable":true,"href":"https:\/\/diplomatique.ma\/fr\/wp-json\/wp\/v2\/categories?post=1477"},{"taxonomy":"post_tag","embeddable":true,"href":"https:\/\/diplomatique.ma\/fr\/wp-json\/wp\/v2\/tags?post=1477"}],"curies":[{"name":"wp","href":"https:\/\/api.w.org\/{rel}","templated":true}]}}