{"id":1501,"date":"2025-10-19T20:20:32","date_gmt":"2025-10-19T20:20:32","guid":{"rendered":"https:\/\/diplomatique.ma\/fr\/?p=1501"},"modified":"2025-10-19T20:20:32","modified_gmt":"2025-10-19T20:20:32","slug":"orientations-elevees-de-sa-majeste-le-roi-mohammed-vi-lors-du-conseil-ministeriel-au-palais-royal-general-de-lismama-dans-la-capitale-rabat-lecture-analytique-du-projet-de-loi-de-f","status":"publish","type":"post","link":"https:\/\/diplomatique.ma\/fr\/orientations-elevees-de-sa-majeste-le-roi-mohammed-vi-lors-du-conseil-ministeriel-au-palais-royal-general-de-lismama-dans-la-capitale-rabat-lecture-analytique-du-projet-de-loi-de-f\/","title":{"rendered":"Orientations \u00e9lev\u00e9es de Sa Majest\u00e9 le Roi Mohammed VI lors du Conseil minist\u00e9riel au Palais Royal G\u00e9n\u00e9ral de l\u2019Isma\u2019ma dans la capitale Rabat : Lecture analytique du projet de loi de finances 2026"},"content":{"rendered":"<p style=\"text-align: justify;\" data-start=\"169\" data-end=\"307\"><strong data-start=\"169\" data-end=\"305\">Un conseil minist\u00e9riel exceptionnel entre d\u00e9fis \u00e9conomiques et enjeux sociaux : lecture analytique du projet de loi de finances 2026<\/strong><\/p>\n<p style=\"text-align: justify;\" data-start=\"309\" data-end=\"948\">Le dimanche 19 octobre 2025 n\u2019\u00e9tait pas un jour ordinaire au <strong data-start=\"370\" data-end=\"415\">Palais Royal G\u00e9n\u00e9ral de Rabat<\/strong> ; il constituait plut\u00f4t une \u00e9tape de r\u00e9flexion sur le parcours de l\u2019\u00c9tat, sur la mani\u00e8re dont les hautes autorit\u00e9s interagissent avec les d\u00e9fis \u00e9conomiques, sociaux et politiques simultan\u00e9ment. Sous la haute pr\u00e9sidence de <strong data-start=\"638\" data-end=\"671\">Sa Majest\u00e9 le Roi Mohammed VI<\/strong>, un conseil minist\u00e9riel s\u2019est r\u00e9uni pour examiner les orientations g\u00e9n\u00e9rales du projet de loi de finances pour l\u2019ann\u00e9e 2026, plusieurs projets de lois organiques, deux d\u00e9crets militaires, ainsi qu\u2019un ensemble d\u2019accords internationaux et de nominations aux postes sup\u00e9rieurs.<\/p>\n<p style=\"text-align: justify;\" data-start=\"950\" data-end=\"1670\">Au c\u0153ur de cette r\u00e9union, la pr\u00e9sentation de la Ministre de l\u2019\u00c9conomie et des Finances n\u2019\u00e9tait pas une simple \u00e9num\u00e9ration de chiffres et de statistiques. Elle constituait une lecture prospective du parcours \u00e9conomique national dans un monde marqu\u00e9 par l\u2019incertitude : une croissance pr\u00e9vue de 4,8 %, une inflation limit\u00e9e \u00e0 1,1 %, et un d\u00e9ficit budg\u00e9taire ma\u00eetris\u00e9 \u00e0 hauteur de 3,5 % du PIB. Ces indicateurs ne traduisent pas uniquement une r\u00e9ussite technique, mais r\u00e9v\u00e8lent la capacit\u00e9 du Maroc \u00e0 \u00e9quilibrer la dynamique productive interne et la ma\u00eetrise des variables externes. Mais la question se pose : ces chiffres suffiront-ils \u00e0 absorber les chocs \u00e0 venir, ou l\u2019\u00c9tat \u00e9volue-t-il sur une ligne de cr\u00eate fragile ?<\/p>\n<p style=\"text-align: justify;\" data-start=\"1672\" data-end=\"2370\"><strong data-start=\"1672\" data-end=\"1757\">Les priorit\u00e9s du projet de loi : entre \u00e9conomie nationale et justice territoriale<\/strong><br data-start=\"1757\" data-end=\"1760\" \/>Le projet repose sur quatre priorit\u00e9s majeures. La premi\u00e8re consiste \u00e0 consolider les acquis \u00e9conomiques et renforcer la position du Maroc parmi les pays \u00e9mergents. L\u2019accent mis sur l\u2019investissement priv\u00e9, l\u2019hydrog\u00e8ne vert et le soutien aux tr\u00e8s petites, petites et moyennes entreprises place l\u2019emploi et la justice territoriale au c\u0153ur de l\u2019agenda \u00e9conomique. La question essentielle demeure : ces investissements et programmes de soutien pour la jeunesse et les femmes pourront-ils redessiner la carte de l\u2019emploi dans les zones vuln\u00e9rables, ou les disparit\u00e9s r\u00e9gionales resteront-elles un d\u00e9fi permanent ?<\/p>\n<p style=\"text-align: justify;\" data-start=\"2372\" data-end=\"2815\">La deuxi\u00e8me priorit\u00e9 concerne la nouvelle g\u00e9n\u00e9ration de programmes de d\u00e9veloppement territorial int\u00e9gr\u00e9, visant \u00e0 renforcer les sp\u00e9cificit\u00e9s locales et la r\u00e9gionalisation avanc\u00e9e. L\u2019humain est plac\u00e9 au centre de ce d\u00e9veloppement. Mais ces projets ambitieux pourront-ils r\u00e9ellement cr\u00e9er un \u00e9quilibre entre r\u00e9gions riches et r\u00e9gions marginalis\u00e9es ? Et le citoyen lambda percevra-t-il concr\u00e8tement les effets de ces politiques sur le terrain ?<\/p>\n<p style=\"text-align: justify;\" data-start=\"2817\" data-end=\"3286\"><strong data-start=\"2817\" data-end=\"2884\">Troisi\u00e8mement, l\u2019\u00c9tat social : protection, soutien et inclusion<\/strong><br data-start=\"2884\" data-end=\"2887\" \/>La poursuite du chantier de g\u00e9n\u00e9ralisation de la protection sociale et le soutien financier aux familles traduisent une vision royale \u00e9lev\u00e9e de l\u2019\u00c9tat social. Mais l\u00e0 encore, la question se pose : ces mesures suffiront-elles \u00e0 surmonter les in\u00e9galit\u00e9s sociales profondes, ou ne sont-elles que le d\u00e9but d\u2019un long parcours n\u00e9cessitant une r\u00e9flexion continue sur l\u2019efficacit\u00e9 des programmes sociaux ?<\/p>\n<p style=\"text-align: justify;\" data-start=\"3288\" data-end=\"3784\"><strong data-start=\"3288\" data-end=\"3398\">Quatri\u00e8mement, les r\u00e9formes structurelles : vers une gouvernance rigoureuse et une transparence financi\u00e8re<\/strong><br data-start=\"3398\" data-end=\"3401\" \/>Les r\u00e9formes li\u00e9es \u00e0 la loi organique relative \u00e0 la loi de finances et \u00e0 la restructuration des institutions et entreprises publiques repr\u00e9sentent une tentative de mettre en place un nouveau mod\u00e8le de gouvernance. Mais le d\u00e9fi reste l\u2019ex\u00e9cution : comment obtenir les r\u00e9sultats escompt\u00e9s dans un environnement administratif et \u00e9conomique complexe et parfois r\u00e9ticent au changement ?<\/p>\n<p style=\"text-align: justify;\" data-start=\"3786\" data-end=\"4418\"><strong data-start=\"3786\" data-end=\"3857\">Lois organiques et d\u00e9crets militaires : b\u00e2tir l\u2019\u00c9tat de l\u2019int\u00e9rieur<\/strong><br data-start=\"3857\" data-end=\"3860\" \/>Les projets de lois concernant la Chambre des repr\u00e9sentants et les partis politiques refl\u00e8tent la volont\u00e9 de renforcer la transparence, d\u2019encourager la participation des jeunes et des femmes, et de consolider les institutions. Les deux d\u00e9crets militaires visent quant \u00e0 eux \u00e0 garantir l\u2019efficacit\u00e9 des appareils de d\u00e9fense et \u00e0 moderniser le syst\u00e8me de sant\u00e9 militaire. La question fondamentale : ces r\u00e9formes institutionnelles majeures pourront-elles se concr\u00e9tiser sur le terrain assez rapidement pour accompagner les dynamiques sociales et \u00e9conomiques ?<\/p>\n<p style=\"text-align: justify;\" data-start=\"4420\" data-end=\"4981\"><strong data-start=\"4420\" data-end=\"4514\">Nominations et accords internationaux : signes de continuit\u00e9 et positionnement strat\u00e9gique<\/strong><br data-start=\"4514\" data-end=\"4517\" \/>Les nouvelles nominations des Walis, gouverneurs et du pr\u00e9sident de l\u2019Autorit\u00e9 marocaine du march\u00e9 des capitaux, associ\u00e9es \u00e0 la ratification d\u2019accords internationaux, traduisent la volont\u00e9 de l\u2019\u00c9tat de lier les r\u00e9formes internes \u00e0 son positionnement strat\u00e9gique externe. Mais ces initiatives suffiront-elles \u00e0 renforcer la confiance des citoyens et des investisseurs ? Le Maroc pourra-t-il transformer ces politiques en outils de d\u00e9veloppement durable effectif ?<\/p>\n<p style=\"text-align: justify;\" data-start=\"4983\" data-end=\"5488\">En fin de compte, ce conseil minist\u00e9riel d\u00e9passe le simple expos\u00e9 de chiffres et de d\u00e9crets : il constitue un moment de r\u00e9flexion sur l\u2019\u00e9quilibre entre la <strong data-start=\"5138\" data-end=\"5164\">guidance royale \u00e9lev\u00e9e<\/strong>, les m\u00e9canismes de l\u2019\u00c9tat et les attentes des citoyens. Entre documents officiels et statistiques, entre chiffres et r\u00e9alit\u00e9 humaine, la question reste ouverte : le projet de loi de finances 2026 sera-t-il un v\u00e9ritable tournant pour le d\u00e9veloppement national, ou un cadre r\u00e9glementaire confront\u00e9 \u00e0 la complexit\u00e9 du r\u00e9el ?<\/p>\n","protected":false},"excerpt":{"rendered":"<p>Un conseil minist\u00e9riel exceptionnel entre d\u00e9fis \u00e9conomiques et enjeux sociaux : lecture analytique du projet de loi de finances 2026 Le dimanche 19 octobre 2025 n\u2019\u00e9tait pas un jour ordinaire au Palais Royal G\u00e9n\u00e9ral de Rabat ; il constituait plut\u00f4t une \u00e9tape de r\u00e9flexion sur le parcours de l\u2019\u00c9tat, sur la mani\u00e8re dont les hautes [&hellip;]<\/p>\n","protected":false},"author":2,"featured_media":1502,"comment_status":"open","ping_status":"open","sticky":false,"template":"","format":"standard","meta":{"footnotes":""},"categories":[48,28,49],"tags":[],"class_list":{"0":"post-1501","1":"post","2":"type-post","3":"status-publish","4":"format-standard","5":"has-post-thumbnail","7":"category-activites-royales","8":"category-afrique","9":"category-le-maghreb"},"_links":{"self":[{"href":"https:\/\/diplomatique.ma\/fr\/wp-json\/wp\/v2\/posts\/1501","targetHints":{"allow":["GET"]}}],"collection":[{"href":"https:\/\/diplomatique.ma\/fr\/wp-json\/wp\/v2\/posts"}],"about":[{"href":"https:\/\/diplomatique.ma\/fr\/wp-json\/wp\/v2\/types\/post"}],"author":[{"embeddable":true,"href":"https:\/\/diplomatique.ma\/fr\/wp-json\/wp\/v2\/users\/2"}],"replies":[{"embeddable":true,"href":"https:\/\/diplomatique.ma\/fr\/wp-json\/wp\/v2\/comments?post=1501"}],"version-history":[{"count":1,"href":"https:\/\/diplomatique.ma\/fr\/wp-json\/wp\/v2\/posts\/1501\/revisions"}],"predecessor-version":[{"id":1503,"href":"https:\/\/diplomatique.ma\/fr\/wp-json\/wp\/v2\/posts\/1501\/revisions\/1503"}],"wp:featuredmedia":[{"embeddable":true,"href":"https:\/\/diplomatique.ma\/fr\/wp-json\/wp\/v2\/media\/1502"}],"wp:attachment":[{"href":"https:\/\/diplomatique.ma\/fr\/wp-json\/wp\/v2\/media?parent=1501"}],"wp:term":[{"taxonomy":"category","embeddable":true,"href":"https:\/\/diplomatique.ma\/fr\/wp-json\/wp\/v2\/categories?post=1501"},{"taxonomy":"post_tag","embeddable":true,"href":"https:\/\/diplomatique.ma\/fr\/wp-json\/wp\/v2\/tags?post=1501"}],"curies":[{"name":"wp","href":"https:\/\/api.w.org\/{rel}","templated":true}]}}