{"id":1504,"date":"2025-10-20T17:02:58","date_gmt":"2025-10-20T17:02:58","guid":{"rendered":"https:\/\/diplomatique.ma\/fr\/?p=1504"},"modified":"2025-10-20T20:04:26","modified_gmt":"2025-10-20T20:04:26","slug":"soixante-jours-pour-changer-le-visage-du-grand-maghreb-washington-met-a-lepreuve-la-reconciliation-impossible-entre-le-maroc-et-lalgerie","status":"publish","type":"post","link":"https:\/\/diplomatique.ma\/fr\/soixante-jours-pour-changer-le-visage-du-grand-maghreb-washington-met-a-lepreuve-la-reconciliation-impossible-entre-le-maroc-et-lalgerie\/","title":{"rendered":"Soixante jours pour changer le visage du Grand Maghreb : Washington met \u00e0 l\u2019\u00e9preuve la r\u00e9conciliation impossible entre le Maroc et l\u2019Alg\u00e9rie"},"content":{"rendered":"<p style=\"text-align: justify;\" data-start=\"311\" data-end=\"845\">\u00c0 l\u2019heure o\u00f9 les cartes du Moyen-Orient se redessinent \u00e0 une vitesse vertigineuse, l\u2019apparition de <strong data-start=\"410\" data-end=\"427\">Steve Witkoff<\/strong>, \u00e9missaire de l\u2019ancien pr\u00e9sident am\u00e9ricain <strong data-start=\"471\" data-end=\"487\">Donald Trump<\/strong>, aux c\u00f4t\u00e9s de <strong data-start=\"502\" data-end=\"519\">Jared Kushner<\/strong>, sur la cha\u00eene <em data-start=\"535\" data-end=\"540\">CBS<\/em>, a provoqu\u00e9 la surprise. Leur annonce ? Un <strong data-start=\"584\" data-end=\"651\">accord de paix entre le Maroc et l\u2019Alg\u00e9rie d\u2019ici soixante jours<\/strong>.<\/p>\n<blockquote class=\"twitter-tweet\" data-width=\"550\" data-dnt=\"true\">\n<p lang=\"fr\" dir=\"ltr\">\ud83c\uddfa\ud83c\uddf8\ud83c\uddf2\ud83c\udde6\ud83c\udde9\ud83c\uddff<a href=\"https:\/\/twitter.com\/hashtag\/FLASH?src=hash&amp;ref_src=twsrc%5Etfw\">#FLASH<\/a>| Steve Witkoff et Jared Kushner annoncent un accord de paix imminent entre le Maroc et l&#39;Alg\u00e9rie.<\/p>\n<p>L&#39;envoy\u00e9 sp\u00e9cial de Trump au Moyen-Orient, Steve Witkoff, d\u00e9clare que son \u00ab \u00e9quipe travaille sur un accord de paix entre le Maroc et l&#39;Alg\u00e9rie en ce moment. Il y aura\u2026 <a href=\"https:\/\/t.co\/KK2B9p9iqz\">pic.twitter.com\/KK2B9p9iqz<\/a><\/p>\n<p>&mdash; Morocco Intel (@MoroccoIntel) <a href=\"https:\/\/twitter.com\/MoroccoIntel\/status\/1980109968624787919?ref_src=twsrc%5Etfw\">October 20, 2025<\/a><\/p><\/blockquote>\n<p><script async src=\"https:\/\/platform.twitter.com\/widgets.js\" charset=\"utf-8\"><\/script><\/p>\n<p style=\"text-align: justify;\" data-start=\"311\" data-end=\"845\">Mais s\u2019agit-il d\u2019une simple initiative h\u00e9rit\u00e9e de la diplomatie transactionnelle de Trump, ou du signe avant-coureur d\u2019un changement profond dans la strat\u00e9gie am\u00e9ricaine en Afrique du Nord ?<\/p>\n<p style=\"text-align: justify;\" data-start=\"847\" data-end=\"1340\">Le choix du moment n\u2019est pas anodin. Au lendemain du cessez-le-feu \u00e0 Gaza, Witkoff \u00e9voque un \u00ab contagion de la paix \u00bb. Une formule charg\u00e9e de symboles : la paix, apr\u00e8s des d\u00e9cennies de rivalit\u00e9s, deviendrait-elle r\u00e9ellement contagieuse ?<\/p>\n<p style=\"text-align: justify;\" data-start=\"847\" data-end=\"1340\">Nous entrons dans une phase o\u00f9 les relations se reconfigurent au gr\u00e9 de nouvelles \u00e9quations r\u00e9gionales, alors que <strong data-start=\"1201\" data-end=\"1215\">Washington<\/strong> tente de renforcer son empreinte dans un espace historiquement per\u00e7u comme <strong data-start=\"1291\" data-end=\"1322\">zone d\u2019influence europ\u00e9enne<\/strong>, voire fran\u00e7aise.<\/p>\n<p style=\"text-align: justify;\" data-start=\"1342\" data-end=\"2116\">Cette d\u00e9claration s\u2019inscrit dans un contexte pr\u00e9cis : <strong data-start=\"1396\" data-end=\"1422\">le Conseil de s\u00e9curit\u00e9<\/strong> s\u2019appr\u00eate \u00e0 examiner, fin octobre, <strong data-start=\"1458\" data-end=\"1518\">un projet de r\u00e9solution am\u00e9ricain sur le Sahara marocain<\/strong>, d\u00e9crit comme \u00ab le plus audacieux depuis quarante ans \u00bb.<\/p>\n<p style=\"text-align: justify;\" data-start=\"1342\" data-end=\"2116\">Le texte pr\u00e9voit un <strong data-start=\"1598\" data-end=\"1618\">calendrier clair<\/strong>, fixant <strong data-start=\"1627\" data-end=\"1643\">janvier 2026<\/strong> comme \u00e9ch\u00e9ance pour parvenir \u00e0 une solution politique d\u00e9finitive, bas\u00e9e sur <strong data-start=\"1720\" data-end=\"1752\">le plan d\u2019autonomie marocain<\/strong> \u2014 pr\u00e9sent\u00e9 comme la voie la plus r\u00e9aliste et cr\u00e9dible \u2014 tout en maintenant le principe d\u2019autod\u00e9termination dans une formule conciliant l\u00e9galit\u00e9 internationale et pragmatisme diplomatique. La correspondance temporelle entre ce calendrier et les \u00ab 60 jours \u00bb annonc\u00e9s par Witkoff n\u2019a rien d\u2019un hasard : les deux discours se r\u00e9pondent et tracent la m\u00eame direction.<\/p>\n<p style=\"text-align: justify;\" data-start=\"2118\" data-end=\"2531\">Ainsi, l\u2019Am\u00e9rique ne se contente plus d\u2019observer \u2014 elle <strong data-start=\"2174\" data-end=\"2227\">recompose l\u2019architecture des \u00e9quilibres r\u00e9gionaux<\/strong>.<br data-start=\"2228\" data-end=\"2231\" \/>Les propos de <strong data-start=\"2245\" data-end=\"2262\">Mossad Boulos<\/strong>, conseiller pr\u00e9sidentiel, depuis Charm el-Cheikh, sur l\u2019ouverture prochaine d\u2019un <strong data-start=\"2344\" data-end=\"2390\">consulat am\u00e9ricain dans le Sahara marocain<\/strong> \u2014 affirmant clairement que \u00ab c\u2019est le Sahara marocain \u00bb \u2014 confirment cette orientation : la politique am\u00e9ricaine ne tol\u00e8re plus l\u2019ambigu\u00eft\u00e9.<\/p>\n<p style=\"text-align: justify;\" data-start=\"2533\" data-end=\"2943\">Washington rejoint ainsi <strong data-start=\"2558\" data-end=\"2578\">Paris et Londres<\/strong>, qui consid\u00e8rent l\u2019initiative marocaine comme la base la plus cr\u00e9dible de r\u00e8glement.<\/p>\n<p style=\"text-align: justify;\" data-start=\"2533\" data-end=\"2943\">Quant \u00e0 <strong data-start=\"2674\" data-end=\"2684\">Madrid<\/strong>, elle persiste dans une diplomatie d\u2019\u00e9quilibriste, oscillant entre le soutien affirm\u00e9 \u00e0 Rabat depuis 2022 et la prudence face \u00e0 Alger.<\/p>\n<p style=\"text-align: justify;\" data-start=\"2533\" data-end=\"2943\">Nous assistons \u00e0 <strong data-start=\"2839\" data-end=\"2885\">une nouvelle \u00e9quation euro-m\u00e9diterran\u00e9enne<\/strong>, plus r\u00e9aliste, mais d\u00e9sormais sous <strong data-start=\"2922\" data-end=\"2942\">regard am\u00e9ricain<\/strong>.<\/p>\n<p style=\"text-align: justify;\" data-start=\"2945\" data-end=\"3517\">Derri\u00e8re cette dynamique, une question demeure : Trump cherche-t-il, par ses hommes, \u00e0 <strong data-start=\"3032\" data-end=\"3077\">imprimer sa marque sur le futur maghr\u00e9bin<\/strong> ? Le d\u00e9bat d\u00e9passe la simple g\u00e9opolitique pour toucher \u00e0 <strong data-start=\"3137\" data-end=\"3192\">une volont\u00e9 r\u00e9gionale de red\u00e9finir la \u201cd\u00e9sescalade\u201d<\/strong>.<\/p>\n<p style=\"text-align: justify;\" data-start=\"2945\" data-end=\"3517\">Depuis la rupture des relations en 2021, le silence entre Rabat et Alger semblait fig\u00e9. Mais les allusions de Witkoff \u00e0 des <strong data-start=\"3320\" data-end=\"3353\">canaux diplomatiques discrets<\/strong> ravivent l\u2019id\u00e9e d\u2019un rapprochement en gestation. Faut-il y voir le pr\u00e9lude d\u2019une <strong data-start=\"3437\" data-end=\"3461\">vraie r\u00e9conciliation<\/strong>, ou une <strong data-start=\"3470\" data-end=\"3515\">pause strat\u00e9gique sous pilotage am\u00e9ricain<\/strong> ?<\/p>\n<p style=\"text-align: justify;\" data-start=\"3519\" data-end=\"4053\">Ce qui se joue peut ressembler \u00e0 une <strong data-start=\"3556\" data-end=\"3600\">version maghr\u00e9bine des Accords d\u2019Abraham<\/strong>, mais sans Isra\u00ebl en vitrine. Ici, les protagonistes sont <strong data-start=\"3659\" data-end=\"3731\">deux nations s\u0153urs, unies par la g\u00e9ographie, s\u00e9par\u00e9es par la m\u00e9moire<\/strong>.<\/p>\n<p style=\"text-align: justify;\" data-start=\"3519\" data-end=\"4053\">D\u2019o\u00f9 les questions essentielles : La paix se d\u00e9cr\u00e8te-t-elle ou se construit-elle ? Les \u00c9tats-Unis peuvent-ils imposer leur logique \u00e0 un conflit dont les racines plongent dans l\u2019histoire plus que dans la politique ?<\/p>\n<p style=\"text-align: justify;\" data-start=\"3519\" data-end=\"4053\">Et le Sahara marocain deviendra-t-il, enfin, le point de d\u00e9part d\u2019un nouvel \u00e9quilibre maghr\u00e9bin ?<\/p>\n<p style=\"text-align: justify;\" data-start=\"4055\" data-end=\"4437\">Entre les mots de Witkoff, les annonces de Boulos et les d\u00e9bats du Conseil de s\u00e9curit\u00e9, la r\u00e9gion semble \u00e0 l\u2019aube d\u2019un tournant rare : <strong data-start=\"4190\" data-end=\"4242\">soit la naissance d\u2019une v\u00e9ritable r\u00e9conciliation<\/strong>, soit <strong data-start=\"4249\" data-end=\"4306\">un nouveau chapitre de \u201cpaix n\u00e9goci\u00e9e\u201d \u00e0 l\u2019am\u00e9ricaine<\/strong>.<\/p>\n<p style=\"text-align: justify;\" data-start=\"4055\" data-end=\"4437\">Dans les deux cas, une interrogation demeure : <strong data-start=\"4357\" data-end=\"4437\">qui fa\u00e7onnera l\u2019avenir du Grand Maghreb \u2014 la g\u00e9ographie ou la g\u00e9opolitique ?<\/strong><\/p>\n","protected":false},"excerpt":{"rendered":"<p>\u00c0 l\u2019heure o\u00f9 les cartes du Moyen-Orient se redessinent \u00e0 une vitesse vertigineuse, l\u2019apparition de Steve Witkoff, \u00e9missaire de l\u2019ancien pr\u00e9sident am\u00e9ricain Donald Trump, aux c\u00f4t\u00e9s de Jared Kushner, sur la cha\u00eene CBS, a provoqu\u00e9 la surprise. Leur annonce ? Un accord de paix entre le Maroc et l\u2019Alg\u00e9rie d\u2019ici soixante jours. \ud83c\uddfa\ud83c\uddf8\ud83c\uddf2\ud83c\udde6\ud83c\udde9\ud83c\uddff#FLASH| Steve Witkoff [&hellip;]<\/p>\n","protected":false},"author":2,"featured_media":1505,"comment_status":"open","ping_status":"open","sticky":false,"template":"","format":"standard","meta":{"footnotes":""},"categories":[28,34,49,29,44],"tags":[],"class_list":{"0":"post-1504","1":"post","2":"type-post","3":"status-publish","4":"format-standard","5":"has-post-thumbnail","7":"category-afrique","8":"category-amerique-centrale","9":"category-le-maghreb","10":"category-moyen-orient","11":"category-video"},"_links":{"self":[{"href":"https:\/\/diplomatique.ma\/fr\/wp-json\/wp\/v2\/posts\/1504","targetHints":{"allow":["GET"]}}],"collection":[{"href":"https:\/\/diplomatique.ma\/fr\/wp-json\/wp\/v2\/posts"}],"about":[{"href":"https:\/\/diplomatique.ma\/fr\/wp-json\/wp\/v2\/types\/post"}],"author":[{"embeddable":true,"href":"https:\/\/diplomatique.ma\/fr\/wp-json\/wp\/v2\/users\/2"}],"replies":[{"embeddable":true,"href":"https:\/\/diplomatique.ma\/fr\/wp-json\/wp\/v2\/comments?post=1504"}],"version-history":[{"count":1,"href":"https:\/\/diplomatique.ma\/fr\/wp-json\/wp\/v2\/posts\/1504\/revisions"}],"predecessor-version":[{"id":1506,"href":"https:\/\/diplomatique.ma\/fr\/wp-json\/wp\/v2\/posts\/1504\/revisions\/1506"}],"wp:featuredmedia":[{"embeddable":true,"href":"https:\/\/diplomatique.ma\/fr\/wp-json\/wp\/v2\/media\/1505"}],"wp:attachment":[{"href":"https:\/\/diplomatique.ma\/fr\/wp-json\/wp\/v2\/media?parent=1504"}],"wp:term":[{"taxonomy":"category","embeddable":true,"href":"https:\/\/diplomatique.ma\/fr\/wp-json\/wp\/v2\/categories?post=1504"},{"taxonomy":"post_tag","embeddable":true,"href":"https:\/\/diplomatique.ma\/fr\/wp-json\/wp\/v2\/tags?post=1504"}],"curies":[{"name":"wp","href":"https:\/\/api.w.org\/{rel}","templated":true}]}}