{"id":1521,"date":"2025-10-31T02:27:21","date_gmt":"2025-10-31T02:27:21","guid":{"rendered":"https:\/\/diplomatique.ma\/fr\/?p=1521"},"modified":"2025-10-31T09:30:32","modified_gmt":"2025-10-31T09:30:32","slug":"de-lautonomie-a-la-reconnaissance-internationale-lonu-approche-t-elle-de-la-fin-de-lere-dincertitude-pour-les-separatistes","status":"publish","type":"post","link":"https:\/\/diplomatique.ma\/fr\/de-lautonomie-a-la-reconnaissance-internationale-lonu-approche-t-elle-de-la-fin-de-lere-dincertitude-pour-les-separatistes\/","title":{"rendered":"De l\u2019autonomie \u00e0 la reconnaissance internationale : l\u2019ONU approche-t-elle de la fin de l\u2019\u00e8re d\u2019incertitude pour les s\u00e9paratistes ?"},"content":{"rendered":"<p style=\"text-align: justify;\" data-start=\"265\" data-end=\"831\">Il semble que le Conseil de s\u00e9curit\u00e9 des Nations unies, sur le point de voter le projet de r\u00e9solution modifi\u00e9 concernant le dossier du Sahara marocain, ouvre la voie \u00e0 un tournant qualitatif dans la mani\u00e8re dont la communaut\u00e9 internationale aborde ce conflit r\u00e9gional ancien. Le projet de r\u00e9solution, dont une version a fuit\u00e9, fait clairement r\u00e9f\u00e9rence \u00e0 <strong data-start=\"620\" data-end=\"694\">\u00ab l\u2019autonomie sous souverainet\u00e9 marocaine comme cadre de n\u00e9gociation \u00bb<\/strong>, et ne se limite pas \u00e0 un langage diplomatique neutre : il introduit une nuance qui fait de ce concept <strong data-start=\"798\" data-end=\"828\">la solution la plus viable<\/strong>.<\/p>\n<p style=\"text-align: justify;\" data-start=\"833\" data-end=\"1476\">Cette nouvelle formulation n\u2019appara\u00eet pas par hasard. Elle refl\u00e8te des d\u00e9cennies d\u2019efforts politiques et diplomatiques marocains. Depuis que le Maroc a pr\u00e9sent\u00e9 sa proposition d\u2019autonomie le 11 avril 2007, sous l\u2019\u00e9gide du Roi Mohammed VI, Rabat a adopt\u00e9 une approche r\u00e9aliste plut\u00f4t que rh\u00e9torique, fond\u00e9e sur le principe d\u2019<strong data-start=\"1157\" data-end=\"1200\">une solution pratique, durable et digne<\/strong>, garantissant la s\u00e9curit\u00e9 et le bien-\u00eatre des populations locales tout en pr\u00e9servant l\u2019unit\u00e9 territoriale. Aujourd\u2019hui, cette approche semble progressivement s\u2019imposer parmi les membres du Conseil de s\u00e9curit\u00e9, y compris ceux qui pr\u00e9f\u00e9raient jusque-l\u00e0 une formulation vague.<\/p>\n<p style=\"text-align: justify;\" data-start=\"1478\" data-end=\"1674\">Mais la question qui se pose est la suivante : <strong data-start=\"1525\" data-end=\"1672\">assistons-nous \u00e0 un v\u00e9ritable tournant de la position onusienne, ou \u00e0 une simple adaptation linguistique en fonction des \u00e9quilibres du moment ?<\/strong><\/p>\n<p style=\"text-align: justify;\" data-start=\"1676\" data-end=\"2040\">L\u2019insertion explicite de l\u2019expression <strong data-start=\"1714\" data-end=\"1768\">\u00ab l\u2019autonomie r\u00e9elle sous souverainet\u00e9 marocaine \u00bb<\/strong> dans le texte repr\u00e9sente une premi\u00e8re. Elle relie pour la premi\u00e8re fois la notion de <strong data-start=\"1854\" data-end=\"1876\">solution \u00e9quitable<\/strong> \u00e0 celle de <strong data-start=\"1888\" data-end=\"1914\">souverainet\u00e9 nationale<\/strong>, donnant au Maroc un avantage diplomatique strat\u00e9gique et d\u00e9stabilisant le discours s\u00e9paratiste qui misait sur l\u2019ambigu\u00eft\u00e9.<\/p>\n<p style=\"text-align: justify;\" data-start=\"2042\" data-end=\"2565\">Par ailleurs, le prolongement du mandat de la MINURSO jusqu\u2019en octobre 2026, combin\u00e9 \u00e0 l\u2019appel des parties \u00e0 <strong data-start=\"2151\" data-end=\"2215\">engager des n\u00e9gociations directes sans conditions pr\u00e9alables<\/strong>, traduit la volont\u00e9 de l\u2019ONU de passer de la gestion du conflit \u00e0 <strong data-start=\"2282\" data-end=\"2332\">la recherche s\u00e9rieuse d\u2019un r\u00e8glement d\u00e9finitif<\/strong>. La communaut\u00e9 internationale semble d\u00e9sormais consciente que maintenir le statu quo n\u2019est plus une option, et que le contexte r\u00e9gional \u2014 y compris les \u00e9volutions en Alg\u00e9rie et dans la zone du Sahel \u2014 impose une approche r\u00e9aliste.<\/p>\n<p style=\"text-align: justify;\" data-start=\"2567\" data-end=\"2829\">La formulation liant le <strong data-start=\"2591\" data-end=\"2649\">droit \u00e0 l\u2019autod\u00e9termination des populations sahraouies<\/strong> au cadre de l\u2019autonomie est particuli\u00e8rement ing\u00e9nieuse : elle garantit que <strong data-start=\"2726\" data-end=\"2808\">le choix d\u00e9mocratique des populations s\u2019exerce \u00e0 l\u2019int\u00e9rieur du cadre marocain<\/strong>, et non en dehors.<\/p>\n<p style=\"text-align: justify;\" data-start=\"2831\" data-end=\"2890\">Une question profonde s\u2019impose donc au lecteur attentif :<\/p>\n<blockquote data-start=\"2891\" data-end=\"3081\">\n<p data-start=\"2893\" data-end=\"3081\">Le Maroc a-t-il remport\u00e9 une victoire diplomatique, ou la communaut\u00e9 internationale commence-t-elle simplement \u00e0 s\u2019accommoder de la logique g\u00e9opolitique et de la r\u00e9alit\u00e9 sur le terrain ?<\/p>\n<\/blockquote>\n<p style=\"text-align: justify;\" data-start=\"3083\" data-end=\"3597\">Le positionnement de plusieurs pays \u2014 de Washington \u00e0 Madrid, de Berlin \u00e0 La Haye \u2014 n\u2019est pas un simple geste de courtoisie diplomatique : il refl\u00e8te la reconnaissance que <strong data-start=\"3255\" data-end=\"3394\">le Maroc est le seul acteur capable d\u2019assurer la stabilit\u00e9 r\u00e9gionale dans une zone marqu\u00e9e par l\u2019instabilit\u00e9 s\u00e9curitaire et id\u00e9ologique<\/strong>. Ainsi, la proposition d\u2019autonomie n\u2019est plus seulement une initiative marocaine, mais devient <strong data-start=\"3490\" data-end=\"3594\">un instrument international de reconstruction de la s\u00e9curit\u00e9 en M\u00e9diterran\u00e9e occidentale et au Sahel<\/strong>.<\/p>\n<p style=\"text-align: justify;\" data-start=\"3599\" data-end=\"4011\">En d\u00e9finitive, si le Conseil de s\u00e9curit\u00e9 semble d\u00e9sormais placer <strong data-start=\"3664\" data-end=\"3730\">l\u2019autonomie sous souverainet\u00e9 marocaine au centre du r\u00e8glement<\/strong>, la prochaine phase exigera de Rabat <strong data-start=\"3768\" data-end=\"3807\">une gestion habile des n\u00e9gociations<\/strong>, sachant que les victoires diplomatiques se construisent autant sur le texte que sur la capacit\u00e9 \u00e0 transformer la reconnaissance politique en r\u00e9alit\u00e9 \u00e9conomique et d\u00e9veloppementale dans le sud du pays.<\/p>\n<p style=\"text-align: justify;\" data-start=\"4013\" data-end=\"4042\">La question reste ouverte :<\/p>\n<blockquote data-start=\"4043\" data-end=\"4206\">\n<p data-start=\"4045\" data-end=\"4206\">Sommes-nous \u00e0 l\u2019aube d\u2019un tournant historique pour le Sahara, ou simplement face \u00e0 une \u00e9tape suppl\u00e9mentaire dans le jeu des \u00e9quilibres au Conseil de s\u00e9curit\u00e9 ?<\/p>\n<\/blockquote>\n<p style=\"text-align: justify;\" data-start=\"4208\" data-end=\"4508\">Ce qui est certain, c\u2019est que <strong data-start=\"4238\" data-end=\"4293\">le temps joue en faveur de la proposition marocaine<\/strong>, et que l\u2019ONU, malgr\u00e9 sa lenteur l\u00e9gendaire, commence \u00e0 percevoir que <strong data-start=\"4364\" data-end=\"4470\">la r\u00e9alit\u00e9 marocaine n\u2019est pas seulement une position politique, mais un projet de stabilit\u00e9 r\u00e9gionale<\/strong> d\u00e9passant les fronti\u00e8res du Sahara.<\/p>\n","protected":false},"excerpt":{"rendered":"<p>Il semble que le Conseil de s\u00e9curit\u00e9 des Nations unies, sur le point de voter le projet de r\u00e9solution modifi\u00e9 concernant le dossier du Sahara marocain, ouvre la voie \u00e0 un tournant qualitatif dans la mani\u00e8re dont la communaut\u00e9 internationale aborde ce conflit r\u00e9gional ancien. Le projet de r\u00e9solution, dont une version a fuit\u00e9, fait [&hellip;]<\/p>\n","protected":false},"author":2,"featured_media":1522,"comment_status":"open","ping_status":"open","sticky":false,"template":"","format":"standard","meta":{"footnotes":""},"categories":[28,40,25,49,29],"tags":[],"class_list":{"0":"post-1521","1":"post","2":"type-post","3":"status-publish","4":"format-standard","5":"has-post-thumbnail","7":"category-afrique","8":"category-afrique-m-o","9":"category-europ","10":"category-le-maghreb","11":"category-moyen-orient"},"_links":{"self":[{"href":"https:\/\/diplomatique.ma\/fr\/wp-json\/wp\/v2\/posts\/1521","targetHints":{"allow":["GET"]}}],"collection":[{"href":"https:\/\/diplomatique.ma\/fr\/wp-json\/wp\/v2\/posts"}],"about":[{"href":"https:\/\/diplomatique.ma\/fr\/wp-json\/wp\/v2\/types\/post"}],"author":[{"embeddable":true,"href":"https:\/\/diplomatique.ma\/fr\/wp-json\/wp\/v2\/users\/2"}],"replies":[{"embeddable":true,"href":"https:\/\/diplomatique.ma\/fr\/wp-json\/wp\/v2\/comments?post=1521"}],"version-history":[{"count":1,"href":"https:\/\/diplomatique.ma\/fr\/wp-json\/wp\/v2\/posts\/1521\/revisions"}],"predecessor-version":[{"id":1523,"href":"https:\/\/diplomatique.ma\/fr\/wp-json\/wp\/v2\/posts\/1521\/revisions\/1523"}],"wp:featuredmedia":[{"embeddable":true,"href":"https:\/\/diplomatique.ma\/fr\/wp-json\/wp\/v2\/media\/1522"}],"wp:attachment":[{"href":"https:\/\/diplomatique.ma\/fr\/wp-json\/wp\/v2\/media?parent=1521"}],"wp:term":[{"taxonomy":"category","embeddable":true,"href":"https:\/\/diplomatique.ma\/fr\/wp-json\/wp\/v2\/categories?post=1521"},{"taxonomy":"post_tag","embeddable":true,"href":"https:\/\/diplomatique.ma\/fr\/wp-json\/wp\/v2\/tags?post=1521"}],"curies":[{"name":"wp","href":"https:\/\/api.w.org\/{rel}","templated":true}]}}