{"id":1549,"date":"2025-11-08T16:07:45","date_gmt":"2025-11-08T16:07:45","guid":{"rendered":"https:\/\/diplomatique.ma\/fr\/?p=1549"},"modified":"2025-11-10T08:42:05","modified_gmt":"2025-11-10T08:42:05","slug":"mohamed-mehdi-bensaid-le-jeune-ministre-qui-revitalise-le-cinema-marocain-et-accompagne-la-nouvelle-generation-creative","status":"publish","type":"post","link":"https:\/\/diplomatique.ma\/fr\/mohamed-mehdi-bensaid-le-jeune-ministre-qui-revitalise-le-cinema-marocain-et-accompagne-la-nouvelle-generation-creative\/","title":{"rendered":"Mohamed Mehdi Bensaid : le jeune ministre qui revitalise le cin\u00e9ma marocain et accompagne la nouvelle g\u00e9n\u00e9ration cr\u00e9ative"},"content":{"rendered":"<p style=\"text-align: justify;\" data-start=\"285\" data-end=\"938\">Hier, au Th\u00e9\u00e2tre Mohammed V \u00e0 Rabat, \u00e0 l\u2019occasion du 50\u00e8me anniversaire de la Marche Verte, un \u00e9v\u00e9nement exceptionnel a eu lieu, m\u00ealant symbolisme national et profondeur culturelle, avec la pr\u00e9sence remarqu\u00e9e de Mohamed Mehdi Bensaid, ministre de la Jeunesse, de la Culture et de la Communication. Il a tenu un entretien court mais \u00e9clairant avec Jamal Soussi, directeur de publication de <em data-start=\"674\" data-end=\"697\">Diplomatique Magazine<\/em>, et la jeune r\u00e9alisatrice marocaine Sanae Alaoui. Cette rencontre n\u2019\u00e9tait pas une simple formalit\u00e9 protocolaire, mais une v\u00e9ritable illustration de <strong data-start=\"846\" data-end=\"935\">la vision claire du jeune ministre pour soutenir les jeunes et les artistes marocains<\/strong>.<\/p>\n<div class=\"youtube-embed\" data-video_id=\"XzQHV3rnD18\"><iframe loading=\"lazy\" title=\"\u062d\u062f\u064a\u062b \u0631\u0645\u0632\u064a \u0641\u064a \u0630\u0643\u0631\u0649 \u062e\u0627\u0644\u062f\u0629: \u0644\u0642\u0627\u0621 \u0645\u0639 \u0627\u0644\u0648\u0632\u064a\u0631 \u0628\u0646\u0633\u0639\u064a\u062f \u062e\u0644\u0627\u0644 \u0627\u062d\u062a\u0641\u0627\u0644\u0627\u062a \u0627\u0644\u0645\u0633\u064a\u0631\u0629 \u0627\u0644\u062e\u0636\u0631\u0627\u0621\" width=\"696\" height=\"392\" src=\"https:\/\/www.youtube.com\/embed\/XzQHV3rnD18?feature=oembed&#038;enablejsapi=1\" frameborder=\"0\" allow=\"accelerometer; autoplay; clipboard-write; encrypted-media; gyroscope; picture-in-picture; web-share\" referrerpolicy=\"strict-origin-when-cross-origin\" allowfullscreen><\/iframe><\/div>\n<p style=\"text-align: justify;\" data-start=\"940\" data-end=\"1403\">Bensaid a d\u00e9montr\u00e9 un int\u00e9r\u00eat r\u00e9el pour les initiatives cr\u00e9atives de la jeunesse, \u00e9coutant attentivement leurs exp\u00e9riences, les encourageant \u00e0 pr\u00e9senter des projets audacieux, et offrant un soutien institutionnel concret pour stimuler leur cr\u00e9ativit\u00e9. Cette approche refl\u00e8te une politique enracin\u00e9e dans l\u2019action gouvernementale, consid\u00e9rant la culture et l\u2019art comme <strong data-start=\"1308\" data-end=\"1400\">des leviers essentiels de l\u2019identit\u00e9 nationale et de la continuit\u00e9 entre les g\u00e9n\u00e9rations<\/strong>.<\/p>\n<p style=\"text-align: justify;\" data-start=\"1405\" data-end=\"2101\">Dans ce contexte, la <strong data-start=\"1426\" data-end=\"1500\">distinction r\u00e9cemment obtenue par le Centre Cin\u00e9matographique Marocain<\/strong>, sous la pr\u00e9sidence de Reda Benjelloun, marque une \u00e9tape strat\u00e9gique dans le soutien \u00e0 la production cin\u00e9matographique nationale et au d\u00e9veloppement des talents \u00e9mergents. Le centre, par ses initiatives et c\u00e9l\u00e9brations r\u00e9centes, a raviv\u00e9 le paysage cin\u00e9matographique marocain, confirmant que la culture et l\u2019art sont <strong data-start=\"1818\" data-end=\"1897\">porteurs de m\u00e9moire nationale et catalyseurs des aspirations de la jeunesse<\/strong>. Ce succ\u00e8s s\u2019inscrit dans une <strong data-start=\"1928\" data-end=\"2098\">strat\u00e9gie r\u00e9fl\u00e9chie de longue dur\u00e9e, men\u00e9e par le jeune ministre, visant \u00e0 renforcer l\u2019identit\u00e9 culturelle marocaine et assurer sa p\u00e9rennit\u00e9 dans un monde en mutation<\/strong>.<\/p>\n<p style=\"text-align: justify;\" data-start=\"2103\" data-end=\"2534\">La r\u00e9alisatrice Sanae Alaoui repr\u00e9sente, quant \u00e0 elle, la <strong data-start=\"2161\" data-end=\"2207\">nouvelle g\u00e9n\u00e9ration de cin\u00e9astes marocains<\/strong>, porteurs de projets audacieux et engag\u00e9s, exprimant la r\u00e9alit\u00e9 nationale \u00e0 travers un prisme artistique moderne et original. Sa participation au d\u00e9bat a mis en lumi\u00e8re <strong data-start=\"2377\" data-end=\"2531\">la profondeur symbolique de la Marche Verte et son r\u00f4le dans la construction d\u2019une conscience cin\u00e9matographique renouvel\u00e9e chez les jeunes g\u00e9n\u00e9rations<\/strong>.<\/p>\n<blockquote class=\"twitter-tweet\" data-width=\"550\" data-dnt=\"true\">\n<p lang=\"ar\" dir=\"rtl\">\u0627\u0644\u0645\u062e\u0631\u062c\u0629 \u0633\u0646\u0627\u0621 \u0639\u0644\u064a\u0648\u064a \u0631\u0645\u0632\u064b\u0627 \u0644\u0644\u062c\u064a\u0644 \u0627\u0644\u062c\u062f\u064a\u062f \u0645\u0646 \u0627\u0644\u0633\u064a\u0646\u0645\u0627\u0626\u064a\u064a\u0646 \u0627\u0644\u0645\u063a\u0627\u0631\u0628\u0629\u060c \u0627\u0644\u0630\u064a\u0646 \u064a\u062d\u0645\u0644\u0648\u0646 \u0645\u0634\u0627\u0631\u064a\u0639 \u0641\u0646\u064a\u0629 \u062c\u0631\u064a\u0626\u0629 \u0648\u0645\u0624\u062b\u0631\u0629\u060c \u0648\u064a\u062c\u0633\u062f\u0648\u0646 \u0637\u0627\u0642\u0627\u062a \u0627\u0644\u0634\u0628\u0627\u0628 \u0641\u064a \u0627\u0644\u062a\u0639\u0628\u064a\u0631 \u0639\u0646 \u0627\u0644\u0648\u0627\u0642\u0639 \u0627\u0644\u0648\u0637\u0646\u064a <a href=\"https:\/\/t.co\/rukfAS1hkl\">pic.twitter.com\/rukfAS1hkl<\/a><\/p>\n<p>&mdash; \u0627\u0644\u0645\u063a\u0631\u0628 \u0627\u0644\u0622\u0646 Maghreb Alan (@maghrebalaan) <a href=\"https:\/\/twitter.com\/maghrebalaan\/status\/1987185738220229001?ref_src=twsrc%5Etfw\">November 8, 2025<\/a><\/p><\/blockquote>\n<p><script async src=\"https:\/\/platform.twitter.com\/widgets.js\" charset=\"utf-8\"><\/script><\/p>\n<p style=\"text-align: justify;\" data-start=\"2536\" data-end=\"3057\">Cet \u00e9v\u00e9nement, r\u00e9unissant <strong data-start=\"2562\" data-end=\"2626\">l\u2019\u00c9tat, les institutions culturelles et les jeunes cr\u00e9ateurs<\/strong>, illustre la synergie entre exp\u00e9rience institutionnelle et \u00e9nergie cr\u00e9ative, confirmant que le Maroc peut proposer un mod\u00e8le int\u00e9gr\u00e9 de soutien \u00e0 la culture et \u00e0 l\u2019art, alliant strat\u00e9gie et c\u00e9l\u00e9bration de l\u2019identit\u00e9 nationale. L\u2019histoire du cin\u00e9ma marocain t\u00e9moigne aujourd\u2019hui d\u2019un <strong data-start=\"2910\" data-end=\"3054\">moment exceptionnel o\u00f9 la trajectoire de la cr\u00e9ativit\u00e9 nationale est redessin\u00e9e avec soin, port\u00e9e par la voix de la jeunesse et des artistes<\/strong>.<\/p>\n<p style=\"text-align: justify;\" data-start=\"3059\" data-end=\"3618\">En conclusion, Mohamed Mehdi Bensaid appara\u00eet non seulement comme un responsable gouvernemental, mais comme <strong data-start=\"3167\" data-end=\"3382\">un v\u00e9ritable mentor pour les talents jeunes, un soutien du cin\u00e9ma marocain, \u00e0 l\u2019\u00e9coute, encourageant et ouvrant la voie \u00e0 toute personne souhaitant b\u00e2tir un parcours culturel et artistique renouvel\u00e9 et impactant<\/strong>. Le message cl\u00e9 de cet \u00e9v\u00e9nement est clair : l\u2019avenir culturel du Maroc est entre les mains de sa jeunesse, et l\u2019\u00c9tat et l\u2019art peuvent avancer ensemble vers <strong data-start=\"3540\" data-end=\"3615\">de nouveaux horizons de cr\u00e9ativit\u00e9, d\u2019identit\u00e9 et d\u2019engagement national<\/strong>.<\/p>\n","protected":false},"excerpt":{"rendered":"<p>Hier, au Th\u00e9\u00e2tre Mohammed V \u00e0 Rabat, \u00e0 l\u2019occasion du 50\u00e8me anniversaire de la Marche Verte, un \u00e9v\u00e9nement exceptionnel a eu lieu, m\u00ealant symbolisme national et profondeur culturelle, avec la pr\u00e9sence remarqu\u00e9e de Mohamed Mehdi Bensaid, ministre de la Jeunesse, de la Culture et de la Communication. Il a tenu un entretien court mais \u00e9clairant [&hellip;]<\/p>\n","protected":false},"author":2,"featured_media":1550,"comment_status":"open","ping_status":"open","sticky":false,"template":"","format":"standard","meta":{"footnotes":""},"categories":[52,44],"tags":[],"class_list":{"0":"post-1549","1":"post","2":"type-post","3":"status-publish","4":"format-standard","5":"has-post-thumbnail","7":"category-diplomatie-par-le-cinema","8":"category-video"},"_links":{"self":[{"href":"https:\/\/diplomatique.ma\/fr\/wp-json\/wp\/v2\/posts\/1549","targetHints":{"allow":["GET"]}}],"collection":[{"href":"https:\/\/diplomatique.ma\/fr\/wp-json\/wp\/v2\/posts"}],"about":[{"href":"https:\/\/diplomatique.ma\/fr\/wp-json\/wp\/v2\/types\/post"}],"author":[{"embeddable":true,"href":"https:\/\/diplomatique.ma\/fr\/wp-json\/wp\/v2\/users\/2"}],"replies":[{"embeddable":true,"href":"https:\/\/diplomatique.ma\/fr\/wp-json\/wp\/v2\/comments?post=1549"}],"version-history":[{"count":1,"href":"https:\/\/diplomatique.ma\/fr\/wp-json\/wp\/v2\/posts\/1549\/revisions"}],"predecessor-version":[{"id":1551,"href":"https:\/\/diplomatique.ma\/fr\/wp-json\/wp\/v2\/posts\/1549\/revisions\/1551"}],"wp:featuredmedia":[{"embeddable":true,"href":"https:\/\/diplomatique.ma\/fr\/wp-json\/wp\/v2\/media\/1550"}],"wp:attachment":[{"href":"https:\/\/diplomatique.ma\/fr\/wp-json\/wp\/v2\/media?parent=1549"}],"wp:term":[{"taxonomy":"category","embeddable":true,"href":"https:\/\/diplomatique.ma\/fr\/wp-json\/wp\/v2\/categories?post=1549"},{"taxonomy":"post_tag","embeddable":true,"href":"https:\/\/diplomatique.ma\/fr\/wp-json\/wp\/v2\/tags?post=1549"}],"curies":[{"name":"wp","href":"https:\/\/api.w.org\/{rel}","templated":true}]}}