{"id":1575,"date":"2025-11-10T09:44:24","date_gmt":"2025-11-10T09:44:24","guid":{"rendered":"https:\/\/diplomatique.ma\/fr\/?p=1575"},"modified":"2025-11-11T09:55:56","modified_gmt":"2025-11-11T09:55:56","slug":"le-festival-national-du-film-une-celebration-de-lame-cinematographique-marocaine","status":"publish","type":"post","link":"https:\/\/diplomatique.ma\/fr\/le-festival-national-du-film-une-celebration-de-lame-cinematographique-marocaine\/","title":{"rendered":"\u00ab\u00a0Le Festival National du Film: Une C\u00e9l\u00e9bration de l\u2019\u00c2me Cin\u00e9matographique Marocaine\u00a0\u00bb"},"content":{"rendered":"<p style=\"text-align: justify;\" data-start=\"826\" data-end=\"1654\">\u00c0 Tanger, l\u00e0 o\u00f9 la mer touche le ciel dans une ligne d\u2019horizon infiniment bleue, le cin\u00e9ma rena\u00eet chaque ann\u00e9e.<\/p>\n<p style=\"text-align: justify;\" data-start=\"826\" data-end=\"1654\">Le <strong data-start=\"943\" data-end=\"972\">Festival National du Film<\/strong> n\u2019est pas seulement des projections et des salles \u00e9clair\u00e9es, c\u2019est un moment o\u00f9 l\u2019identit\u00e9 se contemple \u00e0 travers l\u2019art. Ici, les histoires des villes, des villages, des montagnes et des d\u00e9serts se croisent pour composer de nouvelles images du Maroc \u2014 un Maroc qui regarde le monde avec confiance et vision.<\/p>\n<p style=\"text-align: justify;\" data-start=\"826\" data-end=\"1654\">Sous l\u2019impulsion du <strong data-start=\"1303\" data-end=\"1346\">Centre Cin\u00e9matographique Marocain (CCM)<\/strong>, ce festival devient un v\u00e9ritable laboratoire de cr\u00e9ativit\u00e9, un espace o\u00f9 s\u2019\u00e9labore une langue visuelle nationale mature, capable de toucher les \u00e9motions et de traverser les fronti\u00e8res.<br data-start=\"1532\" data-end=\"1535\" \/>C\u2019est l\u00e0 que les r\u00eaves se mettent \u00e0 l\u2019\u00e9preuve de l\u2019\u00e9cran, et que l\u2019avenir s\u2019\u00e9crit avec une cam\u00e9ra et de la passion.<\/p>\n<div class=\"youtube-embed\" data-video_id=\"Meh3S8I5oKg\"><iframe loading=\"lazy\" title=\"\ud83c\udfac Imane Mesbahi \u2013 Producer, Director, and Leading Film Distributor in Morocco\" width=\"696\" height=\"392\" src=\"https:\/\/www.youtube.com\/embed\/Meh3S8I5oKg?feature=oembed&#038;enablejsapi=1\" frameborder=\"0\" allow=\"accelerometer; autoplay; clipboard-write; encrypted-media; gyroscope; picture-in-picture; web-share\" referrerpolicy=\"strict-origin-when-cross-origin\" allowfullscreen><\/iframe><\/div>\n<div class=\"youtube-embed\" data-video_id=\"HLcX_QquaXw\"><iframe loading=\"lazy\" title=\"\ud83c\udfac Daoud Aoulad Syad \u2013 Renowned Moroccan Director\" width=\"696\" height=\"392\" src=\"https:\/\/www.youtube.com\/embed\/HLcX_QquaXw?feature=oembed&#038;enablejsapi=1\" frameborder=\"0\" allow=\"accelerometer; autoplay; clipboard-write; encrypted-media; gyroscope; picture-in-picture; web-share\" referrerpolicy=\"strict-origin-when-cross-origin\" allowfullscreen><\/iframe><\/div>\n<div class=\"youtube-embed\" data-video_id=\"MOU_f_C0kQU\"><iframe loading=\"lazy\" title=\"\ud83c\udfac Rachid Fekkak \u2013 Celebrated Moroccan Actor\" width=\"696\" height=\"392\" src=\"https:\/\/www.youtube.com\/embed\/MOU_f_C0kQU?feature=oembed&#038;enablejsapi=1\" frameborder=\"0\" allow=\"accelerometer; autoplay; clipboard-write; encrypted-media; gyroscope; picture-in-picture; web-share\" referrerpolicy=\"strict-origin-when-cross-origin\" allowfullscreen><\/iframe><\/div>\n<div class=\"youtube-embed\" data-video_id=\"q93ElyOP22E\"><iframe loading=\"lazy\" title=\"\ud83c\udfac Tangier\u2019s Cinematic Pulse \u2013 Diplomacy MagazineOur Moroccan Star, Actor Ayoub El Yousfi\" width=\"696\" height=\"392\" src=\"https:\/\/www.youtube.com\/embed\/q93ElyOP22E?start=3&#038;feature=oembed\" frameborder=\"0\" allow=\"accelerometer; autoplay; clipboard-write; encrypted-media; gyroscope; picture-in-picture; web-share\" referrerpolicy=\"strict-origin-when-cross-origin\" allowfullscreen><\/iframe><\/div>\n<div class=\"youtube-embed\" data-video_id=\"CEwtVfepBeI\"><iframe loading=\"lazy\" title=\"\ud83c\udfac Ramia Beladel \u2013 Director of the Marrakech International Film Festival\" width=\"696\" height=\"392\" src=\"https:\/\/www.youtube.com\/embed\/CEwtVfepBeI?feature=oembed&#038;enablejsapi=1\" frameborder=\"0\" allow=\"accelerometer; autoplay; clipboard-write; encrypted-media; gyroscope; picture-in-picture; web-share\" referrerpolicy=\"strict-origin-when-cross-origin\" allowfullscreen><\/iframe><\/div>\n<div class=\"youtube-embed\" data-video_id=\"Qgc5sfiyyKE\"><iframe loading=\"lazy\" title=\"\ud83c\udfacOur Guests from Poland at the 25th Edition of the National Film Festival in Tangier\" width=\"696\" height=\"392\" src=\"https:\/\/www.youtube.com\/embed\/Qgc5sfiyyKE?start=9&#038;feature=oembed\" frameborder=\"0\" allow=\"accelerometer; autoplay; clipboard-write; encrypted-media; gyroscope; picture-in-picture; web-share\" referrerpolicy=\"strict-origin-when-cross-origin\" allowfullscreen><\/iframe><\/div>\n<div class=\"youtube-embed\" data-video_id=\"LwLR2SaRz1Q\"><iframe loading=\"lazy\" title=\"Diplomatique - \u0627\u0644\u062f\u0628\u0644\u0648\u0645\u0627\u0633\u064a\u0629\ud83c\udfac Malbo \u2013 Canadian Film Director\" width=\"696\" height=\"392\" src=\"https:\/\/www.youtube.com\/embed\/LwLR2SaRz1Q?start=10&#038;feature=oembed\" frameborder=\"0\" allow=\"accelerometer; autoplay; clipboard-write; encrypted-media; gyroscope; picture-in-picture; web-share\" referrerpolicy=\"strict-origin-when-cross-origin\" allowfullscreen><\/iframe><\/div>\n<div class=\"youtube-embed\" data-video_id=\"5-bpLq2SVPo\"><iframe loading=\"lazy\" title=\"\ud83c\udfac Dr. Fai from Cameroon Joins the Tangier National Film Festival\" width=\"696\" height=\"392\" src=\"https:\/\/www.youtube.com\/embed\/5-bpLq2SVPo?feature=oembed&#038;enablejsapi=1\" frameborder=\"0\" allow=\"accelerometer; autoplay; clipboard-write; encrypted-media; gyroscope; picture-in-picture; web-share\" referrerpolicy=\"strict-origin-when-cross-origin\" allowfullscreen><\/iframe><\/div>\n<div class=\"youtube-embed\" data-video_id=\"9xdcSSk1gb0\"><iframe loading=\"lazy\" title=\"\ud83c\udfac Ayoub Greta &amp; Saad Mouwafak \u2013 Talented Moroccan Actors\" width=\"696\" height=\"392\" src=\"https:\/\/www.youtube.com\/embed\/9xdcSSk1gb0?feature=oembed&#038;enablejsapi=1\" frameborder=\"0\" allow=\"accelerometer; autoplay; clipboard-write; encrypted-media; gyroscope; picture-in-picture; web-share\" referrerpolicy=\"strict-origin-when-cross-origin\" allowfullscreen><\/iframe><\/div>\n<div class=\"youtube-embed\" data-video_id=\"wTRSqf-S0is\"><iframe loading=\"lazy\" title=\"\ud83c\udfac Filmmaker Salma Loughmass: \u201cCinema is my language to understand the world.\u201d\" width=\"696\" height=\"392\" src=\"https:\/\/www.youtube.com\/embed\/wTRSqf-S0is?start=3&#038;feature=oembed\" frameborder=\"0\" allow=\"accelerometer; autoplay; clipboard-write; encrypted-media; gyroscope; picture-in-picture; web-share\" referrerpolicy=\"strict-origin-when-cross-origin\" allowfullscreen><\/iframe><\/div>\n<div class=\"youtube-embed\" data-video_id=\"DkIB57oZoEw\"><iframe loading=\"lazy\" title=\"Hicham Haidar A Distinct Cinematic Voice in Steady Ascent\" width=\"696\" height=\"392\" src=\"https:\/\/www.youtube.com\/embed\/DkIB57oZoEw?feature=oembed&#038;enablejsapi=1\" frameborder=\"0\" allow=\"accelerometer; autoplay; clipboard-write; encrypted-media; gyroscope; picture-in-picture; web-share\" referrerpolicy=\"strict-origin-when-cross-origin\" allowfullscreen><\/iframe><\/div>\n<div class=\"youtube-embed\" data-video_id=\"ddviJdC4fz4\"><iframe loading=\"lazy\" title=\"Arab Al Aloui is an actor and director whose presence continues to grow within Moroccan cinema.\" width=\"696\" height=\"392\" src=\"https:\/\/www.youtube.com\/embed\/ddviJdC4fz4?feature=oembed&#038;enablejsapi=1\" frameborder=\"0\" allow=\"accelerometer; autoplay; clipboard-write; encrypted-media; gyroscope; picture-in-picture; web-share\" referrerpolicy=\"strict-origin-when-cross-origin\" allowfullscreen><\/iframe><\/div>\n<div class=\"youtube-embed\" data-video_id=\"wiC8mxNReUw\"><iframe loading=\"lazy\" title=\"Our great actor and director Mohammed Nadef\" width=\"696\" height=\"392\" src=\"https:\/\/www.youtube.com\/embed\/wiC8mxNReUw?feature=oembed&#038;enablejsapi=1\" frameborder=\"0\" allow=\"accelerometer; autoplay; clipboard-write; encrypted-media; gyroscope; picture-in-picture; web-share\" referrerpolicy=\"strict-origin-when-cross-origin\" allowfullscreen><\/iframe><\/div>\n<div class=\"youtube-embed\" data-video_id=\"QHZp10u3kEE\"><iframe loading=\"lazy\" title=\"Diplomatique - \u0627\u0644\u062f\u0628\u0644\u0648\u0645\u0627\u0633\u064a\u0629  \ud83c\udfac Omar Belkhmar \u2013 Filmmaker\" width=\"696\" height=\"392\" src=\"https:\/\/www.youtube.com\/embed\/QHZp10u3kEE?start=111&#038;feature=oembed\" frameborder=\"0\" allow=\"accelerometer; autoplay; clipboard-write; encrypted-media; gyroscope; picture-in-picture; web-share\" referrerpolicy=\"strict-origin-when-cross-origin\" allowfullscreen><\/iframe><\/div>\n<div class=\"youtube-embed\" data-video_id=\"HYNzDQlHoR8\"><iframe loading=\"lazy\" title=\"\ud83c\udfac Tangier\u2019s Cinematic Pulse \u2013 Diplomacy MagazineMohammed Nadifi \u2013 The Young Moroccan Director\" width=\"696\" height=\"392\" src=\"https:\/\/www.youtube.com\/embed\/HYNzDQlHoR8?feature=oembed&#038;enablejsapi=1\" frameborder=\"0\" allow=\"accelerometer; autoplay; clipboard-write; encrypted-media; gyroscope; picture-in-picture; web-share\" referrerpolicy=\"strict-origin-when-cross-origin\" allowfullscreen><\/iframe><\/div>\n<div class=\"youtube-embed\" data-video_id=\"5ykABn0Ogfw\"><iframe loading=\"lazy\" title=\"\ud83c\udfac Tangier\u2019s Cinematic Pulse \u2013  Mr. Achehbar Chakir \u2013 Our Moroccan Director and Producer\" width=\"696\" height=\"392\" src=\"https:\/\/www.youtube.com\/embed\/5ykABn0Ogfw?start=6&#038;feature=oembed\" frameborder=\"0\" allow=\"accelerometer; autoplay; clipboard-write; encrypted-media; gyroscope; picture-in-picture; web-share\" referrerpolicy=\"strict-origin-when-cross-origin\" allowfullscreen><\/iframe><\/div>\n<div class=\"youtube-embed\" data-video_id=\"Iijbc-tTDpA\"><iframe loading=\"lazy\" title=\"Director Ayoub Ait Bihi \u201cCinema is my language to understand the world \u201d\" width=\"696\" height=\"392\" src=\"https:\/\/www.youtube.com\/embed\/Iijbc-tTDpA?start=3&#038;feature=oembed\" frameborder=\"0\" allow=\"accelerometer; autoplay; clipboard-write; encrypted-media; gyroscope; picture-in-picture; web-share\" referrerpolicy=\"strict-origin-when-cross-origin\" allowfullscreen><\/iframe><\/div>\n<div class=\"youtube-embed\" data-video_id=\"G-9prnlY_FE\"><iframe loading=\"lazy\" title=\"Fatma Zahra MouhimMoroccan Director and screenwriter Representing the southern regions of Morocco\" width=\"696\" height=\"392\" src=\"https:\/\/www.youtube.com\/embed\/G-9prnlY_FE?start=3&#038;feature=oembed\" frameborder=\"0\" allow=\"accelerometer; autoplay; clipboard-write; encrypted-media; gyroscope; picture-in-picture; web-share\" referrerpolicy=\"strict-origin-when-cross-origin\" allowfullscreen><\/iframe><\/div>\n<div class=\"youtube-embed\" data-video_id=\"Vo0RgrAfZkc\"><iframe loading=\"lazy\" title=\"\ud83c\udfac \u0646\u0628\u0636 \u0637\u0646\u062c\u0629 \u0627\u0644\u0633\u064a\u0646\u0645\u0627\u0626\u064a \u2013 \u0645\u062c\u0644\u0629 \u0627\u0644\u062f\u0628\u0644\u0648\u0645\u0627\u0633\u064a\u0629\u0627\u0644\u0645\u062e\u0631\u062c \u0648\u0627\u0644\u0643\u0627\u062a\u0628 \u0627\u0644\u0645\u063a\u0631\u0628\u064a \u0645\u062d\u0645\u062f \u0634\u0631\u064a\u0641 \u0627\u0644\u0637\u0631\u064a\u0628\u0642\" width=\"696\" height=\"392\" src=\"https:\/\/www.youtube.com\/embed\/Vo0RgrAfZkc?start=2&#038;feature=oembed\" frameborder=\"0\" allow=\"accelerometer; autoplay; clipboard-write; encrypted-media; gyroscope; picture-in-picture; web-share\" referrerpolicy=\"strict-origin-when-cross-origin\" allowfullscreen><\/iframe><\/div>\n<div class=\"youtube-embed\" data-video_id=\"aBDMAsjWDKA\"><iframe loading=\"lazy\" title=\"At the 25th Tangier National Film Festival, Fouad Swiba Speaks to Moroccan Diplomacy about Moroccan\" width=\"696\" height=\"392\" src=\"https:\/\/www.youtube.com\/embed\/aBDMAsjWDKA?start=3&#038;feature=oembed\" frameborder=\"0\" allow=\"accelerometer; autoplay; clipboard-write; encrypted-media; gyroscope; picture-in-picture; web-share\" referrerpolicy=\"strict-origin-when-cross-origin\" allowfullscreen><\/iframe><\/div>\n<div class=\"youtube-embed\" data-video_id=\"Nfd0cyske7M\"><iframe loading=\"lazy\" title=\"In an Exceptional Masterclass, Hakim Belabbes Explores the Poetic Power of Ugliness\" width=\"696\" height=\"392\" src=\"https:\/\/www.youtube.com\/embed\/Nfd0cyske7M?start=3&#038;feature=oembed\" frameborder=\"0\" allow=\"accelerometer; autoplay; clipboard-write; encrypted-media; gyroscope; picture-in-picture; web-share\" referrerpolicy=\"strict-origin-when-cross-origin\" allowfullscreen><\/iframe><\/div>\n<div class=\"youtube-embed\" data-video_id=\"FRE3eJdpBdI\"><iframe loading=\"lazy\" title=\"\ud83c\udfac Salem Bilal: Where Art Meets Diplomacy at the 25th National Film Festival\" width=\"696\" height=\"392\" src=\"https:\/\/www.youtube.com\/embed\/FRE3eJdpBdI?feature=oembed&#038;enablejsapi=1\" frameborder=\"0\" allow=\"accelerometer; autoplay; clipboard-write; encrypted-media; gyroscope; picture-in-picture; web-share\" referrerpolicy=\"strict-origin-when-cross-origin\" allowfullscreen><\/iframe><\/div>\n<div class=\"youtube-embed\" data-video_id=\"c887XE5vdJ8\"><iframe loading=\"lazy\" title=\"\ud83c\udfac The Rich History of FNF \u2013 Festival National du Film\" width=\"696\" height=\"392\" src=\"https:\/\/www.youtube.com\/embed\/c887XE5vdJ8?feature=oembed&#038;enablejsapi=1\" frameborder=\"0\" allow=\"accelerometer; autoplay; clipboard-write; encrypted-media; gyroscope; picture-in-picture; web-share\" referrerpolicy=\"strict-origin-when-cross-origin\" allowfullscreen><\/iframe><\/div>\n","protected":false},"excerpt":{"rendered":"<p>\u00c0 Tanger, l\u00e0 o\u00f9 la mer touche le ciel dans une ligne d\u2019horizon infiniment bleue, le cin\u00e9ma rena\u00eet chaque ann\u00e9e. Le Festival National du Film n\u2019est pas seulement des projections et des salles \u00e9clair\u00e9es, c\u2019est un moment o\u00f9 l\u2019identit\u00e9 se contemple \u00e0 travers l\u2019art. Ici, les histoires des villes, des villages, des montagnes et des [&hellip;]<\/p>\n","protected":false},"author":2,"featured_media":1564,"comment_status":"open","ping_status":"open","sticky":false,"template":"","format":"standard","meta":{"footnotes":""},"categories":[51,52,53,54,56],"tags":[],"class_list":{"0":"post-1575","1":"post","2":"type-post","3":"status-publish","4":"format-standard","5":"has-post-thumbnail","7":"category-diplomatie-culturelle","8":"category-diplomatie-par-le-cinema","9":"category-diplomatie-visuelle","10":"category-festival-national-du-film-de-tanger","11":"category-portraits-vivants-des-figures-du-cinema-marocain-et-international"},"_links":{"self":[{"href":"https:\/\/diplomatique.ma\/fr\/wp-json\/wp\/v2\/posts\/1575","targetHints":{"allow":["GET"]}}],"collection":[{"href":"https:\/\/diplomatique.ma\/fr\/wp-json\/wp\/v2\/posts"}],"about":[{"href":"https:\/\/diplomatique.ma\/fr\/wp-json\/wp\/v2\/types\/post"}],"author":[{"embeddable":true,"href":"https:\/\/diplomatique.ma\/fr\/wp-json\/wp\/v2\/users\/2"}],"replies":[{"embeddable":true,"href":"https:\/\/diplomatique.ma\/fr\/wp-json\/wp\/v2\/comments?post=1575"}],"version-history":[{"count":3,"href":"https:\/\/diplomatique.ma\/fr\/wp-json\/wp\/v2\/posts\/1575\/revisions"}],"predecessor-version":[{"id":1578,"href":"https:\/\/diplomatique.ma\/fr\/wp-json\/wp\/v2\/posts\/1575\/revisions\/1578"}],"wp:featuredmedia":[{"embeddable":true,"href":"https:\/\/diplomatique.ma\/fr\/wp-json\/wp\/v2\/media\/1564"}],"wp:attachment":[{"href":"https:\/\/diplomatique.ma\/fr\/wp-json\/wp\/v2\/media?parent=1575"}],"wp:term":[{"taxonomy":"category","embeddable":true,"href":"https:\/\/diplomatique.ma\/fr\/wp-json\/wp\/v2\/categories?post=1575"},{"taxonomy":"post_tag","embeddable":true,"href":"https:\/\/diplomatique.ma\/fr\/wp-json\/wp\/v2\/tags?post=1575"}],"curies":[{"name":"wp","href":"https:\/\/api.w.org\/{rel}","templated":true}]}}