{"id":1588,"date":"2025-11-13T11:44:35","date_gmt":"2025-11-13T11:44:35","guid":{"rendered":"https:\/\/diplomatique.ma\/fr\/?p=1588"},"modified":"2025-11-13T11:44:35","modified_gmt":"2025-11-13T11:44:35","slug":"addis-abeba-2026-le-maroc-impose-la-legitimite-lafrique-tourne-la-page-du-mensonge-separatiste","status":"publish","type":"post","link":"https:\/\/diplomatique.ma\/fr\/addis-abeba-2026-le-maroc-impose-la-legitimite-lafrique-tourne-la-page-du-mensonge-separatiste\/","title":{"rendered":"\u00ab Addis-Abeba 2026 : le Maroc impose la l\u00e9gitimit\u00e9, l\u2019Afrique tourne la page du mensonge s\u00e9paratiste \u00bb"},"content":{"rendered":"<h3 style=\"text-align: justify;\" data-start=\"327\" data-end=\"390\">Le Maroc entre \u00e0 Addis-Abeba arm\u00e9 de la r\u00e9solution 2797 :<\/h3>\n<h3 style=\"text-align: justify;\" data-start=\"391\" data-end=\"499\">Une bataille d\u00e9cisive s\u2019annonce\u2026 La diplomatie royale impose sa vision pour une Afrique r\u00e9aliste et unie<\/h3>\n<p style=\"text-align: justify;\" data-start=\"501\" data-end=\"1067\">Dans trois mois, Addis-Abeba accueillera le 38\u1d49 sommet de l\u2019Union africaine, un rendez-vous historique qui pourrait red\u00e9finir les \u00e9quilibres politiques du continent. Cette fois, le Maroc n\u2019y participera pas seulement en tant que \u00ab membre influent \u00bb, mais comme <strong data-start=\"762\" data-end=\"834\">puissance institutionnelle forte d\u2019une victoire diplomatique majeure<\/strong> : l\u2019adoption par le Conseil de s\u00e9curit\u00e9 de l\u2019ONU de la <strong data-start=\"890\" data-end=\"909\">r\u00e9solution 2797<\/strong>, consacrant la <strong data-start=\"925\" data-end=\"988\">pr\u00e9\u00e9minence du plan d\u2019autonomie sous souverainet\u00e9 marocaine<\/strong> comme unique base cr\u00e9dible pour un r\u00e8glement politique du diff\u00e9rend du Sahara.<\/p>\n<h3 style=\"text-align: justify;\" data-start=\"1069\" data-end=\"1148\">Une victoire institutionnelle marocaine qui bouscule les anciens \u00e9quilibres<\/h3>\n<p style=\"text-align: justify;\" data-start=\"1150\" data-end=\"1558\">La r\u00e9solution 2797 ne se limite pas \u00e0 r\u00e9affirmer la l\u00e9gitimit\u00e9 du projet marocain : elle acte la fin d\u2019une \u00e8re d\u2019ambigu\u00eft\u00e9s qui permettait encore \u00e0 la pseudo-\u00ab RASD \u00bb de se maintenir dans le syst\u00e8me africain. En fixant clairement le cadre de la solution dans la souverainet\u00e9 du Maroc, les Nations unies ouvrent la voie \u00e0 la <strong data-start=\"1474\" data-end=\"1528\">remise en cause de la pr\u00e9sence de ce \u201cpseudo-\u00c9tat\u201d<\/strong> au sein de l\u2019Union africaine.<\/p>\n<p style=\"text-align: justify;\" data-start=\"1560\" data-end=\"2018\">C\u2019est un tournant strat\u00e9gique dans la diplomatie africaine du Royaume : le passage du <strong data-start=\"1646\" data-end=\"1671\">d\u00e9fensif \u00e0 l\u2019offensif<\/strong>, de la <strong data-start=\"1679\" data-end=\"1710\">r\u00e9activit\u00e9 \u00e0 la proactivit\u00e9<\/strong>. Ce basculement s\u2019inscrit dans la vision clairvoyante de <strong data-start=\"1768\" data-end=\"1801\">Sa Majest\u00e9 le Roi Mohammed VI<\/strong>, qui avait anticip\u00e9 d\u00e8s 2017, lors du retour du Maroc \u00e0 l\u2019Union africaine, la n\u00e9cessit\u00e9 de reconstruire l\u2019influence du Royaume <strong data-start=\"1929\" data-end=\"1947\">de l\u2019int\u00e9rieur<\/strong>, par une strat\u00e9gie d\u2019infiltration constructive et d\u2019influence durable.<\/p>\n<h3 style=\"text-align: justify;\" data-start=\"2020\" data-end=\"2085\">L\u2019Afrique du Sud et l\u2019Alg\u00e9rie, derni\u00e8res lignes de r\u00e9sistance<\/h3>\n<p style=\"text-align: justify;\" data-start=\"2087\" data-end=\"2702\">\u00c0 mesure que la \u201cbataille d\u2019Addis-Abeba\u201d approche, la nervosit\u00e9 du camp adverse s\u2019accentue. Selon la cha\u00eene allemande <em data-start=\"2205\" data-end=\"2221\">Deutsche Welle<\/em>, <strong data-start=\"2223\" data-end=\"2268\">l\u2019Afrique du Sud m\u00e8ne la contre-offensive<\/strong> pour emp\u00eacher toute remise en question du statut de la \u201cRASD\u201d, en invoquant les contraintes du r\u00e8glement int\u00e9rieur de l\u2019Union africaine.<\/p>\n<p style=\"text-align: justify;\" data-start=\"2087\" data-end=\"2702\">Mais les rapports de force ont chang\u00e9 : Rabat a <strong data-start=\"2456\" data-end=\"2490\">perc\u00e9 les bastions anglophones<\/strong> et obtenu des soutiens politiques de poids \u2013 du Kenya au Ghana \u2013 tandis que d\u2019autres nations comme le Nigeria ou l\u2019\u00c9thiopie adoptent une position de neutralit\u00e9 pragmatique face aux int\u00e9r\u00eats \u00e9conomiques partag\u00e9s.<\/p>\n<p style=\"text-align: justify;\" data-start=\"2704\" data-end=\"3171\">Fait marquant : <strong data-start=\"2720\" data-end=\"2789\">le Maroc a r\u00e9ussi \u00e0 p\u00e9n\u00e9trer le c\u0153ur m\u00eame du syst\u00e8me sud-africain<\/strong>. En juillet dernier, le parti d\u2019opposition <em data-start=\"2833\" data-end=\"2854\">Spear of the Nation<\/em> de l\u2019ancien pr\u00e9sident Jacob Zuma a officiellement soutenu la marocanit\u00e9 du Sahara, suivi par une motion interne du <em data-start=\"2970\" data-end=\"2997\">Congr\u00e8s national africain<\/em> (ANC) demandant une r\u00e9vision de la politique \u00e9trang\u00e8re vis-\u00e0-vis du Maroc.<\/p>\n<p style=\"text-align: justify;\" data-start=\"2704\" data-end=\"3171\">Une br\u00e8che s\u2019ouvre donc dans le mur id\u00e9ologique b\u00e2ti par Pretoria et Alger depuis des d\u00e9cennies.<\/p>\n<h3 style=\"text-align: justify;\" data-start=\"3173\" data-end=\"3216\">Dix ans d\u2019influence africaine marocaine<\/h3>\n<p style=\"text-align: justify;\" data-start=\"3218\" data-end=\"3721\">En 2026, le Maroc c\u00e9l\u00e9brera dix ans de pr\u00e9sence au sein de l\u2019Union africaine, apr\u00e8s son retour historique en 2017. En une d\u00e9cennie, Rabat a su b\u00e2tir un <strong data-start=\"3370\" data-end=\"3448\">r\u00e9seau continental de partenariats \u00e9conomiques, s\u00e9curitaires et politiques<\/strong>, r\u00e9duisant \u00e0 seulement treize le nombre d\u2019\u00c9tats reconnaissant encore la \u201cRASD\u201d.<\/p>\n<p style=\"text-align: justify;\" data-start=\"3218\" data-end=\"3721\">Gr\u00e2ce \u00e0 une diplomatie \u00e9conomique proactive, le Maroc s\u2019est impos\u00e9 comme <strong data-start=\"3604\" data-end=\"3655\">un acteur structurant du d\u00e9veloppement africain<\/strong>, moteur d\u2019int\u00e9gration r\u00e9gionale et mod\u00e8le de coop\u00e9ration Sud-Sud.<\/p>\n<h3 style=\"text-align: justify;\" data-start=\"3723\" data-end=\"3765\">Addis-Abeba 2026 : le moment de v\u00e9rit\u00e9<\/h3>\n<p style=\"text-align: justify;\" data-start=\"3767\" data-end=\"4074\">Le prochain sommet d\u2019Addis-Abeba ne sera pas un simple rendez-vous institutionnel : il sera <strong data-start=\"3859\" data-end=\"3916\">le test de la maturit\u00e9 politique de l\u2019Union africaine<\/strong>. Choisira-t-elle de persister dans une incoh\u00e9rence historique en maintenant un \u201c\u00c9tat fant\u00f4me\u201d, ou embrassera-t-elle la voie de la l\u00e9galit\u00e9 internationale ?<\/p>\n<p style=\"text-align: justify;\" data-start=\"4076\" data-end=\"4329\">Le Maroc, fort de sa l\u00e9gitimit\u00e9 et de sa vision royale tourn\u00e9e vers l\u2019avenir, s\u2019avance confiant vers ce moment charni\u00e8re.Une chose est s\u00fbre : la diplomatie marocaine ne cherche pas \u00e0 vaincre, mais \u00e0 <strong data-start=\"4278\" data-end=\"4328\">r\u00e9concilier l\u2019Afrique avec sa propre coh\u00e9rence<\/strong>.<\/p>\n<h3 style=\"text-align: justify;\" data-start=\"4336\" data-end=\"4364\">Questions strat\u00e9giques :<\/h3>\n<ul style=\"text-align: justify;\" data-start=\"4365\" data-end=\"4739\">\n<li data-start=\"4365\" data-end=\"4443\">\n<p data-start=\"4367\" data-end=\"4443\">La r\u00e9solution 2797 marquera-t-elle le d\u00e9but d\u2019une nouvelle \u00e8re africaine ?<\/p>\n<\/li>\n<li data-start=\"4444\" data-end=\"4535\">\n<p data-start=\"4446\" data-end=\"4535\">L\u2019Afrique du Sud et l\u2019Alg\u00e9rie peuvent-elles encore inverser la dynamique continentale ?<\/p>\n<\/li>\n<li data-start=\"4536\" data-end=\"4629\">\n<p data-start=\"4538\" data-end=\"4629\">Le sommet d\u2019Addis-Abeba consacrera-t-il la fin de la \u201cRASD\u201d comme acteur institutionnel ?<\/p>\n<\/li>\n<li data-start=\"4630\" data-end=\"4739\">\n<p data-start=\"4632\" data-end=\"4739\">Et surtout, jusqu\u2019o\u00f9 la strat\u00e9gie royale d\u2019influence douce peut-elle transformer la gouvernance africaine ?<\/p>\n<\/li>\n<\/ul>\n<p style=\"text-align: justify;\" data-start=\"4746\" data-end=\"5054\"><strong data-start=\"4749\" data-end=\"4765\">Conclusion :<\/strong><br data-start=\"4765\" data-end=\"4768\" \/>Ce qui se joue aujourd\u2019hui d\u00e9passe la seule question du Sahara. C\u2019est <strong data-start=\"4838\" data-end=\"4882\">l\u2019avenir politique du continent africain<\/strong> qui s\u2019\u00e9crit sous l\u2019impulsion d\u2019une diplomatie royale visionnaire, fid\u00e8le \u00e0 la devise : <em data-start=\"4970\" data-end=\"5054\">le r\u00e9alisme au service de la l\u00e9gitimit\u00e9, et la souverainet\u00e9 au service de la paix.<\/em><\/p>\n","protected":false},"excerpt":{"rendered":"<p>Le Maroc entre \u00e0 Addis-Abeba arm\u00e9 de la r\u00e9solution 2797 : Une bataille d\u00e9cisive s\u2019annonce\u2026 La diplomatie royale impose sa vision pour une Afrique r\u00e9aliste et unie Dans trois mois, Addis-Abeba accueillera le 38\u1d49 sommet de l\u2019Union africaine, un rendez-vous historique qui pourrait red\u00e9finir les \u00e9quilibres politiques du continent. Cette fois, le Maroc n\u2019y participera [&hellip;]<\/p>\n","protected":false},"author":2,"featured_media":1589,"comment_status":"open","ping_status":"open","sticky":false,"template":"","format":"standard","meta":{"footnotes":""},"categories":[28,40],"tags":[],"class_list":{"0":"post-1588","1":"post","2":"type-post","3":"status-publish","4":"format-standard","5":"has-post-thumbnail","7":"category-afrique","8":"category-afrique-m-o"},"_links":{"self":[{"href":"https:\/\/diplomatique.ma\/fr\/wp-json\/wp\/v2\/posts\/1588","targetHints":{"allow":["GET"]}}],"collection":[{"href":"https:\/\/diplomatique.ma\/fr\/wp-json\/wp\/v2\/posts"}],"about":[{"href":"https:\/\/diplomatique.ma\/fr\/wp-json\/wp\/v2\/types\/post"}],"author":[{"embeddable":true,"href":"https:\/\/diplomatique.ma\/fr\/wp-json\/wp\/v2\/users\/2"}],"replies":[{"embeddable":true,"href":"https:\/\/diplomatique.ma\/fr\/wp-json\/wp\/v2\/comments?post=1588"}],"version-history":[{"count":1,"href":"https:\/\/diplomatique.ma\/fr\/wp-json\/wp\/v2\/posts\/1588\/revisions"}],"predecessor-version":[{"id":1590,"href":"https:\/\/diplomatique.ma\/fr\/wp-json\/wp\/v2\/posts\/1588\/revisions\/1590"}],"wp:featuredmedia":[{"embeddable":true,"href":"https:\/\/diplomatique.ma\/fr\/wp-json\/wp\/v2\/media\/1589"}],"wp:attachment":[{"href":"https:\/\/diplomatique.ma\/fr\/wp-json\/wp\/v2\/media?parent=1588"}],"wp:term":[{"taxonomy":"category","embeddable":true,"href":"https:\/\/diplomatique.ma\/fr\/wp-json\/wp\/v2\/categories?post=1588"},{"taxonomy":"post_tag","embeddable":true,"href":"https:\/\/diplomatique.ma\/fr\/wp-json\/wp\/v2\/tags?post=1588"}],"curies":[{"name":"wp","href":"https:\/\/api.w.org\/{rel}","templated":true}]}}