{"id":1592,"date":"2025-11-15T13:49:10","date_gmt":"2025-11-15T13:49:10","guid":{"rendered":"https:\/\/diplomatique.ma\/fr\/?p=1592"},"modified":"2025-11-15T14:57:25","modified_gmt":"2025-11-15T14:57:25","slug":"mimo-kabbara-de-nouvelles-alliances-strategiques-au-service-du-cinema-marocain-a-la-cloture-du-festival-international-du-film-dauteur-de-rabat","status":"publish","type":"post","link":"https:\/\/diplomatique.ma\/fr\/mimo-kabbara-de-nouvelles-alliances-strategiques-au-service-du-cinema-marocain-a-la-cloture-du-festival-international-du-film-dauteur-de-rabat\/","title":{"rendered":"Mimo Kabbara : De nouvelles alliances strat\u00e9giques au service du cin\u00e9ma marocain \u00e0 la cl\u00f4ture du Festival International du Film d\u2019Auteur de Rabat"},"content":{"rendered":"<p style=\"text-align: justify;\" data-start=\"2071\" data-end=\"2468\">Lors de la c\u00e9r\u00e9monie de cl\u00f4ture du Festival International du Film d\u2019Auteur de Rabat, nous avons rencontr\u00e9 <strong data-start=\"2177\" data-end=\"2193\">Mimo Kabbara<\/strong>, producteur fran\u00e7ais bas\u00e9 \u00e0 <strong data-start=\"2222\" data-end=\"2232\">Cannes<\/strong> \u2014 un centre international prestigieux pour les festivals et march\u00e9s du cin\u00e9ma. Il s\u2019est dit impressionn\u00e9 par la transformation positive du cin\u00e9ma marocain, port\u00e9e par la vision ambitieuse du <strong data-start=\"2424\" data-end=\"2467\">Centre Cin\u00e9matographique Marocain (CCM)<\/strong>.<\/p>\n<div class=\"youtube-embed\" data-video_id=\"VI4oQMDkOTI\"><iframe loading=\"lazy\" title=\"Mimo Kebara Brand partnerships are reshaping investment in Moroccan cinema\" width=\"696\" height=\"392\" src=\"https:\/\/www.youtube.com\/embed\/VI4oQMDkOTI?feature=oembed&#038;enablejsapi=1\" frameborder=\"0\" allow=\"accelerometer; autoplay; clipboard-write; encrypted-media; gyroscope; picture-in-picture; web-share\" referrerpolicy=\"strict-origin-when-cross-origin\" allowfullscreen><\/iframe><\/div>\n<p style=\"text-align: justify;\" data-start=\"2470\" data-end=\"2713\">Selon lui, le <strong data-start=\"2484\" data-end=\"2544\">placement de produits et le partenariat avec les marques<\/strong> repr\u00e9sentent aujourd\u2019hui <strong data-start=\"2570\" data-end=\"2602\">un levier strat\u00e9gique majeur<\/strong>, permettant aux r\u00e9alisateurs marocains de cr\u00e9er des films ambitieux et comp\u00e9titifs \u00e0 l\u2019\u00e9chelle internationale.<\/p>\n<p style=\"text-align: justify;\" data-start=\"2715\" data-end=\"3075\">Mimo Kabbara a assist\u00e9 au festival <strong data-start=\"2750\" data-end=\"2782\">aux c\u00f4t\u00e9s de son \u00e9pouse, Rym<\/strong>, qui a jou\u00e9 un r\u00f4le actif et pr\u00e9cieux dans l\u2019organisation des rencontres et le renforcement des \u00e9changes avec les professionnels marocains et internationaux. Ensemble, ils ont contribu\u00e9 \u00e0 rapprocher le r\u00e9seau cin\u00e9matographique de Cannes de l\u2019\u00e9cosyst\u00e8me en pleine expansion du cin\u00e9ma marocain.<\/p>\n<div class=\"xb57i2i x1q594ok x5lxg6s x78zum5 xdt5ytf x6ikm8r x1ja2u2z x1pq812k x1rohswg xfk6m8 x1yqm8si xjx87ck xx8ngbg xwo3gff x1n2onr6 x1oyok0e x1odjw0f x1iyjqo2 xy5w88m\">\n<div class=\"x78zum5 xdt5ytf x1iyjqo2 x1n2onr6 xaci4zi x129vozr\">\n<div class=\"html-div xdj266r x14z9mp xat24cr x1lziwak xexx8yu xyri2b x18d9i69 x1c1uobl x78zum5 xdt5ytf x1iyjqo2 x7ywyr2\">\n<div class=\"x1n2onr6 x1ja2u2z x9f619 x78zum5 xdt5ytf x2lah0s x193iq5w xyamay9\">\n<div class=\"x9f619 x1n2onr6 x1ja2u2z x78zum5 xdt5ytf x1iyjqo2 x2lwn1j\">\n<div class=\"x9f619 x1n2onr6 x1ja2u2z x78zum5 xdt5ytf x2lah0s x193iq5w xf7dkkf xv54qhq x1k70j0n xzueoph xzboxd6 x14l7nz5\">\n<div class=\"x6s0dn4 xal61yo x1obq294 x5a5i1n xde0f50 x15x8krk x78zum5 xdt5ytf x6ikm8r x10wlt62 x1n2onr6 xh8yej3\"><iframe loading=\"lazy\" class=\"xl1xv1r\" src=\"https:\/\/www.facebook.com\/plugins\/video.php?height=314&amp;href=https%3A%2F%2Fwww.facebook.com%2Freel%2F1561923944812399%2F&amp;show_text=false&amp;width=560&amp;t=0\" width=\"560\" height=\"314\" frameborder=\"0\" scrolling=\"no\" allowfullscreen=\"allowfullscreen\" data-mce-fragment=\"1\"><\/iframe><\/div>\n<\/div>\n<\/div>\n<\/div>\n<\/div>\n<\/div>\n<div class=\"x14nfmen x1s85apg x5yr21d xtijo5x xg01cxk x10l6tqk x13vifvy x1wsgiic x19991ni xwji4o3 x1kky2od x1sd63oq\" data-visualcompletion=\"ignore\" data-thumb=\"1\"><\/div>\n<div class=\"x9f619 x1s85apg xtijo5x xexx8yu x18d9i69 x135b78x x11lfxj5 x47corl x10l6tqk x13vifvy x1n4smgl x19991ni xwji4o3 x1kky2od x1hc1fzr x1mq3mr6\" data-visualcompletion=\"ignore\" data-thumb=\"1\">\n<div class=\"x1hwfnsy xjwep3j x1t39747 x1wcsgtt x1pczhz8 x5yr21d xh8yej3\"><span style=\"text-align: justify;\">Kabbara a salu\u00e9 l\u2019organisation exemplaire du festival et les opportunit\u00e9s qu\u2019il offre pour le networking professionnel, faisant de Rabat <\/span><strong style=\"text-align: justify;\" data-start=\"3214\" data-end=\"3284\">un v\u00e9ritable carrefour culturel et cin\u00e9matographique international<\/strong><span style=\"text-align: justify;\">.<\/span><\/div>\n<\/div>\n<\/div>\n<p style=\"text-align: justify;\" data-start=\"3287\" data-end=\"3572\">Il conclut avec optimisme, affirmant que le cin\u00e9ma marocain s\u2019engage vers un avenir prometteur, soutenu par la vision du CCM et par des \u00e9v\u00e9nements majeurs tels que le Festival International du Film d\u2019Auteur de Rabat, qui renforcent la pr\u00e9sence du Maroc sur la sc\u00e8ne mondiale du cin\u00e9ma.<\/p>\n","protected":false},"excerpt":{"rendered":"<p>Lors de la c\u00e9r\u00e9monie de cl\u00f4ture du Festival International du Film d\u2019Auteur de Rabat, nous avons rencontr\u00e9 Mimo Kabbara, producteur fran\u00e7ais bas\u00e9 \u00e0 Cannes \u2014 un centre international prestigieux pour les festivals et march\u00e9s du cin\u00e9ma. Il s\u2019est dit impressionn\u00e9 par la transformation positive du cin\u00e9ma marocain, port\u00e9e par la vision ambitieuse du Centre Cin\u00e9matographique [&hellip;]<\/p>\n","protected":false},"author":2,"featured_media":1593,"comment_status":"open","ping_status":"open","sticky":false,"template":"","format":"standard","meta":{"footnotes":""},"categories":[51,53,55],"tags":[],"class_list":{"0":"post-1592","1":"post","2":"type-post","3":"status-publish","4":"format-standard","5":"has-post-thumbnail","7":"category-diplomatie-culturelle","8":"category-diplomatie-visuelle","9":"category-festival-international-du-film-dauteur-de-rabat"},"_links":{"self":[{"href":"https:\/\/diplomatique.ma\/fr\/wp-json\/wp\/v2\/posts\/1592","targetHints":{"allow":["GET"]}}],"collection":[{"href":"https:\/\/diplomatique.ma\/fr\/wp-json\/wp\/v2\/posts"}],"about":[{"href":"https:\/\/diplomatique.ma\/fr\/wp-json\/wp\/v2\/types\/post"}],"author":[{"embeddable":true,"href":"https:\/\/diplomatique.ma\/fr\/wp-json\/wp\/v2\/users\/2"}],"replies":[{"embeddable":true,"href":"https:\/\/diplomatique.ma\/fr\/wp-json\/wp\/v2\/comments?post=1592"}],"version-history":[{"count":1,"href":"https:\/\/diplomatique.ma\/fr\/wp-json\/wp\/v2\/posts\/1592\/revisions"}],"predecessor-version":[{"id":1594,"href":"https:\/\/diplomatique.ma\/fr\/wp-json\/wp\/v2\/posts\/1592\/revisions\/1594"}],"wp:featuredmedia":[{"embeddable":true,"href":"https:\/\/diplomatique.ma\/fr\/wp-json\/wp\/v2\/media\/1593"}],"wp:attachment":[{"href":"https:\/\/diplomatique.ma\/fr\/wp-json\/wp\/v2\/media?parent=1592"}],"wp:term":[{"taxonomy":"category","embeddable":true,"href":"https:\/\/diplomatique.ma\/fr\/wp-json\/wp\/v2\/categories?post=1592"},{"taxonomy":"post_tag","embeddable":true,"href":"https:\/\/diplomatique.ma\/fr\/wp-json\/wp\/v2\/tags?post=1592"}],"curies":[{"name":"wp","href":"https:\/\/api.w.org\/{rel}","templated":true}]}}