{"id":1649,"date":"2025-11-25T15:23:54","date_gmt":"2025-11-25T15:23:54","guid":{"rendered":"https:\/\/diplomatique.ma\/fr\/?p=1649"},"modified":"2025-11-25T15:23:54","modified_gmt":"2025-11-25T15:23:54","slug":"lappel-a-orlando-pont-culturel-entre-le-maroc-et-les-etats-unis-et-lexperience-de-terry-olson-dans-les-provinces-du-sud","status":"publish","type":"post","link":"https:\/\/diplomatique.ma\/fr\/lappel-a-orlando-pont-culturel-entre-le-maroc-et-les-etats-unis-et-lexperience-de-terry-olson-dans-les-provinces-du-sud\/","title":{"rendered":"\u00ab L\u2019Appel \u00bb \u00e0 Orlando : pont culturel entre le Maroc et les \u00c9tats-Unis et l\u2019exp\u00e9rience de Terry Olson dans les provinces du Sud"},"content":{"rendered":"<p style=\"text-align: justify;\" data-start=\"412\" data-end=\"907\"><strong data-start=\"412\" data-end=\"436\">Orlando \u2013 \u00c9tats-Unis<\/strong><br data-start=\"436\" data-end=\"439\" \/>La charmante ville d\u2019Orlando a accueilli une projection priv\u00e9e du documentaire marocain <strong data-start=\"527\" data-end=\"542\">\u00ab L\u2019Appel \u00bb<\/strong>, r\u00e9unissant un large public de la communaut\u00e9 marocaine-am\u00e9ricaine et des passionn\u00e9s de la culture marocaine. Organis\u00e9e par l\u2019<strong data-start=\"668\" data-end=\"712\">Association Culturelle Maroco-Am\u00e9ricaine<\/strong>, cette projection est devenue <strong data-start=\"743\" data-end=\"829\">une plateforme d\u2019\u00e9change et de dialogue entre les cultures marocaine et am\u00e9ricaine<\/strong>, soulignant les liens affectifs et culturels profonds entre les deux peuples.<\/p>\n<div class=\"youtube-embed\" data-video_id=\"Fshxp7fSprA\"><iframe loading=\"lazy\" title=\"\u201cThe Call\u201d in Orlando: Cultural Bridges Between Morocco and the U.S. and Terry Olson\u2019s\" width=\"696\" height=\"392\" src=\"https:\/\/www.youtube.com\/embed\/Fshxp7fSprA?feature=oembed&#038;enablejsapi=1\" frameborder=\"0\" allow=\"accelerometer; autoplay; clipboard-write; encrypted-media; gyroscope; picture-in-picture; web-share\" referrerpolicy=\"strict-origin-when-cross-origin\" allowfullscreen><\/iframe><\/div>\n<p style=\"text-align: justify;\" data-start=\"909\" data-end=\"1298\">Les organisateurs ont salu\u00e9 le r\u00f4le central du film dans la <strong data-start=\"969\" data-end=\"1027\">valorisation de l\u2019identit\u00e9 marocaine \u00e0 l\u2019international<\/strong>, et ont soulign\u00e9 que cette projection d\u00e9passe le simple cadre artistique pour devenir <strong data-start=\"1114\" data-end=\"1150\">un pont diplomatique et culturel<\/strong>. Le r\u00e9alisateur de ce travail historique national a su traduire \u00e0 l\u2019\u00e9cran la richesse de l\u2019histoire marocaine et l\u2019authenticit\u00e9 culturelle du pays.<\/p>\n<h3 style=\"text-align: justify;\" data-start=\"1305\" data-end=\"1377\"><strong data-start=\"1309\" data-end=\"1377\">Provinces du Sud : rayonnement culturel et d\u00e9veloppement int\u00e9gr\u00e9<\/strong><\/h3>\n<p style=\"text-align: justify;\" data-start=\"1379\" data-end=\"1632\">Cet \u00e9v\u00e9nement intervient alors que les <strong data-start=\"1418\" data-end=\"1447\">provinces du Sud du Maroc<\/strong> connaissent un d\u00e9veloppement culturel et socio-\u00e9conomique remarquable, refl\u00e9tant <strong data-start=\"1529\" data-end=\"1631\">une strat\u00e9gie nationale int\u00e9gr\u00e9e visant \u00e0 renforcer l\u2019identit\u00e9 et soutenir les populations locales<\/strong>.<\/p>\n<h4 style=\"text-align: justify;\" data-start=\"778\" data-end=\"1168\"><\/h4>\n<p><iframe loading=\"lazy\" class=\"x1ejq31n x18oe1m7 x1sy0etr xstzfhl x6ikm8r x10wlt62\" src=\"https:\/\/www.facebook.com\/plugins\/post.php?href=https%3A%2F%2Fwww.facebook.com%2Fahmed.bouchalga.5%2Fposts%2Fpfbid02TiAGsECrwJKEiU4wFEh6633Wi2oN2K8M6atB7Fr3cKDikNGnXtSk4TvRQEUzd7Svl&amp;show_text=true&amp;width=500\" width=\"500\" height=\"729\" frameborder=\"0\" scrolling=\"no\" allowfullscreen=\"allowfullscreen\" data-mce-fragment=\"1\"><\/iframe><\/p>\n<p style=\"text-align: justify;\" data-start=\"1634\" data-end=\"1677\"><strong data-start=\"1634\" data-end=\"1675\">Identit\u00e9 hassanie et patrimoine local<\/strong><\/p>\n<ul style=\"text-align: justify;\" data-start=\"1678\" data-end=\"2042\">\n<li data-start=\"1678\" data-end=\"1892\">\n<p data-start=\"1680\" data-end=\"1892\">Dans les r\u00e9gions de <strong data-start=\"1700\" data-end=\"1751\">La\u00e2youne-Sakia El Hamra et Dakhla-Oued Ed-Dahab<\/strong>, des festivals et concours culturels c\u00e9l\u00e8brent le patrimoine hassanie, mettant l\u2019accent sur la musique, la po\u00e9sie et le th\u00e9\u00e2tre populaire.<\/p>\n<\/li>\n<li data-start=\"1893\" data-end=\"2042\">\n<p data-start=\"1895\" data-end=\"2042\">Ces initiatives visent \u00e0 <strong data-start=\"1920\" data-end=\"2041\">renforcer le lien des habitants avec leur patrimoine et \u00e0 pr\u00e9server l\u2019identit\u00e9 culturelle unique des provinces du Sud<\/strong>.<\/p>\n<\/li>\n<\/ul>\n<p style=\"text-align: justify;\" data-start=\"2044\" data-end=\"2091\"><strong data-start=\"2044\" data-end=\"2089\">D\u00e9veloppement int\u00e9gr\u00e9 incluant la culture<\/strong><\/p>\n<ul style=\"text-align: justify;\" data-start=\"2092\" data-end=\"2517\">\n<li data-start=\"2092\" data-end=\"2330\">\n<p data-start=\"2094\" data-end=\"2330\">Les investissements dans les infrastructures culturelles et sociales, tels que <strong data-start=\"2173\" data-end=\"2238\">maisons de jeunes, centres culturels et structures \u00e9ducatives<\/strong>, permettent aux habitants de <strong data-start=\"2268\" data-end=\"2327\">participer activement \u00e0 la vie artistique et culturelle<\/strong>.<\/p>\n<\/li>\n<li data-start=\"2331\" data-end=\"2517\">\n<p data-start=\"2333\" data-end=\"2517\">Ces projets font partie du <strong data-start=\"2360\" data-end=\"2408\">mod\u00e8le de d\u00e9veloppement des provinces du Sud<\/strong>, int\u00e9grant \u00e9conomie, soci\u00e9t\u00e9 et culture pour un rayonnement durable \u00e0 l\u2019\u00e9chelle nationale et internationale.<\/p>\n<\/li>\n<\/ul>\n<p style=\"text-align: justify;\" data-start=\"2519\" data-end=\"2561\"><strong data-start=\"2519\" data-end=\"2559\">Dimension diplomatique et culturelle<\/strong><\/p>\n<ul style=\"text-align: justify;\" data-start=\"2562\" data-end=\"2894\">\n<li data-start=\"2562\" data-end=\"2759\">\n<p data-start=\"2564\" data-end=\"2759\">La culture marocaine, particuli\u00e8rement celle li\u00e9e au Sahara, est d\u00e9sormais <strong data-start=\"2639\" data-end=\"2671\">un outil de diplomatie douce<\/strong>, renfor\u00e7ant l\u2019image du Royaume et reliant le peuple marocain \u00e0 l\u2019Afrique et au monde.<\/p>\n<\/li>\n<li data-start=\"2760\" data-end=\"2894\">\n<p data-start=\"2762\" data-end=\"2894\">La projection de \u00ab L\u2019Appel \u00bb illustre cette approche, faisant du film un vecteur de <strong data-start=\"2846\" data-end=\"2893\">dialogue et de compr\u00e9hension internationale<\/strong>.<\/p>\n<\/li>\n<\/ul>\n<p style=\"text-align: justify;\" data-start=\"2896\" data-end=\"2945\"><strong data-start=\"2896\" data-end=\"2943\">Jeunesse et arts comme moteur de changement<\/strong><\/p>\n<ul style=\"text-align: justify;\" data-start=\"2946\" data-end=\"3294\">\n<li data-start=\"2946\" data-end=\"3168\">\n<p data-start=\"2948\" data-end=\"3168\">Les initiatives culturelles impliquent largement la jeunesse dans les activit\u00e9s artistiques et communautaires, d\u00e9veloppant <strong data-start=\"3071\" data-end=\"3132\">leurs comp\u00e9tences et leur capacit\u00e9 d\u2019influence culturelle<\/strong> au niveau local et international.<\/p>\n<\/li>\n<li data-start=\"3169\" data-end=\"3294\">\n<p data-start=\"3171\" data-end=\"3294\">La culture et les arts constituent ainsi <strong data-start=\"3212\" data-end=\"3293\">une strat\u00e9gie de d\u00e9veloppement durable fond\u00e9e sur l\u2019identit\u00e9 et le patrimoine<\/strong>.<\/p>\n<\/li>\n<\/ul>\n<h3 style=\"text-align: justify;\" data-start=\"3301\" data-end=\"3358\"><strong data-start=\"3305\" data-end=\"3358\">L\u2019exp\u00e9rience du r\u00e9alisateur am\u00e9ricain Terry Olson<\/strong><\/h3>\n<p style=\"text-align: justify;\" data-start=\"3360\" data-end=\"3702\">En parall\u00e8le, le r\u00e9alisateur am\u00e9ricain <strong data-start=\"3399\" data-end=\"3414\">Terry Olson<\/strong> partage une exp\u00e9rience unique dans les provinces du Sud. Dans un reportage vid\u00e9o, il raconte son voyage au Maroc, ses rencontres avec <strong data-start=\"3549\" data-end=\"3600\">des chefs de village et des citoyens ordinaires<\/strong>, et l\u2019\u00e9veil d\u2019une compr\u00e9hension profonde de l\u2019histoire et de l\u2019identit\u00e9 locales depuis novembre 1975.<\/p>\n<p style=\"text-align: justify;\" data-start=\"3704\" data-end=\"4132\">Olson souligne que le Maroc <strong data-start=\"3732\" data-end=\"3869\">ne se mesure pas seulement par la puissance militaire, mais par la force de ses communaut\u00e9s et leur foi dans la paix et le changement<\/strong>. Selon lui, la m\u00e9moire collective des habitants se transforme en <strong data-start=\"3935\" data-end=\"3971\">force sociale vivante et durable<\/strong>, et certaines histoires \u00ab ne sont pas destin\u00e9es \u00e0 rester dans une seule ville, mais doivent voyager, \u00eatre ressenties et inspirer tous ceux qui les d\u00e9couvrent \u00bb.<\/p>\n<p style=\"text-align: justify;\" data-start=\"4134\" data-end=\"4366\">Cette narration compl\u00e8te le message central de \u00ab L\u2019Appel \u00bb et illustre <strong data-start=\"4205\" data-end=\"4283\">l\u2019interaction dynamique entre culture, d\u00e9veloppement et identit\u00e9 nationale<\/strong>, faisant des provinces du Sud <strong data-start=\"4314\" data-end=\"4365\">un mod\u00e8le de rayonnement culturel international<\/strong>.<\/p>\n<h3 style=\"text-align: justify;\" data-start=\"4373\" data-end=\"4398\"><strong data-start=\"4377\" data-end=\"4398\">Analyse et port\u00e9e<\/strong><\/h3>\n<p style=\"text-align: justify;\" data-start=\"4400\" data-end=\"4844\">La projection de \u00ab L\u2019Appel \u00bb \u00e0 Orlando n\u2019est pas seulement un \u00e9v\u00e9nement cin\u00e9matographique, mais <strong data-start=\"4496\" data-end=\"4557\">un symbole du rayonnement culturel du Maroc dans le monde<\/strong>. L\u2019int\u00e9gration de l\u2019exp\u00e9rience de Terry Olson souligne la dimension humaine et interactive de la culture marocaine dans les provinces du Sud, confirmant que <strong data-start=\"4715\" data-end=\"4843\">la culture est un pilier essentiel pour renforcer l\u2019identit\u00e9 nationale, la coh\u00e9sion territoriale et les liens internationaux<\/strong>.<\/p>\n","protected":false},"excerpt":{"rendered":"<p>Orlando \u2013 \u00c9tats-UnisLa charmante ville d\u2019Orlando a accueilli une projection priv\u00e9e du documentaire marocain \u00ab L\u2019Appel \u00bb, r\u00e9unissant un large public de la communaut\u00e9 marocaine-am\u00e9ricaine et des passionn\u00e9s de la culture marocaine. Organis\u00e9e par l\u2019Association Culturelle Maroco-Am\u00e9ricaine, cette projection est devenue une plateforme d\u2019\u00e9change et de dialogue entre les cultures marocaine et am\u00e9ricaine, soulignant les [&hellip;]<\/p>\n","protected":false},"author":2,"featured_media":1650,"comment_status":"open","ping_status":"open","sticky":false,"template":"","format":"standard","meta":{"footnotes":""},"categories":[51,53,56],"tags":[],"class_list":{"0":"post-1649","1":"post","2":"type-post","3":"status-publish","4":"format-standard","5":"has-post-thumbnail","7":"category-diplomatie-culturelle","8":"category-diplomatie-visuelle","9":"category-portraits-vivants-des-figures-du-cinema-marocain-et-international"},"_links":{"self":[{"href":"https:\/\/diplomatique.ma\/fr\/wp-json\/wp\/v2\/posts\/1649","targetHints":{"allow":["GET"]}}],"collection":[{"href":"https:\/\/diplomatique.ma\/fr\/wp-json\/wp\/v2\/posts"}],"about":[{"href":"https:\/\/diplomatique.ma\/fr\/wp-json\/wp\/v2\/types\/post"}],"author":[{"embeddable":true,"href":"https:\/\/diplomatique.ma\/fr\/wp-json\/wp\/v2\/users\/2"}],"replies":[{"embeddable":true,"href":"https:\/\/diplomatique.ma\/fr\/wp-json\/wp\/v2\/comments?post=1649"}],"version-history":[{"count":1,"href":"https:\/\/diplomatique.ma\/fr\/wp-json\/wp\/v2\/posts\/1649\/revisions"}],"predecessor-version":[{"id":1651,"href":"https:\/\/diplomatique.ma\/fr\/wp-json\/wp\/v2\/posts\/1649\/revisions\/1651"}],"wp:featuredmedia":[{"embeddable":true,"href":"https:\/\/diplomatique.ma\/fr\/wp-json\/wp\/v2\/media\/1650"}],"wp:attachment":[{"href":"https:\/\/diplomatique.ma\/fr\/wp-json\/wp\/v2\/media?parent=1649"}],"wp:term":[{"taxonomy":"category","embeddable":true,"href":"https:\/\/diplomatique.ma\/fr\/wp-json\/wp\/v2\/categories?post=1649"},{"taxonomy":"post_tag","embeddable":true,"href":"https:\/\/diplomatique.ma\/fr\/wp-json\/wp\/v2\/tags?post=1649"}],"curies":[{"name":"wp","href":"https:\/\/api.w.org\/{rel}","templated":true}]}}