{"id":1681,"date":"2025-10-29T11:46:56","date_gmt":"2025-10-29T11:46:56","guid":{"rendered":"https:\/\/diplomatique.ma\/fr\/?p=1681"},"modified":"2025-11-29T11:50:02","modified_gmt":"2025-11-29T11:50:02","slug":"salem-bilal-quand-le-desert-devient-une-langue-diplomatique-et-que-le-cinema-simpose-comme-un-passeport-culturel","status":"publish","type":"post","link":"https:\/\/diplomatique.ma\/fr\/salem-bilal-quand-le-desert-devient-une-langue-diplomatique-et-que-le-cinema-simpose-comme-un-passeport-culturel\/","title":{"rendered":"Salem Bilal\u2026 Quand le d\u00e9sert devient une langue diplomatique et que le cin\u00e9ma s\u2019impose comme un passeport culturel"},"content":{"rendered":"<p style=\"text-align: justify;\" data-start=\"399\" data-end=\"508\"><em data-start=\"399\" data-end=\"508\">Une lecture renouvel\u00e9e de la pr\u00e9sence du r\u00e9alisateur sahraoui \u00e0 la 25\u1d49 \u00e9dition du Festival National du Film<\/em><\/p>\n<h3 style=\"text-align: justify;\" data-start=\"510\" data-end=\"570\"><strong data-start=\"514\" data-end=\"568\">Introduction : Quand l\u2019art \u00e9coute les pas du sable<\/strong><\/h3>\n<p style=\"text-align: justify;\" data-start=\"571\" data-end=\"1174\">Dans la rubrique <strong data-start=\"588\" data-end=\"629\">\u00ab Pulse Cin\u00e9matographique de Tanger \u00bb<\/strong> de <em data-start=\"633\" data-end=\"654\">Magazine Diplomatie<\/em>, nous tendons cette fois l\u2019oreille vers une voix venue du Sud, une voix qui ne cherche ni slogans ni lumi\u00e8res, mais qui porte une cam\u00e9ra transform\u00e9e, entre ses mains, en passerelle entre l\u2019homme et le d\u00e9sert, entre l\u2019identit\u00e9 et la m\u00e9moire, entre l\u2019art et la diplomatie culturelle.<br data-start=\"936\" data-end=\"939\" \/>C\u2019est <strong data-start=\"945\" data-end=\"960\">Salem Bilal<\/strong>, un r\u00e9alisateur dont les images ressemblent \u00e0 sa pr\u00e9sence : calme en surface, mais d\u2019une vitalit\u00e9 int\u00e9rieure ind\u00e9niable. Chez lui, le cadre n\u2019est jamais un simple rectangle de lumi\u00e8re \u2014 il est un acte de dialogue.<\/p>\n<p style=\"text-align: justify;\" data-start=\"1176\" data-end=\"1355\">Ici, le cin\u00e9ma cesse d\u2019\u00eatre une fabrication pour devenir <strong data-start=\"1233\" data-end=\"1281\">une langue \u00e9crite avec l\u2019ombre et la lumi\u00e8re<\/strong>, une mani\u00e8re de traduire l\u2019intimit\u00e9 humaine \u00e0 travers l\u2019infini du d\u00e9sert.<\/p>\n<div class=\"youtube-embed\" data-video_id=\"FRE3eJdpBdI\"><iframe loading=\"lazy\" title=\"\ud83c\udfac Salem Bilal: Where Art Meets Diplomacy at the 25th National Film Festival\" width=\"696\" height=\"392\" src=\"https:\/\/www.youtube.com\/embed\/FRE3eJdpBdI?start=24&#038;feature=oembed\" frameborder=\"0\" allow=\"accelerometer; autoplay; clipboard-write; encrypted-media; gyroscope; picture-in-picture; web-share\" referrerpolicy=\"strict-origin-when-cross-origin\" allowfullscreen><\/iframe><\/div>\n<h2 style=\"text-align: justify;\" data-start=\"1362\" data-end=\"1436\"><strong data-start=\"1365\" data-end=\"1436\">Corps du texte : Le parcours d\u2019un cin\u00e9aste qui \u00e9crit avec le d\u00e9sert<\/strong><\/h2>\n<h3 style=\"text-align: justify;\" data-start=\"1438\" data-end=\"1500\"><strong data-start=\"1442\" data-end=\"1498\">Du th\u00e9\u00e2tre hassani \u00e0 une cam\u00e9ra centr\u00e9e sur l\u2019humain<\/strong><\/h3>\n<p style=\"text-align: justify;\" data-start=\"1501\" data-end=\"1811\">Salem Bilal n\u2019a pas commenc\u00e9 dans les \u00e9coles de cin\u00e9ma, mais sur une petite sc\u00e8ne du sud saharien, o\u00f9 il accompagnait les enfants dans leurs premiers gestes th\u00e9\u00e2traux. L\u00e0, il d\u00e9couvre que les histoires les plus sinc\u00e8res naissent souvent loin des grandes villes et que le d\u00e9sert n\u2019est pas silence, mais m\u00e9moire.<\/p>\n<p style=\"text-align: justify;\" data-start=\"1813\" data-end=\"1975\">Cette sensibilit\u00e9, forg\u00e9e dans la simplicit\u00e9 des d\u00e9buts, deviendra plus tard une vision : filmer l\u2019homme au c\u0153ur de son espace naturel, sans artifice ni exotisme.<\/p>\n<h3 style=\"text-align: justify;\" data-start=\"1977\" data-end=\"2024\"><strong data-start=\"1981\" data-end=\"2022\">\u201cSurra d\u2019\u00e9t\u00e9\u201d\u2026 du local \u00e0 l\u2019universel<\/strong><\/h3>\n<p style=\"text-align: justify;\" data-start=\"2025\" data-end=\"2298\">Parmi les \u0153uvres qui ont marqu\u00e9 son parcours, le documentaire <strong data-start=\"2087\" data-end=\"2106\">\u00ab Surra d\u2019\u00e9t\u00e9 \u00bb<\/strong> occupe une place particuli\u00e8re.<br data-start=\"2137\" data-end=\"2140\" \/>Ce film ne parle pas de l\u2019isolement comme fuite, mais comme un choix d\u2019harmonie ; il observe l\u2019homme qui vit en dialogue direct avec l\u2019immensit\u00e9 saharienne.<\/p>\n<p style=\"text-align: justify;\" data-start=\"2300\" data-end=\"2494\">Le succ\u00e8s international du film a transform\u00e9 cette histoire locale en <strong data-start=\"2370\" data-end=\"2387\">pont culturel<\/strong>.<br data-start=\"2388\" data-end=\"2391\" \/>Le public \u00e9tranger y a d\u00e9couvert un Sahara marocain vivant, sensible, riche \u2014 loin des clich\u00e9s visuels.<\/p>\n<h3 style=\"text-align: justify;\" data-start=\"2496\" data-end=\"2583\"><strong data-start=\"2500\" data-end=\"2581\">Le Laboratoire du Cin\u00e9ma du Sahara\u2026 une d\u00e9claration d\u2019ind\u00e9pendance artistique<\/strong><\/h3>\n<p style=\"text-align: justify;\" data-start=\"2584\" data-end=\"2952\">\u00c0 travers son engagement dans le \u00ab Laboratoire du Cin\u00e9ma du Sahara \u00bb, Salem Bilal fait partie de cette g\u00e9n\u00e9ration qui cherche \u00e0 <strong data-start=\"2712\" data-end=\"2763\">lib\u00e9rer la cr\u00e9ation saharienne de toute tutelle<\/strong>.<br data-start=\"2764\" data-end=\"2767\" \/>Il d\u00e9fend l\u2019id\u00e9e simple mais n\u00e9cessaire : permettre aux cr\u00e9ateurs du Sud marocain de raconter eux-m\u00eames leurs r\u00e9cits, de composer leurs propres images, de choisir leurs propres nuances.<\/p>\n<h2 style=\"text-align: justify;\" data-start=\"2959\" data-end=\"3006\"><strong data-start=\"2962\" data-end=\"3006\">Extraits d\u2019un entretien avec Salem Bilal<\/strong><\/h2>\n<h3 style=\"text-align: justify;\" data-start=\"3008\" data-end=\"3070\"><strong data-start=\"3012\" data-end=\"3068\">\u25a0 Comment d\u00e9finissez-vous votre relation au d\u00e9sert ?<\/strong><\/h3>\n<p style=\"text-align: justify;\" data-start=\"3071\" data-end=\"3265\">\u00ab Le d\u00e9sert n\u2019est pas un d\u00e9cor pour moi\u2026 c\u2019est un mode de pens\u00e9e.<br data-start=\"3136\" data-end=\"3139\" \/>Il t\u2019oblige \u00e0 \u00e9couter. Il te donne une lumi\u00e8re qui r\u00e9v\u00e8le l\u2019essentiel.<br data-start=\"3209\" data-end=\"3212\" \/>J\u2019essaie de comprendre l\u2019\u00eatre humain \u00e0 travers lui. \u00bb<\/p>\n<h3 style=\"text-align: justify;\" data-start=\"3267\" data-end=\"3378\"><strong data-start=\"3271\" data-end=\"3376\">\u25a0 Votre cin\u00e9ma a souvent \u00e9t\u00e9 d\u00e9crit comme porteur d\u2019une dimension diplomatique. Pourquoi selon vous ?<\/strong><\/h3>\n<p style=\"text-align: justify;\" data-start=\"3379\" data-end=\"3599\">\u00ab Parce que le cin\u00e9ma cr\u00e9e naturellement des ponts.<br data-start=\"3430\" data-end=\"3433\" \/>Quand un public \u00e9tranger regarde une histoire venue du Sahara marocain, il entre dans un dialogue avec nous.<br data-start=\"3541\" data-end=\"3544\" \/>C\u2019est une diplomatie douce, discr\u00e8te, mais puissante. \u00bb<\/p>\n<h3 style=\"text-align: justify;\" data-start=\"3601\" data-end=\"3663\"><strong data-start=\"3605\" data-end=\"3661\">\u25a0 O\u00f9 placez-vous \u201cSurra d\u2019\u00e9t\u00e9\u201d dans votre parcours ?<\/strong><\/h3>\n<p style=\"text-align: justify;\" data-start=\"3664\" data-end=\"3807\">\u00ab C\u2019est le film qui m\u2019a appris que le particulier touche \u00e0 l\u2019universel.<br data-start=\"3735\" data-end=\"3738\" \/>Plus tu es proche de ta r\u00e9alit\u00e9, plus le monde se reconna\u00eet en toi. \u00bb<\/p>\n<h3 style=\"text-align: justify;\" data-start=\"3809\" data-end=\"3876\"><strong data-start=\"3813\" data-end=\"3874\">\u25a0 Que souhaitez-vous aujourd\u2019hui pour le cin\u00e9ma hassani ?<\/strong><\/h3>\n<p style=\"text-align: justify;\" data-start=\"3877\" data-end=\"4011\">\u00ab Qu\u2019il soit autonome. Qu\u2019il \u00e9crive sa propre grammaire.<br data-start=\"3933\" data-end=\"3936\" \/>Que les cin\u00e9astes du Sud ne soient plus figurants dans leur propre r\u00e9cit. \u00bb<\/p>\n<h2 style=\"text-align: justify;\" data-start=\"4018\" data-end=\"4078\"><strong data-start=\"4021\" data-end=\"4076\">Conclusion : Une pr\u00e9sence qui d\u00e9passe la projection<\/strong><\/h2>\n<p style=\"text-align: justify;\" data-start=\"4079\" data-end=\"4413\">\u00c0 la 25\u1d49 \u00e9dition du Festival National du Film, Salem Bilal n\u2019est pas seulement un r\u00e9alisateur invit\u00e9 \u2014 il est <strong data-start=\"4189\" data-end=\"4211\">un nouveau souffle<\/strong> qui relie la cr\u00e9ation au patrimoine, et la vision artistique \u00e0 la diplomatie culturelle.<br data-start=\"4300\" data-end=\"4303\" \/>Son \u0153uvre rappelle que le d\u00e9sert marocain n\u2019est pas un arri\u00e8re-plan, mais un espace de sens et de narration.<\/p>\n<p style=\"text-align: justify;\" data-start=\"4415\" data-end=\"4565\">Il est, sans conteste, l\u2019un des visages marquants de cette \u00e9dition : un artiste qui redessine la place du Sud dans la carte cin\u00e9matographique du pays.<\/p>\n","protected":false},"excerpt":{"rendered":"<p>Une lecture renouvel\u00e9e de la pr\u00e9sence du r\u00e9alisateur sahraoui \u00e0 la 25\u1d49 \u00e9dition du Festival National du Film Introduction : Quand l\u2019art \u00e9coute les pas du sable Dans la rubrique \u00ab Pulse Cin\u00e9matographique de Tanger \u00bb de Magazine Diplomatie, nous tendons cette fois l\u2019oreille vers une voix venue du Sud, une voix qui ne cherche [&hellip;]<\/p>\n","protected":false},"author":2,"featured_media":1682,"comment_status":"open","ping_status":"open","sticky":false,"template":"","format":"standard","meta":{"footnotes":""},"categories":[51,52,54],"tags":[],"class_list":{"0":"post-1681","1":"post","2":"type-post","3":"status-publish","4":"format-standard","5":"has-post-thumbnail","7":"category-diplomatie-culturelle","8":"category-diplomatie-par-le-cinema","9":"category-festival-national-du-film-de-tanger"},"_links":{"self":[{"href":"https:\/\/diplomatique.ma\/fr\/wp-json\/wp\/v2\/posts\/1681","targetHints":{"allow":["GET"]}}],"collection":[{"href":"https:\/\/diplomatique.ma\/fr\/wp-json\/wp\/v2\/posts"}],"about":[{"href":"https:\/\/diplomatique.ma\/fr\/wp-json\/wp\/v2\/types\/post"}],"author":[{"embeddable":true,"href":"https:\/\/diplomatique.ma\/fr\/wp-json\/wp\/v2\/users\/2"}],"replies":[{"embeddable":true,"href":"https:\/\/diplomatique.ma\/fr\/wp-json\/wp\/v2\/comments?post=1681"}],"version-history":[{"count":1,"href":"https:\/\/diplomatique.ma\/fr\/wp-json\/wp\/v2\/posts\/1681\/revisions"}],"predecessor-version":[{"id":1683,"href":"https:\/\/diplomatique.ma\/fr\/wp-json\/wp\/v2\/posts\/1681\/revisions\/1683"}],"wp:featuredmedia":[{"embeddable":true,"href":"https:\/\/diplomatique.ma\/fr\/wp-json\/wp\/v2\/media\/1682"}],"wp:attachment":[{"href":"https:\/\/diplomatique.ma\/fr\/wp-json\/wp\/v2\/media?parent=1681"}],"wp:term":[{"taxonomy":"category","embeddable":true,"href":"https:\/\/diplomatique.ma\/fr\/wp-json\/wp\/v2\/categories?post=1681"},{"taxonomy":"post_tag","embeddable":true,"href":"https:\/\/diplomatique.ma\/fr\/wp-json\/wp\/v2\/tags?post=1681"}],"curies":[{"name":"wp","href":"https:\/\/api.w.org\/{rel}","templated":true}]}}