{"id":1693,"date":"2025-12-01T01:40:18","date_gmt":"2025-12-01T01:40:18","guid":{"rendered":"https:\/\/diplomatique.ma\/fr\/?p=1693"},"modified":"2025-12-01T11:13:17","modified_gmt":"2025-12-01T11:13:17","slug":"marrakech-celebre-jodie-foster-quand-lhommage-devient-une-lecture-du-cinema-plutot-quun-simple-rituel","status":"publish","type":"post","link":"https:\/\/diplomatique.ma\/fr\/marrakech-celebre-jodie-foster-quand-lhommage-devient-une-lecture-du-cinema-plutot-quun-simple-rituel\/","title":{"rendered":"Marrakech c\u00e9l\u00e8bre Jodie Foster\u2026 quand l\u2019hommage devient une lecture du cin\u00e9ma plut\u00f4t qu\u2019un simple rituel"},"content":{"rendered":"<p style=\"text-align: justify;\" data-start=\"294\" data-end=\"653\">Ce soir-l\u00e0, Marrakech ne s\u2019est pas content\u00e9e d\u2019accueillir une star mondiale. La ville donnait l\u2019impression d\u2019entrer en dialogue avec la m\u00e9moire m\u00eame du septi\u00e8me art.<br data-start=\"459\" data-end=\"462\" \/>L\u2019hommage rendu \u00e0 <strong data-start=\"480\" data-end=\"496\">Jodie Foster<\/strong> n\u2019\u00e9tait pas une formalit\u00e9 mondaine, mais une invitation \u00e0 revisiter une trajectoire qui a fa\u00e7onn\u00e9 une part essentielle de ce que nous aimons dans le cin\u00e9ma.<\/p>\n<p style=\"text-align: justify;\" data-start=\"655\" data-end=\"1067\">Foster, qui a grandi sous les projecteurs avant de s\u2019imposer comme une actrice d\u2019une rare intelligence \u00e9motionnelle, n\u2019a pas \u00e9t\u00e9 honor\u00e9e pour la longueur de sa carri\u00e8re, mais pour la <strong data-start=\"838\" data-end=\"875\">coh\u00e9rence d\u2019un parcours audacieux<\/strong> : audace dans le choix des r\u00f4les, audace dans la rupture avec les attentes, audace surtout dans sa fid\u00e9lit\u00e9 \u00e0 une certaine exigence artistique au milieu de l\u2019industrialisation hollywoodienne.<\/p>\n<p data-start=\"655\" data-end=\"1067\"><iframe loading=\"lazy\" class=\"x1ejq31n x18oe1m7 x1sy0etr xstzfhl x6ikm8r x10wlt62\" src=\"https:\/\/www.facebook.com\/plugins\/post.php?href=https%3A%2F%2Fwww.facebook.com%2FMarrakechFilmFestival%2Fposts%2Fpfbid0UygAcA9fZNAn1RBTfTThAEG68245kJipmw47fmAuVDHX1QPd4a7oD6d21ojm94Yl&amp;show_text=true&amp;width=500\" width=\"500\" height=\"787\" frameborder=\"0\" scrolling=\"no\" allowfullscreen=\"allowfullscreen\"><\/iframe><\/p>\n<p style=\"text-align: justify;\" data-start=\"1069\" data-end=\"1384\">La salle s\u2019est illumin\u00e9e lorsque le r\u00e9alisateur cor\u00e9en <strong data-start=\"1124\" data-end=\"1140\">Bong Joon-ho<\/strong> lui a remis l\u2019\u00c9toile d\u2019or. Une sc\u00e8ne qui r\u00e9unissait deux univers stylistiques distincts : la lucidit\u00e9 sociale de Bong et la profondeur psychologique de Foster. C\u2019\u00e9tait un moment o\u00f9 le cin\u00e9ma, d\u00e9barrass\u00e9 de ses fronti\u00e8res, devenait pur langage.<\/p>\n<p style=\"text-align: justify;\" data-start=\"1386\" data-end=\"1747\">Puis est apparu le message vid\u00e9o de <strong data-start=\"1422\" data-end=\"1441\">Martin Scorsese<\/strong>. Une surprise qui a ajout\u00e9 une dimension presque historique \u00e0 l\u2019hommage : lorsque l\u2019un des ma\u00eetres incontest\u00e9s du cin\u00e9ma am\u00e9ricain adresse un salut \u00e0 une actrice qu\u2019il consid\u00e8re comme essentielle, la c\u00e9r\u00e9monie d\u00e9passe imm\u00e9diatement son cadre protocolaire pour devenir un acte de reconnaissance artistique.<\/p>\n<p style=\"text-align: justify;\" data-start=\"1749\" data-end=\"2052\">Mais au-del\u00e0 de Foster, cet hommage disait quelque chose de <strong data-start=\"1809\" data-end=\"1832\">Marrakech elle-m\u00eame<\/strong>. En deux d\u00e9cennies, le festival a transform\u00e9 la ville en un espace o\u00f9 les grands noms du cin\u00e9ma viennent non seulement \u00eatre honor\u00e9s, mais participer \u00e0 une r\u00e9flexion plus large sur la cr\u00e9ation et sur l\u2019avenir de cet art.<\/p>\n<p style=\"text-align: justify;\" data-start=\"2054\" data-end=\"2493\">L\u2019hommage rendu \u00e0 Jodie Foster n\u2019\u00e9tait pas une simple c\u00e9l\u00e9bration.<br data-start=\"2120\" data-end=\"2123\" \/>C\u2019\u00e9tait une <strong data-start=\"2135\" data-end=\"2168\">d\u00e9claration cin\u00e9matographique<\/strong> : la v\u00e9ritable grandeur artistique ne r\u00e9side ni dans le glamour ni dans les chiffres, mais dans cette capacit\u00e9 rare \u00e0 interroger le monde, \u00e0 toucher l\u2019humain, et \u00e0 survivre au temps.<br data-start=\"2351\" data-end=\"2354\" \/>Ce soir-l\u00e0, Foster n\u2019\u00e9tait pas seulement l\u2019invit\u00e9e d\u2019honneur\u2026 elle \u00e9tait une le\u00e7on vivante sur ce que signifie rester fid\u00e8le \u00e0 son essence.<\/p>\n","protected":false},"excerpt":{"rendered":"<p>Ce soir-l\u00e0, Marrakech ne s\u2019est pas content\u00e9e d\u2019accueillir une star mondiale. La ville donnait l\u2019impression d\u2019entrer en dialogue avec la m\u00e9moire m\u00eame du septi\u00e8me art.L\u2019hommage rendu \u00e0 Jodie Foster n\u2019\u00e9tait pas une formalit\u00e9 mondaine, mais une invitation \u00e0 revisiter une trajectoire qui a fa\u00e7onn\u00e9 une part essentielle de ce que nous aimons dans le cin\u00e9ma. [&hellip;]<\/p>\n","protected":false},"author":3,"featured_media":1694,"comment_status":"open","ping_status":"open","sticky":false,"template":"","format":"standard","meta":{"footnotes":""},"categories":[59,51,52],"tags":[],"class_list":{"0":"post-1693","1":"post","2":"type-post","3":"status-publish","4":"format-standard","5":"has-post-thumbnail","7":"category-22-edition-du-festival-international-du-film-de-marrakech","8":"category-diplomatie-culturelle","9":"category-diplomatie-par-le-cinema"},"_links":{"self":[{"href":"https:\/\/diplomatique.ma\/fr\/wp-json\/wp\/v2\/posts\/1693","targetHints":{"allow":["GET"]}}],"collection":[{"href":"https:\/\/diplomatique.ma\/fr\/wp-json\/wp\/v2\/posts"}],"about":[{"href":"https:\/\/diplomatique.ma\/fr\/wp-json\/wp\/v2\/types\/post"}],"author":[{"embeddable":true,"href":"https:\/\/diplomatique.ma\/fr\/wp-json\/wp\/v2\/users\/3"}],"replies":[{"embeddable":true,"href":"https:\/\/diplomatique.ma\/fr\/wp-json\/wp\/v2\/comments?post=1693"}],"version-history":[{"count":1,"href":"https:\/\/diplomatique.ma\/fr\/wp-json\/wp\/v2\/posts\/1693\/revisions"}],"predecessor-version":[{"id":1695,"href":"https:\/\/diplomatique.ma\/fr\/wp-json\/wp\/v2\/posts\/1693\/revisions\/1695"}],"wp:featuredmedia":[{"embeddable":true,"href":"https:\/\/diplomatique.ma\/fr\/wp-json\/wp\/v2\/media\/1694"}],"wp:attachment":[{"href":"https:\/\/diplomatique.ma\/fr\/wp-json\/wp\/v2\/media?parent=1693"}],"wp:term":[{"taxonomy":"category","embeddable":true,"href":"https:\/\/diplomatique.ma\/fr\/wp-json\/wp\/v2\/categories?post=1693"},{"taxonomy":"post_tag","embeddable":true,"href":"https:\/\/diplomatique.ma\/fr\/wp-json\/wp\/v2\/tags?post=1693"}],"curies":[{"name":"wp","href":"https:\/\/api.w.org\/{rel}","templated":true}]}}