{"id":1710,"date":"2025-12-01T15:07:09","date_gmt":"2025-12-01T15:07:09","guid":{"rendered":"https:\/\/diplomatique.ma\/fr\/?p=1710"},"modified":"2025-12-01T15:46:28","modified_gmt":"2025-12-01T15:46:28","slug":"meryem-touzani-ramene-zanka-malqa-au-maroc-une-projection-empreinte-de-chaleur-et-dintimite","status":"publish","type":"post","link":"https:\/\/diplomatique.ma\/fr\/meryem-touzani-ramene-zanka-malqa-au-maroc-une-projection-empreinte-de-chaleur-et-dintimite\/","title":{"rendered":"Meryem Touzani ram\u00e8ne \u00ab\u00a0Zanka Malqa\u00a0\u00bb au Maroc\u2026 une projection empreinte de chaleur et d\u2019intimit\u00e9"},"content":{"rendered":"<p style=\"text-align: justify;\" data-start=\"235\" data-end=\"545\">Le cin\u00e9ma marocain a c\u00e9l\u00e9br\u00e9 un film qui porte une empreinte artistique forte. La r\u00e9alisatrice <strong data-start=\"330\" data-end=\"348\">Meryem Touzani<\/strong> a pr\u00e9sent\u00e9 son dernier long-m\u00e9trage, <strong data-start=\"386\" data-end=\"403\">\u00ab\u00a0Zanka Malqa\u00a0\u00bb<\/strong>, lors d\u2019une projection sp\u00e9ciale au Maroc, un \u00e9v\u00e9nement marqu\u00e9 par la chaleur et l\u2019intimit\u00e9, laissant une impression profonde sur le public.<\/p>\n<p style=\"text-align: justify;\" data-start=\"547\" data-end=\"1045\">Cette projection ne se limitait pas \u00e0 une simple diffusion. Elle a \u00e9t\u00e9 <strong data-start=\"618\" data-end=\"677\">un v\u00e9ritable dialogue entre le film et son public local<\/strong>, o\u00f9 les spectateurs ont pu s\u2019asseoir pr\u00e8s de l\u2019\u00e9quipe, ressentir le rythme et l\u2019\u00e9motion de chaque sc\u00e8ne, et vivre le film de l\u2019int\u00e9rieur. L\u2019\u00e9v\u00e9nement a rassembl\u00e9 la com\u00e9dienne <strong data-start=\"854\" data-end=\"869\">Carmen Mura<\/strong>, l\u2019acteur <strong data-start=\"880\" data-end=\"896\">Ahmed Boulan<\/strong>, et le producteur renomm\u00e9 <strong data-start=\"923\" data-end=\"939\">Nabil Ayouch<\/strong>, formant avec Touzani une \u00e9quipe artistique solide, r\u00e9solue \u00e0 cr\u00e9er un cin\u00e9ma authentiquement marocain.<\/p>\n<p data-start=\"547\" data-end=\"1045\"><iframe loading=\"lazy\" class=\"x1ejq31n x18oe1m7 x1sy0etr xstzfhl x6ikm8r x10wlt62\" src=\"https:\/\/www.facebook.com\/plugins\/post.php?href=https%3A%2F%2Fwww.facebook.com%2FMarrakechFilmFestival%2Fposts%2Fpfbid02MGEDdB7LvENmVoUUdXV7mrb76r2yz1HnC6yXZ9sZ7LGTmeQjkeXmbXUK4WtaXHgGl&amp;show_text=true&amp;width=500\" width=\"500\" height=\"748\" frameborder=\"0\" scrolling=\"no\" allowfullscreen=\"allowfullscreen\"><\/iframe><\/p>\n<p style=\"text-align: justify;\" data-start=\"1047\" data-end=\"1495\">\u00ab\u00a0Zanka Malqa\u00a0\u00bb va au-del\u00e0 d\u2019une simple narration ; il offre une <strong data-start=\"1110\" data-end=\"1243\">vision cin\u00e9matographique qui explore les tensions de la vie quotidienne et les luttes de l\u2019individu dans son environnement social<\/strong>, tout en int\u00e9grant un souffle artistique moderne. Le style de Touzani se distingue par sa sensibilit\u00e9 dans le traitement des personnages et sa capacit\u00e9 \u00e0 immerger le spectateur dans chaque instant, comme s\u2019il faisait partie int\u00e9grante de l\u2019histoire.<\/p>\n<div class=\"x9f619 x1n2onr6 x1ja2u2z x78zum5 xdt5ytf x2lah0s x193iq5w xf7dkkf xv54qhq x1k70j0n xzueoph xzboxd6 x14l7nz5\">\n<div class=\"x6s0dn4 xal61yo x1obq294 x5a5i1n xde0f50 x15x8krk x78zum5 xdt5ytf x6ikm8r x10wlt62 x1n2onr6 xh8yej3\"><iframe loading=\"lazy\" class=\"xl1xv1r\" src=\"https:\/\/www.facebook.com\/plugins\/video.php?height=476&amp;href=https%3A%2F%2Fwww.facebook.com%2Freel%2F33109311545319753%2F&amp;show_text=false&amp;width=267&amp;t=0\" width=\"267\" height=\"476\" frameborder=\"0\" scrolling=\"no\" allowfullscreen=\"allowfullscreen\" data-mce-fragment=\"1\"><\/iframe><\/div>\n<\/div>\n<p style=\"text-align: justify;\" data-start=\"1497\" data-end=\"1737\">Le public n\u2019a pas seulement applaudi chaleureusement, il a \u00e9galement particip\u00e9 \u00e0 des discussions apr\u00e8s la projection, t\u00e9moignant de son int\u00e9r\u00eat pour les questions d\u2019<strong data-start=\"1662\" data-end=\"1714\">identit\u00e9, d\u2019appartenance et des d\u00e9fis quotidiens<\/strong> que soul\u00e8ve le film.<\/p>\n<p style=\"text-align: justify;\" data-start=\"1739\" data-end=\"2136\">Avec cette projection, Meryem Touzani confirme que le cin\u00e9ma marocain <strong data-start=\"1809\" data-end=\"1847\">est bien plus qu\u2019un divertissement<\/strong> : il est un espace de dialogue, de r\u00e9flexion et d\u2019exp\u00e9rience humaine. \u00ab\u00a0Zanka Malqa\u00a0\u00bb consolide ainsi sa place parmi les r\u00e9alisateurs capables de conjuguer authenticit\u00e9 et innovation contemporaine, en portant des histoires marocaines sur la sc\u00e8ne internationale avec finesse et inspiration.<\/p>\n","protected":false},"excerpt":{"rendered":"<p>Le cin\u00e9ma marocain a c\u00e9l\u00e9br\u00e9 un film qui porte une empreinte artistique forte. La r\u00e9alisatrice Meryem Touzani a pr\u00e9sent\u00e9 son dernier long-m\u00e9trage, \u00ab\u00a0Zanka Malqa\u00a0\u00bb, lors d\u2019une projection sp\u00e9ciale au Maroc, un \u00e9v\u00e9nement marqu\u00e9 par la chaleur et l\u2019intimit\u00e9, laissant une impression profonde sur le public. Cette projection ne se limitait pas \u00e0 une simple diffusion. [&hellip;]<\/p>\n","protected":false},"author":3,"featured_media":1711,"comment_status":"open","ping_status":"open","sticky":false,"template":"","format":"standard","meta":{"footnotes":""},"categories":[59,51,52],"tags":[],"class_list":{"0":"post-1710","1":"post","2":"type-post","3":"status-publish","4":"format-standard","5":"has-post-thumbnail","7":"category-22-edition-du-festival-international-du-film-de-marrakech","8":"category-diplomatie-culturelle","9":"category-diplomatie-par-le-cinema"},"_links":{"self":[{"href":"https:\/\/diplomatique.ma\/fr\/wp-json\/wp\/v2\/posts\/1710","targetHints":{"allow":["GET"]}}],"collection":[{"href":"https:\/\/diplomatique.ma\/fr\/wp-json\/wp\/v2\/posts"}],"about":[{"href":"https:\/\/diplomatique.ma\/fr\/wp-json\/wp\/v2\/types\/post"}],"author":[{"embeddable":true,"href":"https:\/\/diplomatique.ma\/fr\/wp-json\/wp\/v2\/users\/3"}],"replies":[{"embeddable":true,"href":"https:\/\/diplomatique.ma\/fr\/wp-json\/wp\/v2\/comments?post=1710"}],"version-history":[{"count":2,"href":"https:\/\/diplomatique.ma\/fr\/wp-json\/wp\/v2\/posts\/1710\/revisions"}],"predecessor-version":[{"id":1713,"href":"https:\/\/diplomatique.ma\/fr\/wp-json\/wp\/v2\/posts\/1710\/revisions\/1713"}],"wp:featuredmedia":[{"embeddable":true,"href":"https:\/\/diplomatique.ma\/fr\/wp-json\/wp\/v2\/media\/1711"}],"wp:attachment":[{"href":"https:\/\/diplomatique.ma\/fr\/wp-json\/wp\/v2\/media?parent=1710"}],"wp:term":[{"taxonomy":"category","embeddable":true,"href":"https:\/\/diplomatique.ma\/fr\/wp-json\/wp\/v2\/categories?post=1710"},{"taxonomy":"post_tag","embeddable":true,"href":"https:\/\/diplomatique.ma\/fr\/wp-json\/wp\/v2\/tags?post=1710"}],"curies":[{"name":"wp","href":"https:\/\/api.w.org\/{rel}","templated":true}]}}