{"id":1726,"date":"2025-12-02T14:40:45","date_gmt":"2025-12-02T14:40:45","guid":{"rendered":"https:\/\/diplomatique.ma\/fr\/?p=1726"},"modified":"2025-12-02T14:40:45","modified_gmt":"2025-12-02T14:40:45","slug":"lecture-personnelle-et-analytique-des-mots-de-meryam-touzani-quand-le-cinema-devient-une-reaction-emotionnelle-avant-detre-un-projet-artistique","status":"publish","type":"post","link":"https:\/\/diplomatique.ma\/fr\/lecture-personnelle-et-analytique-des-mots-de-meryam-touzani-quand-le-cinema-devient-une-reaction-emotionnelle-avant-detre-un-projet-artistique\/","title":{"rendered":"Lecture personnelle et analytique des mots de Meryam Touzani : quand le cin\u00e9ma devient une r\u00e9action \u00e9motionnelle avant d\u2019\u00eatre un projet artistique"},"content":{"rendered":"<p style=\"text-align: justify;\" data-start=\"284\" data-end=\"655\">Ce que Meryam Touzani a exprim\u00e9 lors du Festival International du Film de Marrakech cette ann\u00e9e n\u2019\u00e9tait pas une simple d\u00e9claration. C\u2019\u00e9tait presque un <strong data-start=\"435\" data-end=\"448\">aveu rare<\/strong>, de ceux que les r\u00e9alisateurs h\u00e9sitent \u00e0 partager face aux cam\u00e9ras. Lorsqu\u2019on lui demande : \u00ab D\u2019o\u00f9 viennent vos histoires ? \u00bb, sa r\u00e9ponse d\u00e9sarmante, <strong data-start=\"599\" data-end=\"630\">\u00ab Je ne sais pas moi-m\u00eame \u00bb<\/strong>, ouvre le vrai dialogue.<\/p>\n<div class=\"xb57i2i x1q594ok x5lxg6s x78zum5 xdt5ytf x6ikm8r x1ja2u2z x1pq812k x1rohswg xfk6m8 x1yqm8si xjx87ck xx8ngbg xwo3gff x1n2onr6 x1oyok0e x1odjw0f x1iyjqo2 xy5w88m\">\n<div class=\"x78zum5 xdt5ytf x1iyjqo2 x1n2onr6 xaci4zi x129vozr\">\n<div class=\"html-div xdj266r x14z9mp xat24cr x1lziwak xexx8yu xyri2b x18d9i69 x1c1uobl x78zum5 xdt5ytf x1iyjqo2 x7ywyr2\">\n<div class=\"x1n2onr6 x1ja2u2z x9f619 x78zum5 xdt5ytf x2lah0s x193iq5w xyamay9\">\n<div class=\"x9f619 x1n2onr6 x1ja2u2z x78zum5 xdt5ytf x1iyjqo2 x2lwn1j\">\n<div class=\"x9f619 x1n2onr6 x1ja2u2z x78zum5 xdt5ytf x2lah0s x193iq5w xf7dkkf xv54qhq x1k70j0n xzueoph xzboxd6 x14l7nz5\">\n<div class=\"x6s0dn4 xal61yo x1obq294 x5a5i1n xde0f50 x15x8krk x78zum5 xdt5ytf x6ikm8r x10wlt62 x1n2onr6 xh8yej3\"><iframe loading=\"lazy\" class=\"xl1xv1r\" src=\"https:\/\/www.facebook.com\/plugins\/video.php?height=476&amp;href=https%3A%2F%2Fwww.facebook.com%2Freel%2F1399133885175983%2F&amp;show_text=false&amp;width=267&amp;t=0\" width=\"267\" height=\"476\" frameborder=\"0\" scrolling=\"no\" allowfullscreen=\"allowfullscreen\" data-mce-fragment=\"1\"><\/iframe><\/div>\n<\/div>\n<\/div>\n<\/div>\n<\/div>\n<\/div>\n<div class=\"x14nfmen x1s85apg x5yr21d xtijo5x xg01cxk x10l6tqk x13vifvy x1wsgiic x19991ni xwji4o3 x1kky2od x1sd63oq\" data-visualcompletion=\"ignore\" data-thumb=\"1\"><\/div>\n<div class=\"x9f619 x1s85apg xtijo5x xexx8yu x18d9i69 x135b78x x11lfxj5 x47corl x10l6tqk x13vifvy x1n4smgl x19991ni xwji4o3 x1kky2od x1hc1fzr x1mq3mr6\" data-visualcompletion=\"ignore\" data-thumb=\"1\">\n<div class=\"x1hwfnsy xjwep3j x1t39747 x1wcsgtt x1pczhz8 x5yr21d xh8yej3\"><strong style=\"color: #111111; font-family: Roboto, sans-serif; font-size: 22px; text-align: justify;\" data-start=\"661\" data-end=\"719\">\u00c9crire comme \u00e9tat psychologique avant d\u2019\u00eatre technique<\/strong><\/div>\n<\/div>\n<\/div>\n<p style=\"text-align: justify;\" data-start=\"720\" data-end=\"1089\">On sent, en l\u2019\u00e9coutant, que Touzani ne voit pas le cin\u00e9ma comme un m\u00e9tier mais comme une <strong data-start=\"809\" data-end=\"831\">respiration vitale<\/strong>. Elle n\u2019\u00e9crit pas parce qu\u2019elle a d\u00e9j\u00e0 une histoire ou un message, mais parce qu\u2019elle <strong data-start=\"918\" data-end=\"947\">ne peut pas ne pas \u00e9crire<\/strong>.<br data-start=\"948\" data-end=\"951\" \/>Cette \u00e9criture, instinctive et intuitive, commence dans le corps : dans un frisson, dans une douleur, dans un souvenir qui refuse l\u2019oubli.<\/p>\n<h3 style=\"text-align: justify;\" data-start=\"1091\" data-end=\"1117\"><strong data-start=\"1095\" data-end=\"1117\">Une honn\u00eatet\u00e9 rare<\/strong><\/h3>\n<p style=\"text-align: justify;\" data-start=\"1118\" data-end=\"1477\">Dire qu\u2019elle ignore l\u2019origine de ses histoires n\u2019est pas un aveu d\u2019ignorance mais un <strong data-start=\"1203\" data-end=\"1232\">acte de v\u00e9rit\u00e9 artistique<\/strong> :<br data-start=\"1234\" data-end=\"1237\" \/><strong data-start=\"1237\" data-end=\"1329\">\u00ab Ce ne sont pas moi qui invente les histoires\u2026 ce sont elles qui frappent \u00e0 ma porte. \u00bb<\/strong><br data-start=\"1329\" data-end=\"1332\" \/>Tandis que beaucoup de r\u00e9alisateurs construisent l\u2019image du cr\u00e9ateur omniscient, Touzani choisit la sinc\u00e9rit\u00e9 et la proximit\u00e9 avec le spectateur.<\/p>\n<h3 style=\"text-align: justify;\" data-start=\"1479\" data-end=\"1515\"><strong data-start=\"1483\" data-end=\"1515\">Mais\u2026 l\u2019instinct suffit-il ?<\/strong><\/h3>\n<p style=\"text-align: justify;\" data-start=\"1516\" data-end=\"1846\">Cette cr\u00e9ativit\u00e9 instinctive s\u00e9duit les critiques, mais pose une question essentielle :<br data-start=\"1603\" data-end=\"1606\" \/>Le cin\u00e9ma peut-il toujours se nourrir uniquement de l\u2019\u00e9motion ?<br data-start=\"1669\" data-end=\"1672\" \/>Ou toute impulsion int\u00e9rieure a-t-elle besoin d\u2019une structure consciente, d\u2019une forme qui la guide ?<br data-start=\"1772\" data-end=\"1775\" \/>C\u2019est cette tension d\u00e9licieuse qui fait la singularit\u00e9 de son parcours.<\/p>\n<h3 style=\"text-align: justify;\" data-start=\"1848\" data-end=\"1887\"><strong data-start=\"1852\" data-end=\"1887\">Touzani dans le cin\u00e9ma marocain<\/strong><\/h3>\n<p style=\"text-align: justify;\" data-start=\"1888\" data-end=\"2291\">Dans un contexte cin\u00e9matographique qui oscille entre exp\u00e9rimentation et engagement social, la d\u00e9marche de Touzani pose la question : le cin\u00e9ma doit-il exprimer <strong data-start=\"2048\" data-end=\"2058\">le soi<\/strong> ou <strong data-start=\"2062\" data-end=\"2074\">le monde<\/strong> ?<br data-start=\"2076\" data-end=\"2079\" \/>Sa pr\u00e9f\u00e9rence va clairement au <strong data-start=\"2110\" data-end=\"2117\">soi<\/strong>, au mouvement int\u00e9rieur, au silence avant la lumi\u00e8re. Cela conf\u00e8re \u00e0 ses films une sensibilit\u00e9 particuli\u00e8re et la place dans un dialogue constant sur le sens m\u00eame du cin\u00e9ma.<\/p>\n<h3 style=\"text-align: justify;\" data-start=\"2293\" data-end=\"2323\"><strong data-start=\"2297\" data-end=\"2323\">Que r\u00e9v\u00e8le ce besoin ?<\/strong><\/h3>\n<p style=\"text-align: justify;\" data-start=\"2324\" data-end=\"2650\">Quand tout commence par un \u201cbesoin\u201d et non une id\u00e9e, on ressent un appel non exprim\u00e9, une obsession ou un murmure int\u00e9rieur :<br data-start=\"2449\" data-end=\"2452\" \/>Est-ce le besoin de reconnaissance ?<br data-start=\"2488\" data-end=\"2491\" \/>De protection ?<br data-start=\"2506\" data-end=\"2509\" \/>D\u2019affronter une faiblesse personnelle ?<br data-start=\"2548\" data-end=\"2551\" \/>Ou de dire ce qui ne peut \u00eatre dit socialement ?<br data-start=\"2599\" data-end=\"2602\" \/>Voil\u00e0 ce qui fait la singularit\u00e9 de sa d\u00e9marche.<\/p>\n<h3 style=\"text-align: justify;\" data-start=\"2657\" data-end=\"2675\"><strong data-start=\"2661\" data-end=\"2675\">Conclusion<\/strong><\/h3>\n<p style=\"text-align: justify;\" data-start=\"2676\" data-end=\"3074\">Les paroles de Meryam Touzani ne r\u00e9v\u00e8lent pas seulement sa m\u00e9thode d\u2019\u00e9criture, mais sa relation \u00e0 elle-m\u00eame, \u00e0 son histoire et aux espaces \u00e9motionnels qui deviennent films.<br data-start=\"2848\" data-end=\"2851\" \/>Il y a dans ses mots <strong data-start=\"2872\" data-end=\"2917\">du po\u00e9tique, de l\u2019inqui\u00e9tude et de l\u2019aveu<\/strong>\u2014ce qui rend l\u2019analyse de son exp\u00e9rience essentielle pour comprendre non seulement ses films, mais aussi les transformations du cin\u00e9ma marocain contemporain.<\/p>\n","protected":false},"excerpt":{"rendered":"<p>Ce que Meryam Touzani a exprim\u00e9 lors du Festival International du Film de Marrakech cette ann\u00e9e n\u2019\u00e9tait pas une simple d\u00e9claration. C\u2019\u00e9tait presque un aveu rare, de ceux que les r\u00e9alisateurs h\u00e9sitent \u00e0 partager face aux cam\u00e9ras. Lorsqu\u2019on lui demande : \u00ab D\u2019o\u00f9 viennent vos histoires ? \u00bb, sa r\u00e9ponse d\u00e9sarmante, \u00ab Je ne sais [&hellip;]<\/p>\n","protected":false},"author":3,"featured_media":1727,"comment_status":"open","ping_status":"open","sticky":false,"template":"","format":"standard","meta":{"footnotes":""},"categories":[59,58,51,52,53],"tags":[],"class_list":{"0":"post-1726","1":"post","2":"type-post","3":"status-publish","4":"format-standard","5":"has-post-thumbnail","7":"category-22-edition-du-festival-international-du-film-de-marrakech","8":"category-analyse-culturelle-diplomatique-des-textes-artistiques","9":"category-diplomatie-culturelle","10":"category-diplomatie-par-le-cinema","11":"category-diplomatie-visuelle"},"_links":{"self":[{"href":"https:\/\/diplomatique.ma\/fr\/wp-json\/wp\/v2\/posts\/1726","targetHints":{"allow":["GET"]}}],"collection":[{"href":"https:\/\/diplomatique.ma\/fr\/wp-json\/wp\/v2\/posts"}],"about":[{"href":"https:\/\/diplomatique.ma\/fr\/wp-json\/wp\/v2\/types\/post"}],"author":[{"embeddable":true,"href":"https:\/\/diplomatique.ma\/fr\/wp-json\/wp\/v2\/users\/3"}],"replies":[{"embeddable":true,"href":"https:\/\/diplomatique.ma\/fr\/wp-json\/wp\/v2\/comments?post=1726"}],"version-history":[{"count":1,"href":"https:\/\/diplomatique.ma\/fr\/wp-json\/wp\/v2\/posts\/1726\/revisions"}],"predecessor-version":[{"id":1728,"href":"https:\/\/diplomatique.ma\/fr\/wp-json\/wp\/v2\/posts\/1726\/revisions\/1728"}],"wp:featuredmedia":[{"embeddable":true,"href":"https:\/\/diplomatique.ma\/fr\/wp-json\/wp\/v2\/media\/1727"}],"wp:attachment":[{"href":"https:\/\/diplomatique.ma\/fr\/wp-json\/wp\/v2\/media?parent=1726"}],"wp:term":[{"taxonomy":"category","embeddable":true,"href":"https:\/\/diplomatique.ma\/fr\/wp-json\/wp\/v2\/categories?post=1726"},{"taxonomy":"post_tag","embeddable":true,"href":"https:\/\/diplomatique.ma\/fr\/wp-json\/wp\/v2\/tags?post=1726"}],"curies":[{"name":"wp","href":"https:\/\/api.w.org\/{rel}","templated":true}]}}