{"id":1738,"date":"2025-12-03T13:06:50","date_gmt":"2025-12-03T13:06:50","guid":{"rendered":"https:\/\/diplomatique.ma\/fr\/?p=1738"},"modified":"2025-12-03T13:06:50","modified_gmt":"2025-12-03T13:06:50","slug":"awadi-didier-a-visa-for-music-quand-la-voix-senegalaise-reactive-la-memoire-vibrante-de-lafrique","status":"publish","type":"post","link":"https:\/\/diplomatique.ma\/fr\/awadi-didier-a-visa-for-music-quand-la-voix-senegalaise-reactive-la-memoire-vibrante-de-lafrique\/","title":{"rendered":"Awadi Didier \u00e0 Visa For Music : Quand la voix s\u00e9n\u00e9galaise r\u00e9active la m\u00e9moire vibrante de l\u2019Afrique"},"content":{"rendered":"<p style=\"text-align: justify;\" data-start=\"287\" data-end=\"597\">Au c\u0153ur de <strong data-start=\"298\" data-end=\"316\">Visa For Music<\/strong>, l\u00e0 o\u00f9 les sons du monde s\u2019entrecroisent et o\u00f9 les identit\u00e9s musicales se r\u00e9inventent, la pr\u00e9sence d\u2019<strong data-start=\"418\" data-end=\"434\">Awadi Didier<\/strong> s\u2019est impos\u00e9e comme un moment rare : celui o\u00f9 un artiste ne se contente pas de chanter, mais convoque une m\u00e9moire collective, un h\u00e9ritage, et une vision du futur.<\/p>\n<div class=\"x9f619 x1n2onr6 x1ja2u2z x78zum5 xdt5ytf x2lah0s x193iq5w xf7dkkf xv54qhq x1k70j0n xzueoph xzboxd6 x14l7nz5\">\n<div class=\"x6s0dn4 xal61yo x1obq294 x5a5i1n xde0f50 x15x8krk x78zum5 xdt5ytf x6ikm8r x10wlt62 x1n2onr6 xh8yej3\"><iframe loading=\"lazy\" class=\"xl1xv1r\" src=\"https:\/\/www.facebook.com\/plugins\/video.php?height=314&amp;href=https%3A%2F%2Fwww.facebook.com%2Freel%2F1627740701719938%2F&amp;show_text=false&amp;width=560&amp;t=0\" width=\"560\" height=\"314\" frameborder=\"0\" scrolling=\"no\" allowfullscreen=\"allowfullscreen\" data-mce-fragment=\"1\"><\/iframe><\/div>\n<\/div>\n<div class=\"x9f619 x1n2onr6 x1ja2u2z x78zum5 xdt5ytf x2lah0s x193iq5w xuk3077 xf7dkkf xv54qhq x1k70j0n xzueoph xzboxd6 x14l7nz5\"><\/div>\n<p style=\"text-align: justify;\" data-start=\"599\" data-end=\"928\">Rencontrer Awadi Didier revenait \u00e0 croiser un artiste dont la voix porte l\u2019\u00e9paisseur de l\u2019histoire ouest-africaine. Son univers puise dans les rythmes ancestraux \u2013 du <strong data-start=\"766\" data-end=\"775\">Serer<\/strong> au <strong data-start=\"779\" data-end=\"788\">Wolof<\/strong> \u2013 tout en les inscrivant dans une esth\u00e9tique r\u00e9solument contemporaine. Chez lui, la modernit\u00e9 n\u2019efface pas la tradition : elle la prolonge.<\/p>\n<div class=\"youtube-embed\" data-video_id=\"bYaoBJb9bJo\"><iframe loading=\"lazy\" title=\"\ud83c\udfb5 Awadi Didier \u2013 The Senegalese Star Shining at Visa For Music\" width=\"696\" height=\"392\" src=\"https:\/\/www.youtube.com\/embed\/bYaoBJb9bJo?feature=oembed&#038;enablejsapi=1\" frameborder=\"0\" allow=\"accelerometer; autoplay; clipboard-write; encrypted-media; gyroscope; picture-in-picture; web-share\" referrerpolicy=\"strict-origin-when-cross-origin\" allowfullscreen><\/iframe><\/div>\n<h3 style=\"text-align: justify;\" data-start=\"930\" data-end=\"1003\"><strong data-start=\"934\" data-end=\"1003\">Tradition et modernit\u00e9 : une n\u00e9gociation artistique avec le temps<\/strong><\/h3>\n<p style=\"text-align: justify;\" data-start=\"1004\" data-end=\"1135\">L\u2019\u0153uvre de Didier n\u2019est ni une fusion artificielle ni un simple m\u00e9tissage sonore.<br data-start=\"1085\" data-end=\"1088\" \/>C\u2019est un <strong data-start=\"1097\" data-end=\"1109\">dialogue<\/strong> entre deux temporalit\u00e9s :<\/p>\n<ul style=\"text-align: justify;\" data-start=\"1136\" data-end=\"1256\">\n<li data-start=\"1136\" data-end=\"1201\">\n<p data-start=\"1138\" data-end=\"1201\">celle de la terre, du tambour rituel, du chant communautaire,<\/p>\n<\/li>\n<li data-start=\"1202\" data-end=\"1256\">\n<p data-start=\"1204\" data-end=\"1256\">et celle du monde globalis\u00e9, technologique, pluriel.<\/p>\n<\/li>\n<\/ul>\n<p style=\"text-align: justify;\" data-start=\"1258\" data-end=\"1433\">Son projet artistique pose une question essentielle :<br data-start=\"1311\" data-end=\"1314\" \/><strong data-start=\"1314\" data-end=\"1433\">Comment \u00eatre un artiste africain contemporain sans couper le cordon avec la matrice culturelle qui vous a fa\u00e7onn\u00e9 ?<\/strong><\/p>\n<h3 style=\"text-align: justify;\" data-start=\"1435\" data-end=\"1504\"><strong data-start=\"1439\" data-end=\"1504\">Une \u00e9nergie sc\u00e9nique qui transforme le public en protagoniste<\/strong><\/h3>\n<p style=\"text-align: justify;\" data-start=\"1505\" data-end=\"1790\">Sur sc\u00e8ne, Didier d\u00e9passe la performance.<br data-start=\"1546\" data-end=\"1549\" \/>Il <strong data-start=\"1552\" data-end=\"1571\">allume l\u2019espace<\/strong>, transforme le spectateur en acteur, et fait du concert un rituel moderne o\u00f9 chacun se retrouve impliqu\u00e9 \u00e9motionnellement.<br data-start=\"1694\" data-end=\"1697\" \/>La musique devient un langage, mais surtout un espace commun o\u00f9 les fronti\u00e8res se dissolvent.<\/p>\n<h3 style=\"text-align: justify;\" data-start=\"1792\" data-end=\"1867\"><strong data-start=\"1796\" data-end=\"1867\">De Dakar au monde : un porte-voix authentique de l\u2019Afrique cr\u00e9ative<\/strong><\/h3>\n<p style=\"text-align: justify;\" data-start=\"1868\" data-end=\"2108\">\u00c0 travers ses performances, Awadi Didier incarne une Afrique qui ne se r\u00e9sume pas \u00e0 l\u2019exotisme ou au folklore.<br data-start=\"1978\" data-end=\"1981\" \/>Il repr\u00e9sente une <strong data-start=\"1999\" data-end=\"2033\">Afrique consciente d\u2019elle-m\u00eame<\/strong>, s\u00fbre de sa cr\u00e9ativit\u00e9, et pr\u00eate \u00e0 occuper le centre de la sc\u00e8ne mondiale.<\/p>\n<p style=\"text-align: justify;\" data-start=\"2110\" data-end=\"2303\">Son passage \u00e0 Visa For Music rappelle une \u00e9vidence :<br data-start=\"2162\" data-end=\"2165\" \/>L\u2019avenir de la musique globale appartient \u00e0 ceux qui savent transformer l\u2019h\u00e9ritage en force motrice \u2014 et Didier en est l\u2019exemple \u00e9clatant.<\/p>\n","protected":false},"excerpt":{"rendered":"<p>Au c\u0153ur de Visa For Music, l\u00e0 o\u00f9 les sons du monde s\u2019entrecroisent et o\u00f9 les identit\u00e9s musicales se r\u00e9inventent, la pr\u00e9sence d\u2019Awadi Didier s\u2019est impos\u00e9e comme un moment rare : celui o\u00f9 un artiste ne se contente pas de chanter, mais convoque une m\u00e9moire collective, un h\u00e9ritage, et une vision du futur. Rencontrer Awadi [&hellip;]<\/p>\n","protected":false},"author":3,"featured_media":1739,"comment_status":"open","ping_status":"open","sticky":false,"template":"","format":"standard","meta":{"footnotes":""},"categories":[51,53,57],"tags":[],"class_list":{"0":"post-1738","1":"post","2":"type-post","3":"status-publish","4":"format-standard","5":"has-post-thumbnail","7":"category-diplomatie-culturelle","8":"category-diplomatie-visuelle","9":"category-festival-visa-for-music"},"_links":{"self":[{"href":"https:\/\/diplomatique.ma\/fr\/wp-json\/wp\/v2\/posts\/1738","targetHints":{"allow":["GET"]}}],"collection":[{"href":"https:\/\/diplomatique.ma\/fr\/wp-json\/wp\/v2\/posts"}],"about":[{"href":"https:\/\/diplomatique.ma\/fr\/wp-json\/wp\/v2\/types\/post"}],"author":[{"embeddable":true,"href":"https:\/\/diplomatique.ma\/fr\/wp-json\/wp\/v2\/users\/3"}],"replies":[{"embeddable":true,"href":"https:\/\/diplomatique.ma\/fr\/wp-json\/wp\/v2\/comments?post=1738"}],"version-history":[{"count":1,"href":"https:\/\/diplomatique.ma\/fr\/wp-json\/wp\/v2\/posts\/1738\/revisions"}],"predecessor-version":[{"id":1740,"href":"https:\/\/diplomatique.ma\/fr\/wp-json\/wp\/v2\/posts\/1738\/revisions\/1740"}],"wp:featuredmedia":[{"embeddable":true,"href":"https:\/\/diplomatique.ma\/fr\/wp-json\/wp\/v2\/media\/1739"}],"wp:attachment":[{"href":"https:\/\/diplomatique.ma\/fr\/wp-json\/wp\/v2\/media?parent=1738"}],"wp:term":[{"taxonomy":"category","embeddable":true,"href":"https:\/\/diplomatique.ma\/fr\/wp-json\/wp\/v2\/categories?post=1738"},{"taxonomy":"post_tag","embeddable":true,"href":"https:\/\/diplomatique.ma\/fr\/wp-json\/wp\/v2\/tags?post=1738"}],"curies":[{"name":"wp","href":"https:\/\/api.w.org\/{rel}","templated":true}]}}