{"id":1768,"date":"2025-12-04T16:43:17","date_gmt":"2025-12-04T16:43:17","guid":{"rendered":"https:\/\/diplomatique.ma\/fr\/?p=1768"},"modified":"2025-12-04T18:44:48","modified_gmt":"2025-12-04T18:44:48","slug":"mohamed-ouarar-brise-le-silence-un-premier-acte-de-rebellion-publique-dun-homme-detat-contre-letat-profond-au-maroc","status":"publish","type":"post","link":"https:\/\/diplomatique.ma\/fr\/mohamed-ouarar-brise-le-silence-un-premier-acte-de-rebellion-publique-dun-homme-detat-contre-letat-profond-au-maroc\/","title":{"rendered":"Mohamed Ouarar brise le silence : un premier acte de r\u00e9bellion publique d\u2019un homme d\u2019\u00c9tat contre l\u2019\u00c9tat profond au Maroc ?"},"content":{"rendered":"<p style=\"text-align: justify;\" data-start=\"332\" data-end=\"819\">Dans un geste sans pr\u00e9c\u00e9dent dans l\u2019histoire politique marocaine,\u00a0<strong data-start=\"398\" data-end=\"472\">l\u2019ancien ministre et cadre \u00e9minent du parti au pouvoir, Mohamed Ouarar<\/strong>, a livr\u00e9 des d\u00e9clarations\u00a0<strong data-start=\"499\" data-end=\"529\">r\u00e9v\u00e9latrices et choquantes<\/strong>\u00a0sur l\u2019\u00c9tat, les partis politiques et la bureaucratie qui r\u00e9gissent la sc\u00e8ne politique. Ce qui rend ses propos exceptionnels, c\u2019est qu\u2019il s\u2019agit d\u2019une\u00a0<strong data-start=\"680\" data-end=\"732\">r\u00e9bellion publique d\u2019un homme d\u2019\u00c9tat exp\u00e9riment\u00e9<\/strong>, et non d\u2019un simple discours partisan ou d\u2019une rh\u00e9torique symbolique traditionnelle.<\/p>\n<p style=\"text-align: justify;\" data-start=\"821\" data-end=\"1306\"><strong data-start=\"821\" data-end=\"858\">L\u2019\u00c9tat profond sous le microscope<\/strong><br data-start=\"858\" data-end=\"861\" \/>Ouarar a utilis\u00e9 pour la premi\u00e8re fois le terme \u201c\u00c9tat profond\u201d de mani\u00e8re directe, critiquant son influence sur le travail des ministres et du gouvernement. La question centrale qui se pose est :\u00a0<strong data-start=\"1057\" data-end=\"1155\">s\u2019agit-il d\u2019une r\u00e9bellion contre le v\u00e9ritable \u00c9tat ou simplement d\u2019un conflit interne au parti<\/strong>\u00a0? Ce qui distingue ses d\u00e9clarations, c\u2019est le courage de s\u2019exprimer contre un syst\u00e8me jamais critiqu\u00e9 avec une telle franchise depuis des d\u00e9cennies.<\/p>\n<p style=\"text-align: justify;\" data-start=\"1308\" data-end=\"1765\"><strong data-start=\"1308\" data-end=\"1370\">R\u00e9bellion d\u2019un homme d\u2019\u00c9tat, pas seulement d\u2019un politicien<\/strong><br data-start=\"1370\" data-end=\"1373\" \/>Ouarar, avec sa longue exp\u00e9rience minist\u00e9rielle et son r\u00f4le au sein du bureau ex\u00e9cutif du parti au pouvoir,\u00a0<strong data-start=\"1481\" data-end=\"1518\">n\u2019est pas un politicien ordinaire<\/strong>. Sa connaissance des rouages de l\u2019\u00c9tat et de la bureaucratie lui permet de comprendre\u00a0<strong data-start=\"1605\" data-end=\"1642\">les limites de l\u2019action politique<\/strong>, et pourtant il a choisi de s\u2019exprimer publiquement, faisant de ce geste une\u00a0<strong data-start=\"1720\" data-end=\"1762\">r\u00e9bellion historique d\u2019un homme d\u2019\u00c9tat<\/strong>.<\/p>\n<p style=\"text-align: justify;\" data-start=\"1767\" data-end=\"2143\"><strong data-start=\"1767\" data-end=\"1814\">Parti politique ou ind\u00e9pendance de l\u2019\u00c9tat ?<\/strong><br data-start=\"1814\" data-end=\"1817\" \/>Ses propos sugg\u00e8rent qu\u2019il pourrait y avoir\u00a0<strong data-start=\"1861\" data-end=\"1944\">une pression interne venant d\u2019une force puissante au sein de l\u2019\u00c9tat ou du parti<\/strong>, expliquant en partie sa r\u00e9bellion. Mais en m\u00eame temps, il semble vouloir\u00a0<strong data-start=\"2019\" data-end=\"2049\">orienter le d\u00e9bat national<\/strong>\u00a0sur la gouvernance et la r\u00e9forme, et non se limiter \u00e0 une querelle de positions partisanes.<\/p>\n<p style=\"text-align: justify;\" data-start=\"2145\" data-end=\"2185\"><strong data-start=\"2145\" data-end=\"2183\">Dimension symbolique et historique<\/strong><\/p>\n<ul style=\"text-align: justify;\" data-start=\"2186\" data-end=\"2625\">\n<li data-start=\"2186\" data-end=\"2409\">\n<p data-start=\"2188\" data-end=\"2409\">Pour la premi\u00e8re fois depuis des d\u00e9cennies, un haut responsable \u00e9voque l\u2019\u00c9tat profond et les contraintes impos\u00e9es aux ministres, r\u00e9v\u00e9lant\u00a0<strong data-start=\"2326\" data-end=\"2406\">les difficult\u00e9s de mise en \u0153uvre de r\u00e9formes r\u00e9elles au sein du gouvernement<\/strong>.<\/p>\n<\/li>\n<li data-start=\"2410\" data-end=\"2625\">\n<p data-start=\"2412\" data-end=\"2625\">Ouarar se positionne comme\u00a0<strong data-start=\"2439\" data-end=\"2491\">une voix de raison et d\u2019observation ind\u00e9pendante<\/strong>, malgr\u00e9 son affiliation au parti au pouvoir, ce qui rend ses propos\u00a0<strong data-start=\"2560\" data-end=\"2622\">alerte et r\u00e9v\u00e9lateurs pour les \u00e9lites et la soci\u00e9t\u00e9 civile<\/strong>.<\/p>\n<\/li>\n<\/ul>\n<p style=\"text-align: justify;\" data-start=\"2627\" data-end=\"2653\"><strong data-start=\"2627\" data-end=\"2651\">Questions majeures :<\/strong><\/p>\n<ol style=\"text-align: justify;\" data-start=\"2654\" data-end=\"2979\">\n<li data-start=\"2654\" data-end=\"2785\">\n<p data-start=\"2657\" data-end=\"2785\">Peut-on consid\u00e9rer les d\u00e9clarations d\u2019Ouarar comme\u00a0<strong data-start=\"2708\" data-end=\"2781\">une r\u00e9bellion contre l\u2019\u00c9tat ou simplement un conflit interne au parti<\/strong>\u00a0?<\/p>\n<\/li>\n<li data-start=\"2786\" data-end=\"2880\">\n<p data-start=\"2789\" data-end=\"2880\">Cette audace ouvrira-t-elle la voie \u00e0\u00a0<strong data-start=\"2827\" data-end=\"2876\">un d\u00e9bat national sur l\u2019\u00c9tat profond au Maroc<\/strong>\u00a0?<\/p>\n<\/li>\n<li data-start=\"2881\" data-end=\"2979\">\n<p data-start=\"2884\" data-end=\"2979\">Ouarar fera-t-il face \u00e0\u00a0<strong data-start=\"2908\" data-end=\"2975\">des pressions dans son parti ou des institutions qu\u2019il critique<\/strong>\u00a0?<\/p>\n<\/li>\n<\/ol>\n<p style=\"text-align: justify;\" data-start=\"2981\" data-end=\"3493\"><strong data-start=\"2981\" data-end=\"3008\">Conclusion analytique :<\/strong><br data-start=\"3008\" data-end=\"3011\" \/>Les d\u00e9clarations de Mohamed Ouarar repr\u00e9sentent\u00a0<strong data-start=\"3059\" data-end=\"3118\">un moment historique in\u00e9dit dans la politique marocaine<\/strong>. Ce n\u2019est pas simplement une rh\u00e9torique partisane ou un symbole politique : c\u2019est\u00a0<strong data-start=\"3201\" data-end=\"3288\">la r\u00e9bellion d\u2019un homme d\u2019\u00c9tat face aux contraintes structurelles de l\u2019\u00c9tat profond<\/strong>. Cet \u00e9v\u00e9nement ouvre un d\u00e9bat essentiel sur\u00a0<strong data-start=\"3333\" data-end=\"3490\">les limites de la libert\u00e9 politique, l\u2019ind\u00e9pendance des partis et la capacit\u00e9 des responsables \u00e0 confronter la lourdeur bureaucratique de l\u2019\u00c9tat marocain<\/strong>.<\/p>\n","protected":false},"excerpt":{"rendered":"<p>Dans un geste sans pr\u00e9c\u00e9dent dans l\u2019histoire politique marocaine,\u00a0l\u2019ancien ministre et cadre \u00e9minent du parti au pouvoir, Mohamed Ouarar, a livr\u00e9 des d\u00e9clarations\u00a0r\u00e9v\u00e9latrices et choquantes\u00a0sur l\u2019\u00c9tat, les partis politiques et la bureaucratie qui r\u00e9gissent la sc\u00e8ne politique. Ce qui rend ses propos exceptionnels, c\u2019est qu\u2019il s\u2019agit d\u2019une\u00a0r\u00e9bellion publique d\u2019un homme d\u2019\u00c9tat exp\u00e9riment\u00e9, et non d\u2019un [&hellip;]<\/p>\n","protected":false},"author":3,"featured_media":1769,"comment_status":"open","ping_status":"open","sticky":false,"template":"","format":"standard","meta":{"footnotes":""},"categories":[28,49],"tags":[],"class_list":{"0":"post-1768","1":"post","2":"type-post","3":"status-publish","4":"format-standard","5":"has-post-thumbnail","7":"category-afrique","8":"category-le-maghreb"},"_links":{"self":[{"href":"https:\/\/diplomatique.ma\/fr\/wp-json\/wp\/v2\/posts\/1768","targetHints":{"allow":["GET"]}}],"collection":[{"href":"https:\/\/diplomatique.ma\/fr\/wp-json\/wp\/v2\/posts"}],"about":[{"href":"https:\/\/diplomatique.ma\/fr\/wp-json\/wp\/v2\/types\/post"}],"author":[{"embeddable":true,"href":"https:\/\/diplomatique.ma\/fr\/wp-json\/wp\/v2\/users\/3"}],"replies":[{"embeddable":true,"href":"https:\/\/diplomatique.ma\/fr\/wp-json\/wp\/v2\/comments?post=1768"}],"version-history":[{"count":1,"href":"https:\/\/diplomatique.ma\/fr\/wp-json\/wp\/v2\/posts\/1768\/revisions"}],"predecessor-version":[{"id":1770,"href":"https:\/\/diplomatique.ma\/fr\/wp-json\/wp\/v2\/posts\/1768\/revisions\/1770"}],"wp:featuredmedia":[{"embeddable":true,"href":"https:\/\/diplomatique.ma\/fr\/wp-json\/wp\/v2\/media\/1769"}],"wp:attachment":[{"href":"https:\/\/diplomatique.ma\/fr\/wp-json\/wp\/v2\/media?parent=1768"}],"wp:term":[{"taxonomy":"category","embeddable":true,"href":"https:\/\/diplomatique.ma\/fr\/wp-json\/wp\/v2\/categories?post=1768"},{"taxonomy":"post_tag","embeddable":true,"href":"https:\/\/diplomatique.ma\/fr\/wp-json\/wp\/v2\/tags?post=1768"}],"curies":[{"name":"wp","href":"https:\/\/api.w.org\/{rel}","templated":true}]}}