{"id":1771,"date":"2025-12-04T20:32:39","date_gmt":"2025-12-04T20:32:39","guid":{"rendered":"https:\/\/diplomatique.ma\/fr\/?p=1771"},"modified":"2025-12-04T20:32:39","modified_gmt":"2025-12-04T20:32:39","slug":"lecture-analytique-autour-de-chikha-quand-le-cinema-marocain-revisite-ses-memoires-occultees","status":"publish","type":"post","link":"https:\/\/diplomatique.ma\/fr\/lecture-analytique-autour-de-chikha-quand-le-cinema-marocain-revisite-ses-memoires-occultees\/","title":{"rendered":"Lecture analytique autour de \u201cChikha\u201d : quand le cin\u00e9ma marocain revisite ses m\u00e9moires occult\u00e9es"},"content":{"rendered":"<p style=\"text-align: justify;\" data-start=\"301\" data-end=\"623\">La conversation avec Zahwa, Ghita et Oussama n\u2019\u00e9tait pas une simple discussion sur un court-m\u00e9trage.<br data-start=\"401\" data-end=\"404\" \/>C\u2019\u00e9tait une plong\u00e9e dans les profondeurs d\u2019un imaginaire marocain en pleine reconfiguration, o\u00f9 les questions d\u2019h\u00e9ritage, d\u2019identit\u00e9 et de libert\u00e9 individuelle se heurtent frontalement \u00e0 un pr\u00e9sent en qu\u00eate d\u2019\u00e9quilibre.<\/p>\n<p style=\"text-align: justify;\" data-start=\"625\" data-end=\"806\"><strong data-start=\"625\" data-end=\"637\">\u201cChikha\u201d<\/strong> ne se contente pas de raconter une histoire ; il interroge le lien intime entre un pass\u00e9 populaire souvent m\u00e9pris\u00e9 et une jeunesse qui refuse d\u00e9sormais de s\u2019en excuser.<\/p>\n<div class=\"youtube-embed\" data-video_id=\"Xfcej-IPp6U\"><iframe loading=\"lazy\" title=\"\ud83c\udfa5 A Powerful Exchange with the Creators of \u201cChikha\u201d\" width=\"696\" height=\"392\" src=\"https:\/\/www.youtube.com\/embed\/Xfcej-IPp6U?feature=oembed&#038;enablejsapi=1\" frameborder=\"0\" allow=\"accelerometer; autoplay; clipboard-write; encrypted-media; gyroscope; picture-in-picture; web-share\" referrerpolicy=\"strict-origin-when-cross-origin\" allowfullscreen><\/iframe><\/div>\n<h3 style=\"text-align: justify;\" data-start=\"808\" data-end=\"885\"><strong data-start=\"812\" data-end=\"885\">Fatine : un corps jeune, un champ de bataille entre m\u00e9moire et avenir<\/strong><\/h3>\n<p style=\"text-align: justify;\" data-start=\"887\" data-end=\"1110\">Au c\u0153ur du film, <strong data-start=\"904\" data-end=\"914\">Fatine<\/strong>, 17 ans, navigue dans une zone fragile :<br data-start=\"955\" data-end=\"958\" \/>pr\u00e9server l\u2019h\u00e9ritage artistique de sa m\u00e8re, une \u201cchikha\u201d, ou emprunter la voie plus confortable et socialement acceptable que lui propose son entourage.<\/p>\n<div class=\"x9f619 x1n2onr6 x1ja2u2z x78zum5 xdt5ytf x2lah0s x193iq5w xf7dkkf xv54qhq x1k70j0n xzueoph xzboxd6 x14l7nz5\">\n<div class=\"x6s0dn4 xal61yo x1obq294 x5a5i1n xde0f50 x15x8krk x78zum5 xdt5ytf x6ikm8r x10wlt62 x1n2onr6 xh8yej3\"><iframe loading=\"lazy\" class=\"xl1xv1r\" src=\"https:\/\/www.facebook.com\/plugins\/video.php?height=314&amp;href=https%3A%2F%2Fwww.facebook.com%2Freel%2F1963448494448923%2F&amp;show_text=false&amp;width=560&amp;t=0\" width=\"560\" height=\"314\" frameborder=\"0\" scrolling=\"no\" allowfullscreen=\"allowfullscreen\" data-mce-fragment=\"1\"><\/iframe><\/div>\n<\/div>\n<div class=\"x9f619 x1n2onr6 x1ja2u2z x78zum5 xdt5ytf x2lah0s x193iq5w xuk3077 xf7dkkf xv54qhq x1k70j0n xzueoph xzboxd6 x14l7nz5\"><\/div>\n<p style=\"text-align: justify;\" data-start=\"1112\" data-end=\"1458\">Le film refuse de r\u00e9duire ce dilemme \u00e0 l\u2019opposition simpliste entre tradition et modernit\u00e9.<br data-start=\"1203\" data-end=\"1206\" \/>Il s\u2019agit plut\u00f4t d\u2019un conflit int\u00e9rieur, visc\u00e9ral :<br data-start=\"1257\" data-end=\"1260\" \/>Comment devenir soi-m\u00eame sans renier ce qui coule dans le sang familial ?<br data-start=\"1333\" data-end=\"1336\" \/>Et comment une adolescente peut-elle porter un art que la soci\u00e9t\u00e9 continue de juger \u00e0 travers des filtres moraux rigides ?<\/p>\n<h3 style=\"text-align: justify;\" data-start=\"1460\" data-end=\"1513\"><strong data-start=\"1464\" data-end=\"1513\">Un cin\u00e9ma qui interroge plus qu\u2019il n\u2019illustre<\/strong><\/h3>\n<p style=\"text-align: justify;\" data-start=\"1515\" data-end=\"1780\">Ce qui frappe dans \u201cChikha\u201d, c\u2019est la maturit\u00e9 du regard.<br data-start=\"1572\" data-end=\"1575\" \/>Les jeunes r\u00e9alisateurs ne cherchent pas \u00e0 \u201cillustrer\u201d un ph\u00e9nom\u00e8ne social ;<br data-start=\"1651\" data-end=\"1654\" \/>ils s\u2019emploient \u00e0 <strong data-start=\"1672\" data-end=\"1709\">d\u00e9samorcer l\u2019imaginaire collectif<\/strong>, \u00e0 r\u00e9habiliter une figure populaire longtemps enferm\u00e9e dans le clich\u00e9.<\/p>\n<p style=\"text-align: justify;\" data-start=\"1782\" data-end=\"1991\">La \u201cchikha\u201d devient ici un symbole :<br data-start=\"1818\" data-end=\"1821\" \/>celui d\u2019un art vibrant mais stigmatis\u00e9, d\u2019une libert\u00e9 f\u00e9minine rarement assum\u00e9e,<br data-start=\"1901\" data-end=\"1904\" \/>et d\u2019une m\u00e9moire culturelle que la soci\u00e9t\u00e9 marocaine peine encore \u00e0 assumer pleinement.<\/p>\n<p style=\"text-align: justify;\" data-start=\"1993\" data-end=\"2294\">Le film pose alors des questions essentielles :<br data-start=\"2040\" data-end=\"2043\" \/>O\u00f9 en est la soci\u00e9t\u00e9 marocaine dans son rapport \u00e0 ses propres formes d\u2019expression populaire ?<br data-start=\"2136\" data-end=\"2139\" \/>Pourquoi continue-t-elle d\u2019exclure une partie de son patrimoine vivant ?<br data-start=\"2211\" data-end=\"2214\" \/>Et que signifie transmettre un h\u00e9ritage que le regard social condamne d\u2019avance ?<\/p>\n<h3 style=\"text-align: justify;\" data-start=\"2296\" data-end=\"2357\"><strong data-start=\"2300\" data-end=\"2357\">Une nouvelle g\u00e9n\u00e9ration qui \u00e9crit sa propre grammaire<\/strong><\/h3>\n<p style=\"text-align: justify;\" data-start=\"2359\" data-end=\"2715\">Au-del\u00e0 du film, la rencontre avec Zahwa, Ghita et Oussama r\u00e9v\u00e8le l\u2019\u00e9mergence d\u2019une g\u00e9n\u00e9ration qui n\u2019attend plus qu\u2019on lui fasse une place.<br data-start=\"2498\" data-end=\"2501\" \/>Elle la cr\u00e9e.<br data-start=\"2514\" data-end=\"2517\" \/>Une g\u00e9n\u00e9ration qui voit dans le cin\u00e9ma non pas un divertissement, mais un <strong data-start=\"2591\" data-end=\"2612\">outil de lucidit\u00e9<\/strong>,<br data-start=\"2613\" data-end=\"2616\" \/>un langage pour mettre en lumi\u00e8re les zones d\u2019ombre : le corps, la m\u00e9moire, l\u2019identit\u00e9, la libert\u00e9.<\/p>\n<p style=\"text-align: justify;\" data-start=\"2717\" data-end=\"2917\">\u201cChikha\u201d t\u00e9moigne de cette maturit\u00e9 nouvelle, o\u00f9 la cam\u00e9ra sert autant \u00e0 raconter qu\u2019\u00e0 interroger,<br data-start=\"2815\" data-end=\"2818\" \/>o\u00f9 le r\u00e9cit devient un miroir tendu \u00e0 un pays qui red\u00e9couvre la complexit\u00e9 de ses propres symboles.<\/p>\n<h3 style=\"text-align: justify;\" data-start=\"2919\" data-end=\"2937\"><strong data-start=\"2923\" data-end=\"2937\">Conclusion<\/strong><\/h3>\n<p style=\"text-align: justify;\" data-start=\"2939\" data-end=\"3297\">Ce film court n\u2019est pas seulement une \u0153uvre visuelle.<br data-start=\"2992\" data-end=\"2995\" \/>C\u2019est une <strong data-start=\"3005\" data-end=\"3032\">r\u00e9\u00e9criture des silences<\/strong>, un geste de r\u00e9conciliation entre ce que l\u2019on est et ce que l\u2019on r\u00eave de devenir.<br data-start=\"3114\" data-end=\"3117\" \/>Avec ces jeunes cin\u00e9astes, le cin\u00e9ma marocain semble entrer dans une phase o\u00f9 l\u2019h\u00e9ritage n\u2019est plus un fardeau,<br data-start=\"3228\" data-end=\"3231\" \/>mais une mati\u00e8re vivante \u00e0 transformer, questionner et r\u00e9inventer.<\/p>\n","protected":false},"excerpt":{"rendered":"<p>La conversation avec Zahwa, Ghita et Oussama n\u2019\u00e9tait pas une simple discussion sur un court-m\u00e9trage.C\u2019\u00e9tait une plong\u00e9e dans les profondeurs d\u2019un imaginaire marocain en pleine reconfiguration, o\u00f9 les questions d\u2019h\u00e9ritage, d\u2019identit\u00e9 et de libert\u00e9 individuelle se heurtent frontalement \u00e0 un pr\u00e9sent en qu\u00eate d\u2019\u00e9quilibre. \u201cChikha\u201d ne se contente pas de raconter une histoire ; il [&hellip;]<\/p>\n","protected":false},"author":3,"featured_media":1772,"comment_status":"open","ping_status":"open","sticky":false,"template":"","format":"standard","meta":{"footnotes":""},"categories":[58,51,52,55],"tags":[],"class_list":{"0":"post-1771","1":"post","2":"type-post","3":"status-publish","4":"format-standard","5":"has-post-thumbnail","7":"category-analyse-culturelle-diplomatique-des-textes-artistiques","8":"category-diplomatie-culturelle","9":"category-diplomatie-par-le-cinema","10":"category-festival-international-du-film-dauteur-de-rabat"},"_links":{"self":[{"href":"https:\/\/diplomatique.ma\/fr\/wp-json\/wp\/v2\/posts\/1771","targetHints":{"allow":["GET"]}}],"collection":[{"href":"https:\/\/diplomatique.ma\/fr\/wp-json\/wp\/v2\/posts"}],"about":[{"href":"https:\/\/diplomatique.ma\/fr\/wp-json\/wp\/v2\/types\/post"}],"author":[{"embeddable":true,"href":"https:\/\/diplomatique.ma\/fr\/wp-json\/wp\/v2\/users\/3"}],"replies":[{"embeddable":true,"href":"https:\/\/diplomatique.ma\/fr\/wp-json\/wp\/v2\/comments?post=1771"}],"version-history":[{"count":1,"href":"https:\/\/diplomatique.ma\/fr\/wp-json\/wp\/v2\/posts\/1771\/revisions"}],"predecessor-version":[{"id":1773,"href":"https:\/\/diplomatique.ma\/fr\/wp-json\/wp\/v2\/posts\/1771\/revisions\/1773"}],"wp:featuredmedia":[{"embeddable":true,"href":"https:\/\/diplomatique.ma\/fr\/wp-json\/wp\/v2\/media\/1772"}],"wp:attachment":[{"href":"https:\/\/diplomatique.ma\/fr\/wp-json\/wp\/v2\/media?parent=1771"}],"wp:term":[{"taxonomy":"category","embeddable":true,"href":"https:\/\/diplomatique.ma\/fr\/wp-json\/wp\/v2\/categories?post=1771"},{"taxonomy":"post_tag","embeddable":true,"href":"https:\/\/diplomatique.ma\/fr\/wp-json\/wp\/v2\/tags?post=1771"}],"curies":[{"name":"wp","href":"https:\/\/api.w.org\/{rel}","templated":true}]}}