{"id":1793,"date":"2025-12-06T15:51:26","date_gmt":"2025-12-06T15:51:26","guid":{"rendered":"https:\/\/diplomatique.ma\/fr\/?p=1793"},"modified":"2025-12-06T15:51:26","modified_gmt":"2025-12-06T15:51:26","slug":"imane-mesbahi-quand-la-volonte-creative-devient-une-force-motrice-du-cinema-marocain","status":"publish","type":"post","link":"https:\/\/diplomatique.ma\/fr\/imane-mesbahi-quand-la-volonte-creative-devient-une-force-motrice-du-cinema-marocain\/","title":{"rendered":"Imane Mesbahi\u2026 Quand la volont\u00e9 cr\u00e9ative devient une force motrice du cin\u00e9ma marocain"},"content":{"rendered":"<p style=\"text-align: justify;\" data-start=\"311\" data-end=\"750\">Rencontrer Imane Mesbahi n\u2019est pas un simple moment professionnel. C\u2019est entrer en contact avec l\u2019une des figures qui ont red\u00e9fini la place de la femme dans l\u2019industrie cin\u00e9matographique marocaine. Elle n\u2019est pas seulement productrice, r\u00e9alisatrice ou distributrice : elle est une actrice structurelle d\u2019un \u00e9cosyst\u00e8me en mutation, insufflant une \u00e9nergie nouvelle au cin\u00e9ma marocain, aussi bien sur son territoire qu\u2019au-del\u00e0 des fronti\u00e8res.<\/p>\n<p style=\"text-align: justify;\" data-start=\"752\" data-end=\"1154\">Dans un secteur en perp\u00e9tuelle recomposition, Mesbahi s\u2019est impos\u00e9e par cette alchimie rare entre <strong data-start=\"850\" data-end=\"871\">vision artistique<\/strong> et <strong data-start=\"875\" data-end=\"905\">ma\u00eetrise organisationnelle<\/strong>. Elle sait que l\u2019imaginaire ne suffit pas pour faire vivre un film, tout comme la technique seule ne peut garantir sa port\u00e9e. Son r\u00f4le consiste pr\u00e9cis\u00e9ment \u00e0 r\u00e9unir ces deux dimensions : nourrir l\u2019\u0153uvre et accompagner son existence jusqu\u2019au public.<\/p>\n<p style=\"text-align: justify;\" data-start=\"1156\" data-end=\"1538\">Sa v\u00e9ritable force r\u00e9side dans sa pr\u00e9sence \u00e0 chaque \u00e9tape du parcours cin\u00e9matographique :<br data-start=\"1245\" data-end=\"1248\" \/>\u2013 lire les projets avant \u0623\u0646 \u064a\u0635\u0628\u062d \u0646\u0635\u064b\u0627 \u0642\u0627\u0628\u0644\u064b\u0627 \u0644\u0644\u062a\u0635\u0648\u064a\u0631\u060c<br data-start=\"1301\" data-end=\"1304\" \/>\u2013 structurer le tournage avec une rigueur professionnelle,<br data-start=\"1362\" data-end=\"1365\" \/>\u2013 anticiper les attentes du march\u00e9,<br data-start=\"1400\" data-end=\"1403\" \/>\u2013 et positionner les films marocains dans les festivals, les salles et les espaces internationaux o\u00f9 ils peuvent trouver une r\u00e9sonance.<\/p>\n<p style=\"text-align: justify;\" data-start=\"1540\" data-end=\"1896\">Gr\u00e2ce \u00e0 cette compr\u00e9hension globale de la cha\u00eene de valeur du cin\u00e9ma, Imane Mesbahi n\u2019occupe pas simplement une place dans le paysage : elle en d\u00e9place les lignes. Elle contribue \u00e0 ouvrir de nouvelles fen\u00eatres pour les productions marocaines, affirmant qu\u2019un film venu du Maroc peut circuler, convaincre et dialoguer avec le monde sans renier son identit\u00e9.<\/p>\n<div class=\"youtube-embed\" data-video_id=\"Meh3S8I5oKg\"><iframe loading=\"lazy\" title=\"\ud83c\udfac Imane Mesbahi \u2013 Producer, Director, and Leading Film Distributor in Morocco\" width=\"696\" height=\"392\" src=\"https:\/\/www.youtube.com\/embed\/Meh3S8I5oKg?feature=oembed&#038;enablejsapi=1\" frameborder=\"0\" allow=\"accelerometer; autoplay; clipboard-write; encrypted-media; gyroscope; picture-in-picture; web-share\" referrerpolicy=\"strict-origin-when-cross-origin\" allowfullscreen><\/iframe><\/div>\n<p style=\"text-align: justify;\" data-start=\"1898\" data-end=\"2166\">Rendre hommage \u00e0 Imane Mesbahi revient \u00e0 reconna\u00eetre une \u00e9tape d\u00e9cisive pour le cin\u00e9ma marocain : celle o\u00f9 les professionnelles comp\u00e9tentes, visionnaires et enracin\u00e9es prennent la t\u00eate d\u2019un mouvement qui met la qualit\u00e9, la strat\u00e9gie et l\u2019audace au c\u0153ur de la cr\u00e9ation.<\/p>\n<p style=\"text-align: justify;\" data-start=\"2168\" data-end=\"2335\">Elle incarne une professionnalisation sereine, discr\u00e8te, mais profond\u00e9ment efficace\u2014celle qui transforme une industrie et lui donne enfin la visibilit\u00e9 qu\u2019elle m\u00e9rite.<\/p>\n","protected":false},"excerpt":{"rendered":"<p>Rencontrer Imane Mesbahi n\u2019est pas un simple moment professionnel. C\u2019est entrer en contact avec l\u2019une des figures qui ont red\u00e9fini la place de la femme dans l\u2019industrie cin\u00e9matographique marocaine. Elle n\u2019est pas seulement productrice, r\u00e9alisatrice ou distributrice : elle est une actrice structurelle d\u2019un \u00e9cosyst\u00e8me en mutation, insufflant une \u00e9nergie nouvelle au cin\u00e9ma marocain, aussi [&hellip;]<\/p>\n","protected":false},"author":3,"featured_media":1794,"comment_status":"open","ping_status":"open","sticky":false,"template":"","format":"standard","meta":{"footnotes":""},"categories":[51,52,53,54],"tags":[],"class_list":{"0":"post-1793","1":"post","2":"type-post","3":"status-publish","4":"format-standard","5":"has-post-thumbnail","7":"category-diplomatie-culturelle","8":"category-diplomatie-par-le-cinema","9":"category-diplomatie-visuelle","10":"category-festival-national-du-film-de-tanger"},"_links":{"self":[{"href":"https:\/\/diplomatique.ma\/fr\/wp-json\/wp\/v2\/posts\/1793","targetHints":{"allow":["GET"]}}],"collection":[{"href":"https:\/\/diplomatique.ma\/fr\/wp-json\/wp\/v2\/posts"}],"about":[{"href":"https:\/\/diplomatique.ma\/fr\/wp-json\/wp\/v2\/types\/post"}],"author":[{"embeddable":true,"href":"https:\/\/diplomatique.ma\/fr\/wp-json\/wp\/v2\/users\/3"}],"replies":[{"embeddable":true,"href":"https:\/\/diplomatique.ma\/fr\/wp-json\/wp\/v2\/comments?post=1793"}],"version-history":[{"count":1,"href":"https:\/\/diplomatique.ma\/fr\/wp-json\/wp\/v2\/posts\/1793\/revisions"}],"predecessor-version":[{"id":1795,"href":"https:\/\/diplomatique.ma\/fr\/wp-json\/wp\/v2\/posts\/1793\/revisions\/1795"}],"wp:featuredmedia":[{"embeddable":true,"href":"https:\/\/diplomatique.ma\/fr\/wp-json\/wp\/v2\/media\/1794"}],"wp:attachment":[{"href":"https:\/\/diplomatique.ma\/fr\/wp-json\/wp\/v2\/media?parent=1793"}],"wp:term":[{"taxonomy":"category","embeddable":true,"href":"https:\/\/diplomatique.ma\/fr\/wp-json\/wp\/v2\/categories?post=1793"},{"taxonomy":"post_tag","embeddable":true,"href":"https:\/\/diplomatique.ma\/fr\/wp-json\/wp\/v2\/tags?post=1793"}],"curies":[{"name":"wp","href":"https:\/\/api.w.org\/{rel}","templated":true}]}}