{"id":1890,"date":"2025-12-23T02:29:15","date_gmt":"2025-12-23T02:29:15","guid":{"rendered":"https:\/\/diplomatique.ma\/fr\/?p=1890"},"modified":"2025-12-23T12:44:43","modified_gmt":"2025-12-23T12:44:43","slug":"france-et-algerie-reorganisation-des-priorites-migratoires-entre-heritage-historique-et-enjeux-diplomatiques","status":"publish","type":"post","link":"https:\/\/diplomatique.ma\/fr\/france-et-algerie-reorganisation-des-priorites-migratoires-entre-heritage-historique-et-enjeux-diplomatiques\/","title":{"rendered":"France et Alg\u00e9rie : R\u00e9organisation des priorit\u00e9s migratoires entre h\u00e9ritage historique et enjeux diplomatiques"},"content":{"rendered":"<p style=\"text-align: justify;\" data-start=\"246\" data-end=\"845\">Apr\u00e8s une p\u00e9riode de relative stagnation, le dossier de l\u2019immigration alg\u00e9rienne vers la France retrouve une place centrale sur l\u2019agenda politique et diplomatique, avec l\u2019annonce du ministre fran\u00e7ais de l\u2019Int\u00e9rieur, Laurent Nu\u00f1ez, du lancement d\u2019une nouvelle s\u00e9rie de consultations bilat\u00e9rales. Ces discussions visent \u00e0 r\u00e9organiser les proc\u00e9dures de rapatriement des ressortissants alg\u00e9riens r\u00e9sidant en France, tout en lan\u00e7ant une \u00e9tude approfondie de l\u2019accord de 1968, qui demeure la r\u00e9f\u00e9rence juridique majeure encadrant les relations migratoires entre les deux pays depuis plusieurs d\u00e9cennies.<\/p>\n<p style=\"text-align: justify;\" data-start=\"847\" data-end=\"1511\">Dans ses d\u00e9clarations \u00e0 <em data-start=\"871\" data-end=\"895\">Le Journal du Dimanche<\/em>, Nu\u00f1ez a pr\u00e9cis\u00e9 que l\u2019objectif n\u2019\u00e9tait pas de traiter des cas isol\u00e9s, mais de mettre en place un cadre de coop\u00e9ration durable permettant d\u2019ex\u00e9cuter les d\u00e9cisions de renvoi selon des r\u00e8gles claires et r\u00e9guli\u00e8res. Le ministre a ajout\u00e9 qu\u2019une d\u00e9l\u00e9gation fran\u00e7aise s\u2019\u00e9tait r\u00e9cemment rendue en Alg\u00e9rie dans le cadre des pr\u00e9paratifs de ce dialogue, et qu\u2019une visite officielle pourrait suivre pour renforcer le processus, tout en reconnaissant que les autorit\u00e9s alg\u00e9riennes n\u2019avaient pas encore repris l\u2019accueil des personnes expuls\u00e9es, soulignant ainsi les dimensions politiques et diplomatiques complexes du dossier.<\/p>\n<p style=\"text-align: justify;\" data-start=\"1513\" data-end=\"1986\">Parall\u00e8lement, Paris a engag\u00e9 une r\u00e9vision de l\u2019accord de 1968, dans un contexte de d\u00e9bat interne sur la pertinence d\u2019un texte ancien, octroyant aux Alg\u00e9riens des droits particuliers en mati\u00e8re de travail, de r\u00e9sidence et de regroupement familial. Cette initiative refl\u00e8te une volont\u00e9 d\u2019\u00e9viter tout conflit diplomatique avec l\u2019Alg\u00e9rie, alors que le Parlement fran\u00e7ais continue de plaider pour un durcissement de la politique migratoire \u00e0 travers diverses recommandations.<\/p>\n<h3 style=\"text-align: justify;\" data-start=\"1988\" data-end=\"2025\">Enjeux politiques et juridiques<\/h3>\n<p style=\"text-align: justify;\" data-start=\"2027\" data-end=\"2483\">Du point de vue de la politique int\u00e9rieure fran\u00e7aise, l\u2019accord de 1968 est per\u00e7u comme un texte historique ne correspondant plus pleinement aux r\u00e9alit\u00e9s sociales et \u00e9conomiques actuelles, particuli\u00e8rement dans le contexte des d\u00e9bats sur l\u2019immigration et l\u2019int\u00e9gration. Si certains plaident pour son abrogation totale, d\u2019autres consid\u00e8rent qu\u2019une r\u00e9vision cibl\u00e9e pourrait pr\u00e9server la coop\u00e9ration avec l\u2019Alg\u00e9rie tout en \u00e9vitant des tensions diplomatiques.<\/p>\n<p style=\"text-align: justify;\" data-start=\"2485\" data-end=\"2942\">Pour l\u2019Alg\u00e9rie, ces n\u00e9gociations constituent un test sur la capacit\u00e9 des autorit\u00e9s \u00e0 g\u00e9rer un dossier sensible touchant aux droits de ses citoyens \u00e0 l\u2019\u00e9tranger, et \u00e0 r\u00e9affirmer sa souverainet\u00e9 dans l\u2019accueil de ses ressortissants faisant l\u2019objet de d\u00e9cisions de renvoi. Le refus actuel de reprendre ces rapatriements traduit un m\u00e9lange de prudence politique et de consid\u00e9rations internes, li\u00e9es \u00e0 l\u2019h\u00e9ritage de l\u2019ind\u00e9pendance et \u00e0 la politique int\u00e9rieure.<\/p>\n<h3 style=\"text-align: justify;\" data-start=\"2944\" data-end=\"2986\">Un h\u00e9ritage historique au long cours<\/h3>\n<p style=\"text-align: justify;\" data-start=\"2988\" data-end=\"3423\">L\u2019accord franco-alg\u00e9rien de 1968 ne se limitait pas \u00e0 un simple texte migratoire, mais constituait un document historique majeur, inscrit dans le contexte post-colonial et les besoins \u00e9conomiques fran\u00e7ais apr\u00e8s la Seconde Guerre mondiale. Il accordait aux Alg\u00e9riens des droits exceptionnels, non accessibles \u00e0 d\u2019autres migrants, ce qui en a fait un point sensible et un sujet de d\u00e9bat permanent dans la sph\u00e8re politique et juridique.<\/p>\n<p style=\"text-align: justify;\" data-start=\"3425\" data-end=\"3875\">Les modifications ult\u00e9rieures, en particulier celle de 2001, ont cherch\u00e9 \u00e0 adapter l\u2019accord aux \u00e9volutions sociales, en facilitant le regroupement familial, l\u2019acc\u00e8s \u00e0 l\u2019\u00e9ducation et au travail, ainsi que l\u2019obtention de la nationalit\u00e9 fran\u00e7aise. Pourtant, le d\u00e9bat actuel interroge toujours sur la pertinence de ce cadre face aux pressions politiques internes et \u00e0 la n\u00e9cessit\u00e9 de maintenir un partenariat stable avec un pays historique et sensible.<\/p>\n<h3 style=\"text-align: justify;\" data-start=\"3877\" data-end=\"3955\">Entre technique et politique : phase de test pour la relation bilat\u00e9rale<\/h3>\n<p style=\"text-align: justify;\" data-start=\"3957\" data-end=\"4240\">La question centrale demeure : ces consultations techniques sur le rapatriement et la r\u00e9vision de l\u2019accord pourront-elles se transformer en un compromis politique durable ? La capacit\u00e9 des deux parties \u00e0 d\u00e9passer les aspects symboliques et historiques du dossier sera d\u00e9terminante.<\/p>\n<p style=\"text-align: justify;\" data-start=\"4242\" data-end=\"4593\">\u00c0 ce stade, la France semble vouloir \u00e9viter des mesures unilat\u00e9rales susceptibles de provoquer des tensions, tandis que l\u2019Alg\u00e9rie maintient une posture prudente. Tout progr\u00e8s concret d\u00e9pendra de la capacit\u00e9 des deux pays \u00e0 g\u00e9rer ce dossier dans une perspective de n\u00e9gociation \u00e0 long terme, respectant \u00e0 la fois les droits et obligations r\u00e9ciproques.<\/p>\n","protected":false},"excerpt":{"rendered":"<p>Apr\u00e8s une p\u00e9riode de relative stagnation, le dossier de l\u2019immigration alg\u00e9rienne vers la France retrouve une place centrale sur l\u2019agenda politique et diplomatique, avec l\u2019annonce du ministre fran\u00e7ais de l\u2019Int\u00e9rieur, Laurent Nu\u00f1ez, du lancement d\u2019une nouvelle s\u00e9rie de consultations bilat\u00e9rales. Ces discussions visent \u00e0 r\u00e9organiser les proc\u00e9dures de rapatriement des ressortissants alg\u00e9riens r\u00e9sidant en France, [&hellip;]<\/p>\n","protected":false},"author":3,"featured_media":1891,"comment_status":"open","ping_status":"open","sticky":false,"template":"","format":"standard","meta":{"footnotes":""},"categories":[28,25,49],"tags":[],"class_list":{"0":"post-1890","1":"post","2":"type-post","3":"status-publish","4":"format-standard","5":"has-post-thumbnail","7":"category-afrique","8":"category-europ","9":"category-le-maghreb"},"_links":{"self":[{"href":"https:\/\/diplomatique.ma\/fr\/wp-json\/wp\/v2\/posts\/1890","targetHints":{"allow":["GET"]}}],"collection":[{"href":"https:\/\/diplomatique.ma\/fr\/wp-json\/wp\/v2\/posts"}],"about":[{"href":"https:\/\/diplomatique.ma\/fr\/wp-json\/wp\/v2\/types\/post"}],"author":[{"embeddable":true,"href":"https:\/\/diplomatique.ma\/fr\/wp-json\/wp\/v2\/users\/3"}],"replies":[{"embeddable":true,"href":"https:\/\/diplomatique.ma\/fr\/wp-json\/wp\/v2\/comments?post=1890"}],"version-history":[{"count":1,"href":"https:\/\/diplomatique.ma\/fr\/wp-json\/wp\/v2\/posts\/1890\/revisions"}],"predecessor-version":[{"id":1892,"href":"https:\/\/diplomatique.ma\/fr\/wp-json\/wp\/v2\/posts\/1890\/revisions\/1892"}],"wp:featuredmedia":[{"embeddable":true,"href":"https:\/\/diplomatique.ma\/fr\/wp-json\/wp\/v2\/media\/1891"}],"wp:attachment":[{"href":"https:\/\/diplomatique.ma\/fr\/wp-json\/wp\/v2\/media?parent=1890"}],"wp:term":[{"taxonomy":"category","embeddable":true,"href":"https:\/\/diplomatique.ma\/fr\/wp-json\/wp\/v2\/categories?post=1890"},{"taxonomy":"post_tag","embeddable":true,"href":"https:\/\/diplomatique.ma\/fr\/wp-json\/wp\/v2\/tags?post=1890"}],"curies":[{"name":"wp","href":"https:\/\/api.w.org\/{rel}","templated":true}]}}