{"id":206,"date":"2024-08-15T16:12:39","date_gmt":"2024-08-15T16:12:39","guid":{"rendered":"https:\/\/diplomatique.ma\/fr\/?p=206"},"modified":"2024-08-15T16:19:32","modified_gmt":"2024-08-15T16:19:32","slug":"le-premier-ministre-represente-sa-majeste-lors-de-la-commemoration-du-80e-anniversaire-du-debarquement-de-provence","status":"publish","type":"post","link":"https:\/\/diplomatique.ma\/fr\/le-premier-ministre-represente-sa-majeste-lors-de-la-commemoration-du-80e-anniversaire-du-debarquement-de-provence\/","title":{"rendered":"Le Premier ministre repr\u00e9sente Sa Majest\u00e9 lors de la comm\u00e9moration du 80e anniversaire du d\u00e9barquement de Provence"},"content":{"rendered":"<p class=\"inline text-paragraph-m font-normal\" style=\"text-align: justify;\"><span style=\"color: #000000;\">Le Premier ministre, Aziz Akhannouch, a repr\u00e9sent\u00e9 Sa Majest\u00e9 le Roi Mohammed VI lors de la comm\u00e9moration du 80e anniversaire du d\u00e9barquement de Provence, qui s&rsquo;est tenue aujourd&rsquo;hui, jeudi, \u00e0 San Rafael (sud-est de la France), sous la pr\u00e9sidence du Pr\u00e9sident de la R\u00e9publique fran\u00e7aise, Emmanuel Macron.<\/span><\/p>\n<p><img loading=\"lazy\" decoding=\"async\" class=\"aligncenter wp-image-207 size-full\" src=\"https:\/\/diplomatique.ma\/fr\/wp-content\/uploads\/2024\/08\/59e12e65-0086-4124-8dbb-94f590c95e6f.jpg\" alt=\"\" width=\"800\" height=\"533\" srcset=\"https:\/\/diplomatique.ma\/fr\/wp-content\/uploads\/2024\/08\/59e12e65-0086-4124-8dbb-94f590c95e6f.jpg 800w, https:\/\/diplomatique.ma\/fr\/wp-content\/uploads\/2024\/08\/59e12e65-0086-4124-8dbb-94f590c95e6f-300x200.jpg 300w, https:\/\/diplomatique.ma\/fr\/wp-content\/uploads\/2024\/08\/59e12e65-0086-4124-8dbb-94f590c95e6f-768x512.jpg 768w, https:\/\/diplomatique.ma\/fr\/wp-content\/uploads\/2024\/08\/59e12e65-0086-4124-8dbb-94f590c95e6f-150x100.jpg 150w, https:\/\/diplomatique.ma\/fr\/wp-content\/uploads\/2024\/08\/59e12e65-0086-4124-8dbb-94f590c95e6f-696x464.jpg 696w\" sizes=\"auto, (max-width: 800px) 100vw, 800px\" \/><\/p>\n<p class=\"inline text-paragraph-m font-normal\" style=\"text-align: justify;\"><span style=\"color: #000000;\">Cet \u00e9v\u00e9nement historique s&rsquo;inscrit dans le cadre des c\u00e9l\u00e9brations organis\u00e9es par la France pour raviver les m\u00e9moires d&rsquo;envergure internationale, o\u00f9 l&rsquo;on a rendu hommage aux \u00e2mes de 350 000 soldats qui ont d\u00e9barqu\u00e9 le 15 ao\u00fbt 1944 en Provence, parmi lesquels de nombreux soldats marocains qui ont particip\u00e9 \u00e0 ces op\u00e9rations militaires importantes.<\/span><\/p>\n<p><img loading=\"lazy\" decoding=\"async\" class=\"aligncenter wp-image-208 size-full\" src=\"https:\/\/diplomatique.ma\/fr\/wp-content\/uploads\/2024\/08\/54dc782f-e945-412c-ab0d-f25c5912ffcb.jpg\" alt=\"\" width=\"800\" height=\"533\" srcset=\"https:\/\/diplomatique.ma\/fr\/wp-content\/uploads\/2024\/08\/54dc782f-e945-412c-ab0d-f25c5912ffcb.jpg 800w, https:\/\/diplomatique.ma\/fr\/wp-content\/uploads\/2024\/08\/54dc782f-e945-412c-ab0d-f25c5912ffcb-300x200.jpg 300w, https:\/\/diplomatique.ma\/fr\/wp-content\/uploads\/2024\/08\/54dc782f-e945-412c-ab0d-f25c5912ffcb-768x512.jpg 768w, https:\/\/diplomatique.ma\/fr\/wp-content\/uploads\/2024\/08\/54dc782f-e945-412c-ab0d-f25c5912ffcb-150x100.jpg 150w, https:\/\/diplomatique.ma\/fr\/wp-content\/uploads\/2024\/08\/54dc782f-e945-412c-ab0d-f25c5912ffcb-696x464.jpg 696w\" sizes=\"auto, (max-width: 800px) 100vw, 800px\" \/><\/p>\n<p class=\"inline text-paragraph-m font-normal\" style=\"text-align: justify;\"><span style=\"color: #000000;\">L&rsquo;ambassadrice de Sa Majest\u00e9 \u00e0 Paris, Samira Sitail, \u00e9tait \u00e9galement pr\u00e9sente \u00e0 la c\u00e9r\u00e9monie, o\u00f9 des discours comm\u00e9moratifs ont \u00e9t\u00e9 prononc\u00e9s pour exprimer la gratitude et l&rsquo;appr\u00e9ciation pour les sacrifices des soldats qui ont combattu pour la libert\u00e9. L&rsquo;occasion a \u00e9t\u00e9 marqu\u00e9e par la remise de distinctions par le Pr\u00e9sident Macron \u00e0 trois anciens combattants qui ont servi aux c\u00f4t\u00e9s des alli\u00e9s pendant la Seconde Guerre mondiale, dont le Marocain Arab Jawa, qui a re\u00e7u l&rsquo;Ordre de la L\u00e9gion d&rsquo;honneur au grade de Chevalier, en reconnaissance de son courage et de ses contributions.<\/span><\/p>\n<blockquote class=\"twitter-tweet\" data-width=\"550\" data-dnt=\"true\">\n<p lang=\"fr\" dir=\"ltr\">Sur les 90 000 combattants <a href=\"https:\/\/twitter.com\/hashtag\/marocains?src=hash&amp;ref_src=twsrc%5Etfw\">#marocains<\/a> qui ont pris part \u00e0 la <a href=\"https:\/\/twitter.com\/hashtag\/lib%C3%A9ration?src=hash&amp;ref_src=twsrc%5Etfw\">#lib\u00e9ration<\/a> lors de la seconde guerre mondiale, Ils sont 200 \u00e0 \u00eatre toujours en vie.<br \/>Ce matin, le Pr\u00e9sident <a href=\"https:\/\/twitter.com\/EmmanuelMacron?ref_src=twsrc%5Etfw\">@EmmanuelMacron<\/a> a remis \u00e0<br \/>Larbi Jawa, \u00e2g\u00e9 de 98 ans, la l\u00e9gion d&#39;honneur. <br \/>Il \u00e9tait accompagn\u00e9 de l&#39;un de ses\u2026 <a href=\"https:\/\/t.co\/ogGiQb5YFg\">pic.twitter.com\/ogGiQb5YFg<\/a><\/p>\n<p>&mdash; Ambassade du Royaume du Maroc en France \ud83c\uddf2\ud83c\udde6 (@AmbaMarocFrance) <a href=\"https:\/\/twitter.com\/AmbaMarocFrance\/status\/1824036941269962932?ref_src=twsrc%5Etfw\">August 15, 2024<\/a><\/p><\/blockquote>\n<p><script async src=\"https:\/\/platform.twitter.com\/widgets.js\" charset=\"utf-8\"><\/script><\/p>\n<p class=\"inline text-paragraph-m font-normal\" style=\"text-align: justify;\"><span style=\"color: #000000;\">Ces c\u00e9l\u00e9brations illustrent les liens historiques et culturels entre le Maroc et la France, et refl\u00e8tent la profonde appr\u00e9ciation des sacrifices des soldats marocains pour la libert\u00e9 et la paix. La comm\u00e9moration de cet anniversaire t\u00e9moigne \u00e9galement de l&rsquo;engagement des deux pays \u00e0 reconna\u00eetre leur pass\u00e9 commun et \u00e0 renforcer leur coop\u00e9ration \u00e0 l&rsquo;avenir.<\/span><\/p>\n","protected":false},"excerpt":{"rendered":"<p>Le Premier ministre, Aziz Akhannouch, a repr\u00e9sent\u00e9 Sa Majest\u00e9 le Roi Mohammed VI lors de la comm\u00e9moration du 80e anniversaire du d\u00e9barquement de Provence, qui s&rsquo;est tenue aujourd&rsquo;hui, jeudi, \u00e0 San Rafael (sud-est de la France), sous la pr\u00e9sidence du Pr\u00e9sident de la R\u00e9publique fran\u00e7aise, Emmanuel Macron. Cet \u00e9v\u00e9nement historique s&rsquo;inscrit dans le cadre des [&hellip;]<\/p>\n","protected":false},"author":2,"featured_media":209,"comment_status":"open","ping_status":"open","sticky":false,"template":"","format":"standard","meta":{"footnotes":""},"categories":[28,23],"tags":[],"class_list":{"0":"post-206","1":"post","2":"type-post","3":"status-publish","4":"format-standard","5":"has-post-thumbnail","7":"category-afrique","8":"category-politique"},"_links":{"self":[{"href":"https:\/\/diplomatique.ma\/fr\/wp-json\/wp\/v2\/posts\/206","targetHints":{"allow":["GET"]}}],"collection":[{"href":"https:\/\/diplomatique.ma\/fr\/wp-json\/wp\/v2\/posts"}],"about":[{"href":"https:\/\/diplomatique.ma\/fr\/wp-json\/wp\/v2\/types\/post"}],"author":[{"embeddable":true,"href":"https:\/\/diplomatique.ma\/fr\/wp-json\/wp\/v2\/users\/2"}],"replies":[{"embeddable":true,"href":"https:\/\/diplomatique.ma\/fr\/wp-json\/wp\/v2\/comments?post=206"}],"version-history":[{"count":2,"href":"https:\/\/diplomatique.ma\/fr\/wp-json\/wp\/v2\/posts\/206\/revisions"}],"predecessor-version":[{"id":211,"href":"https:\/\/diplomatique.ma\/fr\/wp-json\/wp\/v2\/posts\/206\/revisions\/211"}],"wp:featuredmedia":[{"embeddable":true,"href":"https:\/\/diplomatique.ma\/fr\/wp-json\/wp\/v2\/media\/209"}],"wp:attachment":[{"href":"https:\/\/diplomatique.ma\/fr\/wp-json\/wp\/v2\/media?parent=206"}],"wp:term":[{"taxonomy":"category","embeddable":true,"href":"https:\/\/diplomatique.ma\/fr\/wp-json\/wp\/v2\/categories?post=206"},{"taxonomy":"post_tag","embeddable":true,"href":"https:\/\/diplomatique.ma\/fr\/wp-json\/wp\/v2\/tags?post=206"}],"curies":[{"name":"wp","href":"https:\/\/api.w.org\/{rel}","templated":true}]}}