{"id":2070,"date":"2026-02-17T14:39:17","date_gmt":"2026-02-17T14:39:17","guid":{"rendered":"https:\/\/diplomatique.ma\/fr\/?p=2070"},"modified":"2026-02-17T20:41:48","modified_gmt":"2026-02-17T20:41:48","slug":"incertitude-sanitaire-au-sommet-du-pouvoir-a-abou-dhabi-ce-que-lon-sait-et-ce-qui-reste-tu","status":"publish","type":"post","link":"https:\/\/diplomatique.ma\/fr\/incertitude-sanitaire-au-sommet-du-pouvoir-a-abou-dhabi-ce-que-lon-sait-et-ce-qui-reste-tu\/","title":{"rendered":"Incertitude sanitaire au sommet du pouvoir \u00e0 Abou Dhabi : ce que l\u2019on sait\u2026 et ce qui reste tu"},"content":{"rendered":"<p style=\"text-align: justify;\" data-start=\"123\" data-end=\"508\">Dans un contexte r\u00e9gional particuli\u00e8rement sensible, le nom des \u00c9mirats arabes unis est revenu sur le devant de la sc\u00e8ne non pas \u00e0 travers une initiative diplomatique ou s\u00e9curitaire, mais \u00e0 la suite d\u2019un flou in\u00e9dit entourant l\u2019\u00e9tat de sant\u00e9 du pr\u00e9sident de l\u2019\u00c9tat, <strong data-start=\"389\" data-end=\"430\"><span class=\"hover:entity-accent entity-underline inline cursor-pointer align-baseline\"><span class=\"whitespace-normal\">Mohammed ben Zayed Al Nahyan<\/span><\/span><\/strong>, apr\u00e8s un message \u00e9nigmatique diffus\u00e9 puis supprim\u00e9 par la pr\u00e9sidence turque.<\/p>\n<p style=\"text-align: justify;\" data-start=\"510\" data-end=\"930\">L\u2019affaire a \u00e9clat\u00e9 avec l\u2019annulation soudaine d\u2019une visite officielle du pr\u00e9sident turc <strong data-start=\"598\" data-end=\"639\"><span class=\"hover:entity-accent entity-underline inline cursor-pointer align-baseline\"><span class=\"whitespace-normal\">Recep Tayyip Erdogan<\/span><\/span><\/strong> \u00e0 Abou Dhabi. Si les reports diplomatiques ne sont pas rares, le contenu du message publi\u00e9 sur le r\u00e9seau X par la pr\u00e9sidence turque a, lui, provoqu\u00e9 une onde de choc : Ankara y \u00e9voquait explicitement un \u00ab malaise de sant\u00e9 \u00bb du pr\u00e9sident \u00e9mirati, accompagn\u00e9 de v\u0153ux de prompt r\u00e9tablissement.<\/p>\n<p style=\"text-align: justify;\" data-start=\"932\" data-end=\"1394\">Le plus troublant reste que ce message, compos\u00e9 de plusieurs paragraphes, a \u00e9t\u00e9 rapidement effac\u00e9 sans explication, tandis que les m\u00e9dias publics turcs, notamment TRT, se sont abstenus de poursuivre la couverture, alors qu\u2019ils avaient initialement confirm\u00e9 l\u2019information. Ce double silence \u2013 suppression du tweet et blackout m\u00e9diatique \u2013 a nourri les sp\u00e9culations : simple erreur de communication ou divulgation pr\u00e9matur\u00e9e d\u2019une information jug\u00e9e trop sensible ?<\/p>\n<p style=\"text-align: justify;\" data-start=\"1396\" data-end=\"1819\">Du c\u00f4t\u00e9 \u00e9mirati, la ligne officielle est rest\u00e9e immuable. L\u2019agence de presse WAM s\u2019est content\u00e9e d\u2019\u00e9voquer un appel t\u00e9l\u00e9phonique entre Mohammed ben Zayed et Erdogan, sans la moindre allusion \u00e0 son \u00e9tat de sant\u00e9. Cette version minimaliste contraste fortement avec la narration turque initiale, renfor\u00e7ant l\u2019id\u00e9e d\u2019un \u00e9cart significatif entre ce qui est communiqu\u00e9 et ce qui se sait r\u00e9ellement dans les cercles diplomatiques.<\/p>\n<p style=\"text-align: justify;\" data-start=\"1821\" data-end=\"2184\">Le dernier acte public du pr\u00e9sident \u00e9mirati remonte \u00e0 quelques jours auparavant, lorsqu\u2019il avait re\u00e7u l\u2019\u00e9mir du Qatar <strong data-start=\"1939\" data-end=\"1980\"><span class=\"hover:entity-accent entity-underline inline cursor-pointer align-baseline\"><span class=\"whitespace-normal\">Tamim ben Hamad Al Thani<\/span><\/span><\/strong> dans une rencontre largement m\u00e9diatis\u00e9e. Depuis, aucune apparition officielle, aucun discours, aucune image nouvelle : un silence inhabituel pour un chef d\u2019\u00c9tat r\u00e9put\u00e9 omnipr\u00e9sent sur la sc\u00e8ne r\u00e9gionale.<\/p>\n<p style=\"text-align: justify;\" data-start=\"2186\" data-end=\"2608\">Derri\u00e8re ce flou, une question s\u2019impose : celle de la succession. Mohammed ben Zayed, devenu pr\u00e9sident en mai 2022 apr\u00e8s la mort de son fr\u00e8re Khalifa, gouvernait d\u00e9j\u00e0 de facto depuis plusieurs ann\u00e9es, en raison de la maladie de ce dernier. L\u2019histoire r\u00e9cente des \u00c9mirats montre ainsi que la gestion du pouvoir en p\u00e9riode d\u2019incapacit\u00e9 physique n\u2019est pas une nouveaut\u00e9, mais elle n\u2019en reste pas moins politiquement d\u00e9licate.<\/p>\n<p style=\"text-align: justify;\" data-start=\"2610\" data-end=\"2977\">Dans ce contexte, le nom du prince h\u00e9ritier d\u2019Abou Dhabi, <strong data-start=\"2668\" data-end=\"2709\"><span class=\"hover:entity-accent entity-underline inline cursor-pointer align-baseline\"><span class=\"whitespace-normal\">Khaled ben Mohammed ben Zayed<\/span><\/span><\/strong>, revient avec insistance. \u00c2g\u00e9 de 44 ans, il incarne la continuit\u00e9 du syst\u00e8me : parcours s\u00e9curitaire, responsabilit\u00e9s strat\u00e9giques, contr\u00f4le de centres de d\u00e9cision cl\u00e9s. Sa nomination en 2023 avait d\u00e9j\u00e0 \u00e9t\u00e9 interpr\u00e9t\u00e9e comme un signal clair de pr\u00e9paration \u00e0 la rel\u00e8ve.<\/p>\n<p style=\"text-align: justify;\" data-start=\"2979\" data-end=\"3347\">Au-del\u00e0 des personnes, c\u2019est surtout la mani\u00e8re dont l\u2019information est g\u00e9r\u00e9e qui interroge. Le contraste entre la transparence relative affich\u00e9e par Ankara, puis son retrait brutal, et le silence rigoureux d\u2019Abou Dhabi, r\u00e9v\u00e8le une r\u00e9alit\u00e9 plus large : la sant\u00e9 des dirigeants reste, dans de nombreux r\u00e9gimes, un secret d\u2019\u00c9tat, prot\u00e9g\u00e9 au nom de la stabilit\u00e9 politique.<\/p>\n<p style=\"text-align: justify;\" data-start=\"3349\" data-end=\"3730\">Aujourd\u2019hui, rien ne permet d\u2019affirmer officiellement que Mohammed ben Zayed est gravement malade. Mais la s\u00e9quence m\u00e9diatique \u2013 fuite, effacement, silence \u2013 montre combien la question du pouvoir aux \u00c9mirats d\u00e9passe le cadre national pour devenir un enjeu r\u00e9gional, observ\u00e9 avec attention par les chancelleries et les march\u00e9s, et suivi avec perplexit\u00e9 par l\u2019opinion publique arabe.<\/p>\n","protected":false},"excerpt":{"rendered":"<p>Dans un contexte r\u00e9gional particuli\u00e8rement sensible, le nom des \u00c9mirats arabes unis est revenu sur le devant de la sc\u00e8ne non pas \u00e0 travers une initiative diplomatique ou s\u00e9curitaire, mais \u00e0 la suite d\u2019un flou in\u00e9dit entourant l\u2019\u00e9tat de sant\u00e9 du pr\u00e9sident de l\u2019\u00c9tat, Mohammed ben Zayed Al Nahyan, apr\u00e8s un message \u00e9nigmatique diffus\u00e9 puis [&hellip;]<\/p>\n","protected":false},"author":3,"featured_media":2071,"comment_status":"open","ping_status":"open","sticky":false,"template":"","format":"standard","meta":{"footnotes":""},"categories":[29],"tags":[],"class_list":{"0":"post-2070","1":"post","2":"type-post","3":"status-publish","4":"format-standard","5":"has-post-thumbnail","7":"category-moyen-orient"},"_links":{"self":[{"href":"https:\/\/diplomatique.ma\/fr\/wp-json\/wp\/v2\/posts\/2070","targetHints":{"allow":["GET"]}}],"collection":[{"href":"https:\/\/diplomatique.ma\/fr\/wp-json\/wp\/v2\/posts"}],"about":[{"href":"https:\/\/diplomatique.ma\/fr\/wp-json\/wp\/v2\/types\/post"}],"author":[{"embeddable":true,"href":"https:\/\/diplomatique.ma\/fr\/wp-json\/wp\/v2\/users\/3"}],"replies":[{"embeddable":true,"href":"https:\/\/diplomatique.ma\/fr\/wp-json\/wp\/v2\/comments?post=2070"}],"version-history":[{"count":1,"href":"https:\/\/diplomatique.ma\/fr\/wp-json\/wp\/v2\/posts\/2070\/revisions"}],"predecessor-version":[{"id":2072,"href":"https:\/\/diplomatique.ma\/fr\/wp-json\/wp\/v2\/posts\/2070\/revisions\/2072"}],"wp:featuredmedia":[{"embeddable":true,"href":"https:\/\/diplomatique.ma\/fr\/wp-json\/wp\/v2\/media\/2071"}],"wp:attachment":[{"href":"https:\/\/diplomatique.ma\/fr\/wp-json\/wp\/v2\/media?parent=2070"}],"wp:term":[{"taxonomy":"category","embeddable":true,"href":"https:\/\/diplomatique.ma\/fr\/wp-json\/wp\/v2\/categories?post=2070"},{"taxonomy":"post_tag","embeddable":true,"href":"https:\/\/diplomatique.ma\/fr\/wp-json\/wp\/v2\/tags?post=2070"}],"curies":[{"name":"wp","href":"https:\/\/api.w.org\/{rel}","templated":true}]}}