{"id":2092,"date":"2026-02-24T12:10:10","date_gmt":"2026-02-24T12:10:10","guid":{"rendered":"https:\/\/diplomatique.ma\/fr\/?p=2092"},"modified":"2026-02-24T14:59:14","modified_gmt":"2026-02-24T14:59:14","slug":"le-president-mauritanien-recoit-une-delegation-du-polisario-dans-un-contexte-diplomatique-sensible-washington-redessine-les-equilibres-autour-du-dossier-du-sahara","status":"publish","type":"post","link":"https:\/\/diplomatique.ma\/fr\/le-president-mauritanien-recoit-une-delegation-du-polisario-dans-un-contexte-diplomatique-sensible-washington-redessine-les-equilibres-autour-du-dossier-du-sahara\/","title":{"rendered":"Le pr\u00e9sident mauritanien re\u00e7oit une d\u00e9l\u00e9gation du \u201cpolisario\u201d dans un contexte diplomatique sensible : Washington redessine les \u00e9quilibres autour du dossier du Sahara"},"content":{"rendered":"<p style=\"text-align: justify;\" data-start=\"234\" data-end=\"756\">Dans un contexte r\u00e9gional marqu\u00e9 par une intensification des mouvements diplomatiques li\u00e9s au dossier du Sahara, le pr\u00e9sident mauritanien Mohamed Ould Cheikh El Ghazouani a re\u00e7u une d\u00e9l\u00e9gation du \u201cpolisario\u201d conduite par ce que le mouvement pr\u00e9sente comme le pr\u00e9sident de son Conseil national, Hamma Salama. La pr\u00e9sidence mauritanienne s\u2019est limit\u00e9e \u00e0 publier des images de la rencontre sans fournir de pr\u00e9cisions sur son contenu ni sur les th\u00e9matiques abord\u00e9es, laissant ainsi place \u00e0 diverses interpr\u00e9tations politiques.<\/p>\n<p style=\"text-align: justify;\" data-start=\"758\" data-end=\"1343\">Le timing de cette rencontre rev\u00eat une importance particuli\u00e8re, puisqu\u2019elle co\u00efncide avec des consultations organis\u00e9es \u00e0 Washington autour du m\u00eame dossier, sur une p\u00e9riode de deux jours, sous la supervision de Msaad Boulos, envoy\u00e9 et conseiller de l\u2019ancien pr\u00e9sident am\u00e9ricain Donald Trump pour les affaires arabes et africaines. Cette simultan\u00e9it\u00e9 entre les \u00e9changes \u00e0 Nouakchott et les discussions dans la capitale am\u00e9ricaine sugg\u00e8re une dynamique diplomatique plus large, o\u00f9 chaque mouvement s\u2019inscrit dans une recomposition des positions et des rapports de force autour du conflit.<\/p>\n<p style=\"text-align: justify;\" data-start=\"1345\" data-end=\"2036\">La Mauritanie r\u00e9affirme officiellement sa posture fond\u00e9e sur un principe de \u201cneutralit\u00e9 positive\u201d, consistant \u00e0 maintenir une distance \u00e9quidistante entre les parties au diff\u00e9rend tout en pr\u00e9servant ses int\u00e9r\u00eats strat\u00e9giques nationaux. Toutefois, cette position se trouve aujourd\u2019hui soumise \u00e0 des pressions et \u00e0 des tests permanents face aux \u00e9volutions rapides du contexte r\u00e9gional et international. Les visites r\u00e9guli\u00e8res de d\u00e9l\u00e9gations du \u201cpolisario\u201d \u00e0 Nouakchott traduisent, de leur c\u00f4t\u00e9, la volont\u00e9 du mouvement de maintenir des canaux de communication ouverts avec la capitale mauritanienne et de pr\u00e9server un espace d\u2019influence diplomatique \u00e0 proximit\u00e9 imm\u00e9diate du th\u00e9\u00e2tre du conflit.<\/p>\n<p style=\"text-align: justify;\" data-start=\"2038\" data-end=\"2633\">Parall\u00e8lement, l\u2019Alg\u00e9rie et la direction du \u201cpolisario\u201d observent avec une attention particuli\u00e8re les transformations qui affectent le dossier. Le renforcement progressif de la position marocaine sur le plan international, ainsi que la consolidation de l\u2019initiative d\u2019autonomie comme cadre de r\u00e9f\u00e9rence pour une solution politique, ont modifi\u00e9 les \u00e9quations diplomatiques traditionnelles. L\u2019adoption r\u00e9cente de la r\u00e9solution 2797 du Conseil de s\u00e9curit\u00e9 a \u00e9galement confirm\u00e9 le maintien du cadre onusien tout en laissant ouverte la perspective de nouvelles \u00e9volutions dans le processus politique.<\/p>\n<p style=\"text-align: justify;\" data-start=\"2635\" data-end=\"3071\">Ainsi, la rencontre mauritanienne ne peut \u00eatre r\u00e9duite \u00e0 un simple geste protocolaire. Elle s\u2019inscrit dans une s\u00e9quence diplomatique plus vaste o\u00f9 les capitales r\u00e9gionales et internationales ajustent leurs positions en fonction des d\u00e9veloppements en cours. Le dossier du Sahara demeure un espace de n\u00e9gociation strat\u00e9gique, dont les contours se redessinent au rythme des initiatives diplomatiques et des repositionnements g\u00e9opolitiques.<\/p>\n","protected":false},"excerpt":{"rendered":"<p>Dans un contexte r\u00e9gional marqu\u00e9 par une intensification des mouvements diplomatiques li\u00e9s au dossier du Sahara, le pr\u00e9sident mauritanien Mohamed Ould Cheikh El Ghazouani a re\u00e7u une d\u00e9l\u00e9gation du \u201cpolisario\u201d conduite par ce que le mouvement pr\u00e9sente comme le pr\u00e9sident de son Conseil national, Hamma Salama. La pr\u00e9sidence mauritanienne s\u2019est limit\u00e9e \u00e0 publier des images [&hellip;]<\/p>\n","protected":false},"author":3,"featured_media":2093,"comment_status":"open","ping_status":"open","sticky":false,"template":"","format":"standard","meta":{"footnotes":""},"categories":[28,40,49],"tags":[],"class_list":{"0":"post-2092","1":"post","2":"type-post","3":"status-publish","4":"format-standard","5":"has-post-thumbnail","7":"category-afrique","8":"category-afrique-m-o","9":"category-le-maghreb"},"_links":{"self":[{"href":"https:\/\/diplomatique.ma\/fr\/wp-json\/wp\/v2\/posts\/2092","targetHints":{"allow":["GET"]}}],"collection":[{"href":"https:\/\/diplomatique.ma\/fr\/wp-json\/wp\/v2\/posts"}],"about":[{"href":"https:\/\/diplomatique.ma\/fr\/wp-json\/wp\/v2\/types\/post"}],"author":[{"embeddable":true,"href":"https:\/\/diplomatique.ma\/fr\/wp-json\/wp\/v2\/users\/3"}],"replies":[{"embeddable":true,"href":"https:\/\/diplomatique.ma\/fr\/wp-json\/wp\/v2\/comments?post=2092"}],"version-history":[{"count":1,"href":"https:\/\/diplomatique.ma\/fr\/wp-json\/wp\/v2\/posts\/2092\/revisions"}],"predecessor-version":[{"id":2094,"href":"https:\/\/diplomatique.ma\/fr\/wp-json\/wp\/v2\/posts\/2092\/revisions\/2094"}],"wp:featuredmedia":[{"embeddable":true,"href":"https:\/\/diplomatique.ma\/fr\/wp-json\/wp\/v2\/media\/2093"}],"wp:attachment":[{"href":"https:\/\/diplomatique.ma\/fr\/wp-json\/wp\/v2\/media?parent=2092"}],"wp:term":[{"taxonomy":"category","embeddable":true,"href":"https:\/\/diplomatique.ma\/fr\/wp-json\/wp\/v2\/categories?post=2092"},{"taxonomy":"post_tag","embeddable":true,"href":"https:\/\/diplomatique.ma\/fr\/wp-json\/wp\/v2\/tags?post=2092"}],"curies":[{"name":"wp","href":"https:\/\/api.w.org\/{rel}","templated":true}]}}