{"id":2099,"date":"2026-02-26T11:45:15","date_gmt":"2026-02-26T11:45:15","guid":{"rendered":"https:\/\/diplomatique.ma\/fr\/?p=2099"},"modified":"2026-02-26T14:54:37","modified_gmt":"2026-02-26T14:54:37","slug":"helal-devant-le-conseil-de-securite-lecture-strategique-dun-agenda-de-stabilisation-et-de-developpement-en-republique-centrafricaine","status":"publish","type":"post","link":"https:\/\/diplomatique.ma\/fr\/helal-devant-le-conseil-de-securite-lecture-strategique-dun-agenda-de-stabilisation-et-de-developpement-en-republique-centrafricaine\/","title":{"rendered":"H\u00e9lal devant le Conseil de s\u00e9curit\u00e9 : lecture strat\u00e9gique d\u2019un agenda de stabilisation et de d\u00e9veloppement en R\u00e9publique centrafricaine"},"content":{"rendered":"<p style=\"text-align: justify;\" data-start=\"167\" data-end=\"789\">Dans une nouvelle s\u00e9quence diplomatique illustrant l\u2019engagement croissant du Maroc dans les dynamiques africaines de paix, l\u2019ambassadeur repr\u00e9sentant permanent du Royaume aupr\u00e8s des Nations unies, Omar Hilale, a pr\u00e9sent\u00e9 un expos\u00e9 devant le Conseil de s\u00e9curit\u00e9, en sa qualit\u00e9 de pr\u00e9sident de la configuration R\u00e9publique centrafricaine de la Commission de consolidation de la paix. Cette intervention, tenue \u00e0 l\u2019invitation de la pr\u00e9sidence britannique du Conseil, a constitu\u00e9 une plateforme politique visant \u00e0 \u00e9valuer les progr\u00e8s r\u00e9alis\u00e9s \u00e0 la suite des \u00e9lections et \u00e0 tracer les priorit\u00e9s pour la consolidation des acquis.<\/p>\n<p style=\"text-align: justify;\" data-start=\"791\" data-end=\"1326\">L\u2019intervention s\u2019inscrivait dans le contexte des \u00e9lections pr\u00e9sidentielle, l\u00e9gislatives, r\u00e9gionales et municipales organis\u00e9es le 28 d\u00e9cembre 2025. Hilale a soulign\u00e9 que ce scrutin s\u2019est d\u00e9roul\u00e9 dans des conditions globalement pacifiques, libres et transparentes, marquant une \u00e9tape importante dans le renforcement de la l\u00e9gitimit\u00e9 institutionnelle et de la transition d\u00e9mocratique. Au-del\u00e0 de l\u2019appr\u00e9ciation proc\u00e9durale, ce constat traduit une volont\u00e9 de consolider la stabilit\u00e9 politique comme fondement de toute r\u00e9forme structurelle.<\/p>\n<p style=\"text-align: justify;\" data-start=\"1328\" data-end=\"1784\">Au nom de la Commission de consolidation de la paix, le diplomate marocain a f\u00e9licit\u00e9 le pr\u00e9sident Faustin-Archange Touad\u00e9ra pour sa r\u00e9\u00e9lection et pour l\u2019engagement affich\u00e9 des autorit\u00e9s centrafricaines en faveur de la continuit\u00e9 institutionnelle et du processus d\u00e9mocratique. Toutefois, il a \u00e9galement reconnu que les progr\u00e8s r\u00e9alis\u00e9s ne doivent pas occulter les d\u00e9fis s\u00e9curitaires persistants, rappelant que la stabilisation demeure un chantier inachev\u00e9.<\/p>\n<p style=\"text-align: justify;\" data-start=\"1786\" data-end=\"2352\">Dans cette perspective, quatre priorit\u00e9s strat\u00e9giques ont \u00e9t\u00e9 mises en avant. La premi\u00e8re concerne la poursuite de la r\u00e9forme du secteur de la s\u00e9curit\u00e9 et l\u2019extension effective de l\u2019autorit\u00e9 de l\u2019\u00c9tat sur l\u2019ensemble du territoire. La deuxi\u00e8me priorit\u00e9 porte sur la consolidation du processus de d\u00e9sarmement, d\u00e9mobilisation et r\u00e9int\u00e9gration (DDR), qui a permis, selon les donn\u00e9es pr\u00e9sent\u00e9es, la d\u00e9mobilisation de 13 groupes arm\u00e9s sur 14 \u2014 un r\u00e9sultat significatif qui appelle cependant une attention particuli\u00e8re quant \u00e0 l\u2019int\u00e9gration durable des anciens combattants.<\/p>\n<p style=\"text-align: justify;\" data-start=\"2354\" data-end=\"2849\">La troisi\u00e8me priorit\u00e9 vise le renforcement de la justice et de l\u2019\u00c9tat de droit, notamment \u00e0 travers le soutien \u00e0 la Cour p\u00e9nale sp\u00e9ciale et aux m\u00e9canismes de justice transitionnelle, consid\u00e9r\u00e9s comme essentiels pour lutter contre l\u2019impunit\u00e9 et pr\u00e9venir la r\u00e9surgence des violences. La quatri\u00e8me priorit\u00e9 \u00e9tablit un lien structurel entre stabilit\u00e9 et d\u00e9veloppement inclusif, soulignant que la paix ne peut \u00eatre p\u00e9renne sans retomb\u00e9es \u00e9conomiques concr\u00e8tes et investissements publics structurants.<\/p>\n<p style=\"text-align: justify;\" data-start=\"2851\" data-end=\"3315\">Sur le plan \u00e9conomique, Omar Hilale a rappel\u00e9 le r\u00f4le jou\u00e9 par le Maroc dans l\u2019organisation, \u00e0 la demande du gouvernement centrafricain, de la table ronde des partenaires tenue \u00e0 Casablanca les 14 et 15 septembre 2025. Cette rencontre a permis de mobiliser environ 9 milliards de dollars pour financer le Plan national de d\u00e9veloppement 2024-2028, repr\u00e9sentant une avanc\u00e9e majeure dans la consolidation des projets d\u2019infrastructure et des initiatives structurantes.<\/p>\n<p style=\"text-align: justify;\" data-start=\"3317\" data-end=\"3779\">Il a appel\u00e9 les partenaires internationaux \u00e0 soutenir la mise en \u0153uvre effective de ces engagements financiers afin de transformer les promesses de financement en r\u00e9alisations concr\u00e8tes. Dans la m\u00eame dynamique, il a mis en lumi\u00e8re le Fonds \u00ab Emai \u00bb, lanc\u00e9 officiellement par le gouvernement centrafricain en marge de la table ronde, et encourag\u00e9 les \u00c9tats et partenaires \u00e0 contribuer \u00e0 ce m\u00e9canisme destin\u00e9 \u00e0 renforcer l\u2019appropriation nationale du d\u00e9veloppement.<\/p>\n<p style=\"text-align: justify;\" data-start=\"3781\" data-end=\"4112\">Enfin, le diplomate a r\u00e9affirm\u00e9 le r\u00f4le central de la Mission multidimensionnelle int\u00e9gr\u00e9e des Nations unies pour la stabilisation en R\u00e9publique centrafricaine (MINUSCA), la qualifiant de partenaire strat\u00e9gique non seulement en mati\u00e8re de s\u00e9curit\u00e9, mais \u00e9galement dans le soutien aux r\u00e9formes institutionnelles et au d\u00e9veloppement.<\/p>\n<p style=\"text-align: justify;\" data-start=\"4114\" data-end=\"4406\">Cette r\u00e9union a \u00e9galement \u00e9t\u00e9 marqu\u00e9e par la pr\u00e9sentation du rapport du Secr\u00e9taire g\u00e9n\u00e9ral des Nations unies par la Repr\u00e9sentante sp\u00e9ciale et Cheffe de la MINUSCA, Valentine Rugwabiza, illustrant la compl\u00e9mentarit\u00e9 entre l\u2019\u00e9valuation onusienne et l\u2019action diplomatique engag\u00e9e sur le te<\/p>\n","protected":false},"excerpt":{"rendered":"<p>Dans une nouvelle s\u00e9quence diplomatique illustrant l\u2019engagement croissant du Maroc dans les dynamiques africaines de paix, l\u2019ambassadeur repr\u00e9sentant permanent du Royaume aupr\u00e8s des Nations unies, Omar Hilale, a pr\u00e9sent\u00e9 un expos\u00e9 devant le Conseil de s\u00e9curit\u00e9, en sa qualit\u00e9 de pr\u00e9sident de la configuration R\u00e9publique centrafricaine de la Commission de consolidation de la paix. Cette [&hellip;]<\/p>\n","protected":false},"author":3,"featured_media":2100,"comment_status":"open","ping_status":"open","sticky":false,"template":"","format":"standard","meta":{"footnotes":""},"categories":[28,34,37,25,38,49],"tags":[],"class_list":{"0":"post-2099","1":"post","2":"type-post","3":"status-publish","4":"format-standard","5":"has-post-thumbnail","7":"category-afrique","8":"category-amerique-centrale","9":"category-chine","10":"category-europ","11":"category-inde","12":"category-le-maghreb"},"_links":{"self":[{"href":"https:\/\/diplomatique.ma\/fr\/wp-json\/wp\/v2\/posts\/2099","targetHints":{"allow":["GET"]}}],"collection":[{"href":"https:\/\/diplomatique.ma\/fr\/wp-json\/wp\/v2\/posts"}],"about":[{"href":"https:\/\/diplomatique.ma\/fr\/wp-json\/wp\/v2\/types\/post"}],"author":[{"embeddable":true,"href":"https:\/\/diplomatique.ma\/fr\/wp-json\/wp\/v2\/users\/3"}],"replies":[{"embeddable":true,"href":"https:\/\/diplomatique.ma\/fr\/wp-json\/wp\/v2\/comments?post=2099"}],"version-history":[{"count":1,"href":"https:\/\/diplomatique.ma\/fr\/wp-json\/wp\/v2\/posts\/2099\/revisions"}],"predecessor-version":[{"id":2101,"href":"https:\/\/diplomatique.ma\/fr\/wp-json\/wp\/v2\/posts\/2099\/revisions\/2101"}],"wp:featuredmedia":[{"embeddable":true,"href":"https:\/\/diplomatique.ma\/fr\/wp-json\/wp\/v2\/media\/2100"}],"wp:attachment":[{"href":"https:\/\/diplomatique.ma\/fr\/wp-json\/wp\/v2\/media?parent=2099"}],"wp:term":[{"taxonomy":"category","embeddable":true,"href":"https:\/\/diplomatique.ma\/fr\/wp-json\/wp\/v2\/categories?post=2099"},{"taxonomy":"post_tag","embeddable":true,"href":"https:\/\/diplomatique.ma\/fr\/wp-json\/wp\/v2\/tags?post=2099"}],"curies":[{"name":"wp","href":"https:\/\/api.w.org\/{rel}","templated":true}]}}