{"id":2108,"date":"2026-02-27T10:56:27","date_gmt":"2026-02-27T10:56:27","guid":{"rendered":"https:\/\/diplomatique.ma\/fr\/?p=2108"},"modified":"2026-02-27T15:13:41","modified_gmt":"2026-02-27T15:13:41","slug":"menace-calculee-ou-pari-strategique-le-spectre-dune-guerre-prolongee-plane-sur-le-moyen-orient","status":"publish","type":"post","link":"https:\/\/diplomatique.ma\/fr\/menace-calculee-ou-pari-strategique-le-spectre-dune-guerre-prolongee-plane-sur-le-moyen-orient\/","title":{"rendered":"Menace calcul\u00e9e ou pari strat\u00e9gique ? Le spectre d\u2019une guerre prolong\u00e9e plane sur le Moyen-Orient"},"content":{"rendered":"<p style=\"text-align: justify;\" data-start=\"52\" data-end=\"590\">Dans un contexte de tension croissante entre Washington et T\u00e9h\u00e9ran, l\u2019hypoth\u00e8se d\u2019une frappe am\u00e9ricaine contre l\u2019Iran revient au centre du d\u00e9bat strat\u00e9gique. Le vice-pr\u00e9sident am\u00e9ricain, <span class=\"hover:entity-accent entity-underline inline cursor-pointer align-baseline\"><span class=\"whitespace-normal\">JD Vance<\/span><\/span>, a toutefois cherch\u00e9 \u00e0 d\u00e9samorcer les sc\u00e9narios alarmistes. Dans une interview accord\u00e9e au <span class=\"hover:entity-accent entity-underline inline cursor-pointer align-baseline\"><span class=\"whitespace-normal\">The Washington Post<\/span><\/span>, il a affirm\u00e9 qu\u2019une \u00e9ventuelle frappe d\u00e9cid\u00e9e par le pr\u00e9sident <span class=\"hover:entity-accent entity-underline inline cursor-pointer align-baseline\"><span class=\"whitespace-normal\">Donald Trump<\/span><\/span> ne conduirait pas \u00e0 une guerre prolong\u00e9e au <span class=\"hover:entity-accent entity-underline inline cursor-pointer align-baseline\"><span class=\"whitespace-normal\">Middle East<\/span><\/span>.<\/p>\n<p style=\"text-align: justify;\" data-start=\"592\" data-end=\"1117\">Au c\u0153ur de son argumentation, une volont\u00e9 claire de rompre avec l\u2019image des interventions militaires interminables qui ont marqu\u00e9 l\u2019histoire r\u00e9cente des \u00c9tats-Unis. \u00ab Il n\u2019y a aucune chance que nous soyons engag\u00e9s pendant des ann\u00e9es dans une guerre sans fin \u00bb, a-t-il insist\u00e9, r\u00e9pondant aux critiques qui redoutent un engrenage similaire aux conflits pass\u00e9s. L\u2019affirmation n\u2019est pas anodine : Vance est lui-m\u00eame un ancien Marine ayant servi en Irak, ce qui donne \u00e0 ses propos une dimension \u00e0 la fois politique et personnelle.<\/p>\n<p style=\"text-align: justify;\" data-start=\"1119\" data-end=\"1492\">Mais derri\u00e8re cette assurance se dessine une \u00e9quation plus complexe. Vance a rappel\u00e9 que l\u2019option diplomatique reste privil\u00e9gi\u00e9e, tout en soulignant que \u00ab tout d\u00e9pend de ce que feront et diront les Iraniens \u00bb. Cette formule conditionnelle laisse entrevoir une strat\u00e9gie \u00e0 double d\u00e9tente : maintenir la pression militaire tout en laissant une porte ouverte \u00e0 la n\u00e9gociation.<\/p>\n<p style=\"text-align: justify;\" data-start=\"1494\" data-end=\"1908\">Cette d\u00e9claration intervient alors qu\u2019un troisi\u00e8me cycle de discussions entre responsables am\u00e9ricains et iraniens s\u2019est tenu \u00e0 <span class=\"hover:entity-accent entity-underline inline cursor-pointer align-baseline\"><span class=\"whitespace-normal\">Geneva<\/span><\/span>. Le ministre iranien des Affaires \u00e9trang\u00e8res, <span class=\"hover:entity-accent entity-underline inline cursor-pointer align-baseline\"><span class=\"whitespace-normal\">Abbas Araghchi<\/span><\/span>, a qualifi\u00e9 cette session de \u00ab la plus intense jusqu\u2019\u00e0 pr\u00e9sent \u00bb. Ce qualificatif r\u00e9v\u00e8le \u00e0 la fois la gravit\u00e9 des divergences et l\u2019importance du moment diplomatique.<\/p>\n<p style=\"text-align: justify;\" data-start=\"1910\" data-end=\"2336\">En filigrane, la communication am\u00e9ricaine poursuit plusieurs objectifs : rassurer l\u2019opinion publique nationale, contenir les inqui\u00e9tudes des alli\u00e9s r\u00e9gionaux et dissuader T\u00e9h\u00e9ran sans franchir le seuil d\u2019une confrontation ouverte. Reste une interrogation centrale : peut-on r\u00e9ellement contenir une frappe militaire dans des limites strictement calcul\u00e9es dans une r\u00e9gion historiquement marqu\u00e9e par les dynamiques d\u2019escalade ?<\/p>\n<p style=\"text-align: justify;\" data-start=\"2338\" data-end=\"2514\">L\u2019\u00e9quilibre para\u00eet fragile. Entre pression strat\u00e9gique et pari diplomatique, Washington avance sur une ligne \u00e9troite o\u00f9 chaque mot compte autant que chaque mouvement militaire.<\/p>\n","protected":false},"excerpt":{"rendered":"<p>Dans un contexte de tension croissante entre Washington et T\u00e9h\u00e9ran, l\u2019hypoth\u00e8se d\u2019une frappe am\u00e9ricaine contre l\u2019Iran revient au centre du d\u00e9bat strat\u00e9gique. Le vice-pr\u00e9sident am\u00e9ricain, JD Vance, a toutefois cherch\u00e9 \u00e0 d\u00e9samorcer les sc\u00e9narios alarmistes. Dans une interview accord\u00e9e au The Washington Post, il a affirm\u00e9 qu\u2019une \u00e9ventuelle frappe d\u00e9cid\u00e9e par le pr\u00e9sident Donald Trump [&hellip;]<\/p>\n","protected":false},"author":3,"featured_media":2109,"comment_status":"open","ping_status":"open","sticky":false,"template":"","format":"standard","meta":{"footnotes":""},"categories":[34,29],"tags":[],"class_list":{"0":"post-2108","1":"post","2":"type-post","3":"status-publish","4":"format-standard","5":"has-post-thumbnail","7":"category-amerique-centrale","8":"category-moyen-orient"},"_links":{"self":[{"href":"https:\/\/diplomatique.ma\/fr\/wp-json\/wp\/v2\/posts\/2108","targetHints":{"allow":["GET"]}}],"collection":[{"href":"https:\/\/diplomatique.ma\/fr\/wp-json\/wp\/v2\/posts"}],"about":[{"href":"https:\/\/diplomatique.ma\/fr\/wp-json\/wp\/v2\/types\/post"}],"author":[{"embeddable":true,"href":"https:\/\/diplomatique.ma\/fr\/wp-json\/wp\/v2\/users\/3"}],"replies":[{"embeddable":true,"href":"https:\/\/diplomatique.ma\/fr\/wp-json\/wp\/v2\/comments?post=2108"}],"version-history":[{"count":2,"href":"https:\/\/diplomatique.ma\/fr\/wp-json\/wp\/v2\/posts\/2108\/revisions"}],"predecessor-version":[{"id":2111,"href":"https:\/\/diplomatique.ma\/fr\/wp-json\/wp\/v2\/posts\/2108\/revisions\/2111"}],"wp:featuredmedia":[{"embeddable":true,"href":"https:\/\/diplomatique.ma\/fr\/wp-json\/wp\/v2\/media\/2109"}],"wp:attachment":[{"href":"https:\/\/diplomatique.ma\/fr\/wp-json\/wp\/v2\/media?parent=2108"}],"wp:term":[{"taxonomy":"category","embeddable":true,"href":"https:\/\/diplomatique.ma\/fr\/wp-json\/wp\/v2\/categories?post=2108"},{"taxonomy":"post_tag","embeddable":true,"href":"https:\/\/diplomatique.ma\/fr\/wp-json\/wp\/v2\/tags?post=2108"}],"curies":[{"name":"wp","href":"https:\/\/api.w.org\/{rel}","templated":true}]}}