{"id":2120,"date":"2026-02-28T12:45:41","date_gmt":"2026-02-28T12:45:41","guid":{"rendered":"https:\/\/diplomatique.ma\/fr\/?p=2120"},"modified":"2026-02-28T15:49:22","modified_gmt":"2026-02-28T15:49:22","slug":"escalade-militaire-majeure-frappes-israelo-americaines-en-iran-et-extension-des-tensions-vers-le-golfe","status":"publish","type":"post","link":"https:\/\/diplomatique.ma\/fr\/escalade-militaire-majeure-frappes-israelo-americaines-en-iran-et-extension-des-tensions-vers-le-golfe\/","title":{"rendered":"Escalade militaire majeure : frappes isra\u00e9lo-am\u00e9ricaines en Iran et extension des tensions vers le Golfe"},"content":{"rendered":"<p style=\"text-align: justify;\" data-start=\"151\" data-end=\"822\">a r\u00e9gion du Moyen-Orient conna\u00eet une nouvelle phase d\u2019escalade apr\u00e8s que des m\u00e9dias iraniens ont rapport\u00e9 la mort d\u2019au moins quarante personnes, dont des \u00e9tudiants, et des dizaines de bless\u00e9s \u00e0 la suite de frappes isra\u00e9liennes ayant cibl\u00e9 une \u00e9cole primaire de filles dans la ville de Minab, dans la province m\u00e9ridionale de Hormozgan. Selon la radiot\u00e9l\u00e9vision publique iranienne IRIB, citant un responsable provincial, l\u2019\u00e9tablissement scolaire a \u00e9t\u00e9 touch\u00e9 au cours des attaques, sans que des pr\u00e9cisions imm\u00e9diates ne soient fournies sur les circonstances op\u00e9rationnelles ou les objectifs militaires pr\u00e9sum\u00e9s, alimentant ainsi un climat d\u2019incertitude et de vive tension.<\/p>\n<p style=\"text-align: justify;\" data-start=\"824\" data-end=\"1444\">Ces d\u00e9veloppements interviennent dans un contexte o\u00f9 Washington et Tel-Aviv ont annonc\u00e9 des frappes conjointes contre des cibles en Iran, pr\u00e9sent\u00e9es comme une r\u00e9ponse \u00e0 des \u201cmenaces imminentes\u201d attribu\u00e9es aux autorit\u00e9s iraniennes. Dans des d\u00e9clarations vid\u00e9o distinctes, le Premier ministre isra\u00e9lien Benjamin Netanyahu et le pr\u00e9sident am\u00e9ricain Donald Trump ont justifi\u00e9 ces op\u00e9rations par des imp\u00e9ratifs de s\u00e9curit\u00e9, tout en laissant entendre un positionnement strat\u00e9gique d\u00e9passant la seule logique d\u00e9fensive, certains observateurs y voyant un message politique susceptible d\u2019influencer l\u2019\u00e9quilibre interne \u00e0 T\u00e9h\u00e9ran.<\/p>\n<p style=\"text-align: justify;\" data-start=\"1446\" data-end=\"1966\">De son c\u00f4t\u00e9, l\u2019Iran a d\u00e9nonc\u00e9 une violation flagrante de sa souverainet\u00e9 nationale et promis une riposte, lan\u00e7ant effectivement des frappes de repr\u00e9sailles visant des installations et des int\u00e9r\u00eats li\u00e9s \u00e0 la pr\u00e9sence am\u00e9ricaine dans plusieurs pays du Golfe. Selon des m\u00e9dias iraniens, des sites au Qatar, au Kowe\u00eft, \u00e0 Bahre\u00efn et aux \u00c9mirats arabes unis auraient \u00e9t\u00e9 cibl\u00e9s, \u00e9largissant ainsi le th\u00e9\u00e2tre des op\u00e9rations au-del\u00e0 du territoire iranien et exposant les infrastructures militaires \u00e9trang\u00e8res \u00e0 un risque direct.<\/p>\n<p style=\"text-align: justify;\" data-start=\"1968\" data-end=\"2663\">\u00c0 Bahre\u00efn, un centre de services affili\u00e9 \u00e0 la Ve Flotte am\u00e9ricaine aurait \u00e9t\u00e9 touch\u00e9, tandis qu\u2019une colonne de fum\u00e9e a \u00e9t\u00e9 observ\u00e9e dans la zone de Juffair, o\u00f9 se situe une base navale am\u00e9ricaine. Au Qatar, le minist\u00e8re de la D\u00e9fense a annonc\u00e9 avoir intercept\u00e9 plusieurs missiles avant qu\u2019ils n\u2019atteignent le territoire national. Aux \u00c9mirats arabes unis, les d\u00e9fenses a\u00e9riennes ont affirm\u00e9 avoir neutralis\u00e9 des missiles balistiques iraniens, bien que des d\u00e9bris soient tomb\u00e9s dans une zone r\u00e9sidentielle d\u2019Abou Dhabi, causant des d\u00e9g\u00e2ts mat\u00e9riels et la mort d\u2019un ressortissant asiatique. Le pays a \u00e9galement proc\u00e9d\u00e9 \u00e0 une fermeture partielle et temporaire de son espace a\u00e9rien \u00e0 titre pr\u00e9ventif.<\/p>\n<p style=\"text-align: justify;\" data-start=\"2665\" data-end=\"3048\">En Jordanie, l\u2019arm\u00e9e a indiqu\u00e9 avoir abattu deux missiles balistiques visant son territoire, activant les sir\u00e8nes d\u2019alerte et des patrouilles a\u00e9riennes pour s\u00e9curiser l\u2019espace a\u00e9rien. Le Kowe\u00eft et la Syrie ont, pour leur part, annonc\u00e9 des fermetures temporaires de leur espace a\u00e9rien par mesure de pr\u00e9caution, illustrant l\u2019ampleur des r\u00e9percussions r\u00e9gionales de cette confrontation.<\/p>\n<p style=\"text-align: justify;\" data-start=\"3050\" data-end=\"3482\">Ces \u00e9v\u00e9nements surviennent alors qu\u2019une m\u00e9diation men\u00e9e par le sultanat d\u2019Oman facilitait des pourparlers entre Washington et T\u00e9h\u00e9ran sur le programme nucl\u00e9aire iranien, avec une nouvelle s\u00e9rie de discussions tenue \u00e0 Gen\u00e8ve. L\u2019ouverture d\u2019un canal diplomatique semblait ouvrir une perspective de d\u00e9sescalade progressive, mais les frappes militaires viennent fragiliser ce processus et remettre en question la continuit\u00e9 du dialogue.<\/p>\n<p style=\"text-align: justify;\" data-start=\"3484\" data-end=\"4022\">Cette s\u00e9quence s\u2019inscrit dans une dynamique de confrontation qui rappelle les pr\u00e9c\u00e9dentes p\u00e9riodes de tensions militaires entre les deux camps, notamment les frappes am\u00e9ricaines men\u00e9es en juin dernier contre plusieurs sites nucl\u00e9aires iraniens lors d\u2019un cycle de conflit ayant dur\u00e9 douze jours. Aujourd\u2019hui, la situation t\u00e9moigne d\u2019un risque r\u00e9el d\u2019\u00e9largissement du conflit, avec des cons\u00e9quences potentielles sur la stabilit\u00e9 r\u00e9gionale, la s\u00e9curit\u00e9 \u00e9nerg\u00e9tique et la libert\u00e9 de circulation dans les espaces a\u00e9riens et maritimes du Golfe.<\/p>\n","protected":false},"excerpt":{"rendered":"<p>a r\u00e9gion du Moyen-Orient conna\u00eet une nouvelle phase d\u2019escalade apr\u00e8s que des m\u00e9dias iraniens ont rapport\u00e9 la mort d\u2019au moins quarante personnes, dont des \u00e9tudiants, et des dizaines de bless\u00e9s \u00e0 la suite de frappes isra\u00e9liennes ayant cibl\u00e9 une \u00e9cole primaire de filles dans la ville de Minab, dans la province m\u00e9ridionale de Hormozgan. Selon [&hellip;]<\/p>\n","protected":false},"author":3,"featured_media":2121,"comment_status":"open","ping_status":"open","sticky":false,"template":"","format":"standard","meta":{"footnotes":""},"categories":[34,29],"tags":[],"class_list":{"0":"post-2120","1":"post","2":"type-post","3":"status-publish","4":"format-standard","5":"has-post-thumbnail","7":"category-amerique-centrale","8":"category-moyen-orient"},"_links":{"self":[{"href":"https:\/\/diplomatique.ma\/fr\/wp-json\/wp\/v2\/posts\/2120","targetHints":{"allow":["GET"]}}],"collection":[{"href":"https:\/\/diplomatique.ma\/fr\/wp-json\/wp\/v2\/posts"}],"about":[{"href":"https:\/\/diplomatique.ma\/fr\/wp-json\/wp\/v2\/types\/post"}],"author":[{"embeddable":true,"href":"https:\/\/diplomatique.ma\/fr\/wp-json\/wp\/v2\/users\/3"}],"replies":[{"embeddable":true,"href":"https:\/\/diplomatique.ma\/fr\/wp-json\/wp\/v2\/comments?post=2120"}],"version-history":[{"count":1,"href":"https:\/\/diplomatique.ma\/fr\/wp-json\/wp\/v2\/posts\/2120\/revisions"}],"predecessor-version":[{"id":2122,"href":"https:\/\/diplomatique.ma\/fr\/wp-json\/wp\/v2\/posts\/2120\/revisions\/2122"}],"wp:featuredmedia":[{"embeddable":true,"href":"https:\/\/diplomatique.ma\/fr\/wp-json\/wp\/v2\/media\/2121"}],"wp:attachment":[{"href":"https:\/\/diplomatique.ma\/fr\/wp-json\/wp\/v2\/media?parent=2120"}],"wp:term":[{"taxonomy":"category","embeddable":true,"href":"https:\/\/diplomatique.ma\/fr\/wp-json\/wp\/v2\/categories?post=2120"},{"taxonomy":"post_tag","embeddable":true,"href":"https:\/\/diplomatique.ma\/fr\/wp-json\/wp\/v2\/tags?post=2120"}],"curies":[{"name":"wp","href":"https:\/\/api.w.org\/{rel}","templated":true}]}}