{"id":2159,"date":"2026-03-06T05:00:50","date_gmt":"2026-03-06T05:00:50","guid":{"rendered":"https:\/\/diplomatique.ma\/fr\/?p=2159"},"modified":"2026-03-06T05:05:18","modified_gmt":"2026-03-06T05:05:18","slug":"journee-internationale-des-femmes-huit-mesures-pour-un-monde-plus-egalitaire","status":"publish","type":"post","link":"https:\/\/diplomatique.ma\/fr\/journee-internationale-des-femmes-huit-mesures-pour-un-monde-plus-egalitaire\/","title":{"rendered":"Journ\u00e9e internationale des femmes : huit mesures pour un monde plus \u00e9galitaire"},"content":{"rendered":"<p style=\"text-align: center;\"><strong><span style=\"font-size: 14pt;\">Tribune libre du Secr\u00e9taire g\u00e9n\u00e9ral de l&rsquo;ONU, Ant\u00f3nio Guterres, \u00e0 l&rsquo;occasion de la Journ\u00e9e internationale des femmes, le 8 mars 2026<\/span><\/strong><\/p>\n<p style=\"text-align: justify;\"><span style=\"font-size: 14pt;\">Cela fait pr\u00e8s d\u2019une d\u00e9cennie que je suis \u00e0 la t\u00eate de l\u2019Organisation <a href=\"https:\/\/diplomatique.ma\/fr\/?s=Les+Nations+Unies\" target=\"_blank\" rel=\"noopener\">des Nations Unies et<\/a>, durant cette p\u00e9riode, j\u2019ai vu le monde \u00eatre sans cesse mis \u00e0 l\u2019\u00e9preuve \u2013 par les chocs climatiques, l\u2019aggravation de la pauvret\u00e9, des conflits violents et le r\u00e9tr\u00e9cissement de l\u2019espace civique.<\/span><\/p>\n<p style=\"text-align: justify;\"><span style=\"font-size: 14pt;\">J\u2019ai aussi vu de nombreuses solutions prendre racine. Ces solutions avaient toutes <a href=\"https:\/\/www.un.org\/sg\/fr\/content\/secretary-general\/articles\/2026-03-02\/international-womens-day-eight-actions-for-more-equal-world\" target=\"_blank\" rel=\"noopener\">un<\/a> d\u00e9nominateur commun : les femmes.<\/span><\/p>\n<p style=\"text-align: justify;\"><span style=\"font-size: 14pt;\">Alors que la Journ\u00e9e internationale des femmes est c\u00e9l\u00e9br\u00e9e dans le monde entier, il est temps de reconna\u00eetre que l\u2019in\u00e9galit\u00e9 de genre est le plus grand d\u00e9fi de notre \u00e9poque en mati\u00e8re de droits humains, et que la promotion de l\u2019\u00e9galit\u00e9 est l\u2019un des principaux moteurs du d\u00e9veloppement durable et de la paix.<\/span><\/p>\n<p style=\"text-align: justify;\"><span style=\"font-size: 14pt;\">Les huit mesures ci-dessous sont tir\u00e9es de ma propre exp\u00e9rience, et inspir\u00e9es par l\u2019action du syst\u00e8me des Nations Unies et des mouvements de la soci\u00e9t\u00e9 civile \u00e0 travers le monde. Elles visent \u00e0 promouvoir les droits des femmes et \u00e0 obtenir des r\u00e9sultats concrets.<\/span><\/p>\n<p style=\"text-align: justify;\"><strong><span style=\"font-size: 14pt;\">1. R\u00e9\u00e9quilibrer le pouvoir<\/span><\/strong><\/p>\n<p style=\"text-align: justify;\"><span style=\"font-size: 14pt;\">L\u2019\u00e9galit\u00e9 des genres est une question de pouvoir. Or, les institutions qui fa\u00e7onnent notre monde sont toujours domin\u00e9es par les hommes. La mont\u00e9e de l\u2019autoritarisme accentue ces in\u00e9galit\u00e9s, fait reculer des acquis obtenus de haute lutte \u2013 des pratiques \u00e9quitables au travail aux droits reproductifs \u2013 et renforce les pr\u00e9jug\u00e9s raciaux et sexistes qui emp\u00eachent les femmes d\u2019avancer. L\u2019\u00e9galit\u00e9 des genres \u00e9l\u00e8ve les soci\u00e9t\u00e9s. Lorsque le pouvoir est partag\u00e9, la libert\u00e9 grandit.<\/span><\/p>\n<p style=\"text-align: justify;\"><strong><span style=\"font-size: 14pt;\">2. Faire de la parit\u00e9 une priorit\u00e9<\/span><\/strong><\/p>\n<p style=\"text-align: justify;\"><span style=\"font-size: 14pt;\">Les femmes sont largement sous-repr\u00e9sent\u00e9es au sein des gouvernements et des conseils d\u2019administration \u00e0 travers le monde. \u00c0 l\u2019ONU, nous nous sommes fix\u00e9 comme objectif de faire de la parit\u00e9 des genres une priorit\u00e9, \u00e0 commencer par les postes de direction. Nous avons atteint cet objectif en \u00e9largissant la recherche de candidates qualifi\u00e9es, sans abaisser nos exigences. L\u2019ONU en ressort plus forte, avec une culture au travail am\u00e9lior\u00e9e et un prise de d\u00e9cision plus inclusive. Le constat est sans appel : les institutions choisissent l\u2019\u00e9galit\u00e9, les r\u00e9sultats suivent.<\/span><\/p>\n<p style=\"text-align: justify;\"><strong><span style=\"font-size: 14pt;\">3. Miser sur l\u2019investissement le plus rentable<\/span><\/strong><\/p>\n<p style=\"text-align: justify;\"><span style=\"font-size: 14pt;\">Investir dans les femmes est extr\u00eamement rentable. Chaque dollar d\u00e9pens\u00e9 dans l\u2019\u00e9ducation des filles rapporte pr\u00e8s du triple, et chaque dollar investi dans la sant\u00e9 maternelle et la planification familiale g\u00e9n\u00e8re des b\u00e9n\u00e9fices plus de huit fois sup\u00e9rieurs. Les politiques de soutien aux familles, tels les services de garde d\u2019enfants et les soins aux personnes \u00e2g\u00e9es, renforcent les communaut\u00e9s et lib\u00e8rent encore davantage la croissance. Prises ensemble, ces mesures jettent les bases n\u00e9cessaires pour r\u00e9duire les disparit\u00e9s entre les femmes et les hommes \u2013 r\u00e9duction qui peut faire augmenter le revenu national de pr\u00e8s de 20 %.<\/span><\/p>\n<p style=\"text-align: justify;\"><strong><span style=\"font-size: 14pt;\">4. Faire participer les femmes aux processus de paix<\/span><\/strong><\/p>\n<p style=\"text-align: justify;\"><span style=\"font-size: 14pt;\">Les accords de paix sont plus durables quand les femmes participent \u00e0 leur n\u00e9gociation et \u00e0 leur mise en \u0153uvre. Pourtant, dans de trop nombreux conflits \u2013 notamment \u00e0 Gaza, en Ukraine et au Soudan \u2013, les femmes sont largement exclues des discussions, alors m\u00eame qu\u2019elles sont les plus lourdement touch\u00e9es par la guerre. \u00c0 une \u00e9poque marqu\u00e9e par une instabilit\u00e9 croissante, l\u2019inclusion ne constitue pas un symbole : c\u2019est un moyen de stabiliser plus rapidement un monde fractur\u00e9.<\/span><\/p>\n<p style=\"text-align: justify;\"><strong><span style=\"font-size: 14pt;\">5. Mettre fin \u00e0 la discrimination juridique<\/span><\/strong><\/p>\n<p style=\"text-align: justify;\"><span style=\"font-size: 14pt;\">\u00c0 travers le monde, les femmes ne d\u00e9tiennent que 64 % des droits juridiques dont jouissent les hommes. En de nombreux endroits, elles ne peuvent pas \u00eatre propri\u00e9taires, travailler librement ou demander le divorce. M\u00eame lorsque des mesures de protection sont en place, les femmes ont plus de difficult\u00e9s \u00e0 obtenir une assistance juridique ou \u00e0 \u00eatre entendues par les tribunaux. Chaque pays doit s\u2019engager \u00e0 abolir les lois discriminatoires et \u00e0 faire respecter les droits dans la pratique.<\/span><\/p>\n<p style=\"text-align: justify;\"><strong><span style=\"font-size: 14pt;\">6. Tol\u00e9rance z\u00e9ro pour la violence de genre \u2013 et pas d\u2019excuse<\/span><\/strong><\/p>\n<p style=\"text-align: justify;\"><span style=\"font-size: 14pt;\">La violence \u00e0 l\u2019\u00e9gard des femmes est une urgence mondiale, enracin\u00e9e dans l\u2019in\u00e9galit\u00e9 et entretenue par le silence. Toutes les femmes et toutes les filles ont le droit de vivre \u00e0 l\u2019abri de la peur. Pourtant, la violence de genre \u2013 y compris l\u2019exploitation et les violences sexuelles \u2013 reste une violation effroyable de la confiance et de l\u2019humanit\u00e9. Nous devons la combattre partout, sans la moindre tol\u00e9rance, \u00e9tablir les responsabilit\u00e9s \u00e0 tous les niveaux, et apporter un soutien ind\u00e9fectible aux survivantes.<\/span><\/p>\n<p style=\"text-align: justify;\"><strong><span style=\"font-size: 14pt;\">7. D\u00e9programmer les pr\u00e9jug\u00e9s<\/span><\/strong><\/p>\n<p style=\"text-align: justify;\"><span style=\"font-size: 14pt;\">Les femmes ne repr\u00e9sentant qu\u2019un quart du personnel du secteur des technologies, les pr\u00e9jug\u00e9s sont programm\u00e9s dans les syst\u00e8mes qui fa\u00e7onnent notre vie quotidienne. Dans le m\u00eame temps, la misogynie explose sur Internet. Les entreprises du secteur et les pouvoirs publics doivent agir ensemble pour cr\u00e9er des espaces num\u00e9riques s\u00fbrs et inclusifs, et le monde doit faire plus pour lever les obstacles auxquels se heurtent les filles dans le domaine des sciences et des technologies.<\/span><\/p>\n<p style=\"text-align: justify;\"><strong><span style=\"font-size: 14pt;\">8. Placer le genre au c\u0153ur de l\u2019action climatique<\/span><\/strong><\/p>\n<p style=\"text-align: justify;\"><span style=\"font-size: 14pt;\">Les changements climatiques sont sexistes. Les femmes sont souvent les derni\u00e8res \u00e0 manger en cas de crise alimentaire et sont davantage expos\u00e9es au danger dans les situations d\u2019urgence. Les filles sont davantage expos\u00e9es au risque de mariage pr\u00e9coce lorsque les moyens de subsistance s\u2019effondrent. Mais les femmes montrent \u00e9galement la voie en mati\u00e8re de solutions climatiques : elles font progresser la l\u00e9gislation verte, donnent de la force aux mouvements mondiaux et sont le moteur du changement sur le terrain. Un monde vivable exige des politiques climatiques sensibles aux questions de genre, notamment pour garantir l\u2019\u00e9galit\u00e9 d\u2019acc\u00e8s aux emplois verts, une meilleure protection en cas d\u2019urgence et la pleine participation \u00e0 la prise de d\u00e9cisions en mati\u00e8re d\u2019environnement.<\/span><\/p>\n<p style=\"text-align: justify;\"><span style=\"font-size: 14pt;\">Partout dans le monde, j\u2019ai vu ces huit solutions mises en pratique : dans des zones de guerre comme dans des efforts de rel\u00e8vement, dans des parlements et des salles de classe, au sein d\u2019organisations et de communaut\u00e9s.<\/span><\/p>\n<p style=\"text-align: justify;\"><span style=\"font-size: 14pt;\">Si les dirigeants prennent au s\u00e9rieux l\u2019\u00e9galit\u00e9 des genres et s\u2019engagent d\u00e8s maintenant \u00e0 les appliquer, nous changerons le monde, pour les femmes et les filles, et pour nous tous.<\/span><\/p>\n","protected":false},"excerpt":{"rendered":"<p>Tribune libre du Secr\u00e9taire g\u00e9n\u00e9ral de l&rsquo;ONU, Ant\u00f3nio Guterres, \u00e0 l&rsquo;occasion de la Journ\u00e9e internationale des femmes, le 8 mars 2026 Cela fait pr\u00e8s d\u2019une d\u00e9cennie que je suis \u00e0 la t\u00eate de l\u2019Organisation des Nations Unies et, durant cette p\u00e9riode, j\u2019ai vu le monde \u00eatre sans cesse mis \u00e0 l\u2019\u00e9preuve \u2013 par les chocs [&hellip;]<\/p>\n","protected":false},"author":5,"featured_media":2160,"comment_status":"open","ping_status":"open","sticky":false,"template":"","format":"standard","meta":{"footnotes":""},"categories":[50],"tags":[65,67,66,64],"class_list":{"0":"post-2159","1":"post","2":"type-post","3":"status-publish","4":"format-standard","5":"has-post-thumbnail","7":"category-diplomatie-internationale","8":"tag-antonio-guterres","9":"tag-droits-des-femmes","10":"tag-journee-internationale-des-femmes","11":"tag-secretaire-general-des-nations-unies"},"_links":{"self":[{"href":"https:\/\/diplomatique.ma\/fr\/wp-json\/wp\/v2\/posts\/2159","targetHints":{"allow":["GET"]}}],"collection":[{"href":"https:\/\/diplomatique.ma\/fr\/wp-json\/wp\/v2\/posts"}],"about":[{"href":"https:\/\/diplomatique.ma\/fr\/wp-json\/wp\/v2\/types\/post"}],"author":[{"embeddable":true,"href":"https:\/\/diplomatique.ma\/fr\/wp-json\/wp\/v2\/users\/5"}],"replies":[{"embeddable":true,"href":"https:\/\/diplomatique.ma\/fr\/wp-json\/wp\/v2\/comments?post=2159"}],"version-history":[{"count":3,"href":"https:\/\/diplomatique.ma\/fr\/wp-json\/wp\/v2\/posts\/2159\/revisions"}],"predecessor-version":[{"id":2163,"href":"https:\/\/diplomatique.ma\/fr\/wp-json\/wp\/v2\/posts\/2159\/revisions\/2163"}],"wp:featuredmedia":[{"embeddable":true,"href":"https:\/\/diplomatique.ma\/fr\/wp-json\/wp\/v2\/media\/2160"}],"wp:attachment":[{"href":"https:\/\/diplomatique.ma\/fr\/wp-json\/wp\/v2\/media?parent=2159"}],"wp:term":[{"taxonomy":"category","embeddable":true,"href":"https:\/\/diplomatique.ma\/fr\/wp-json\/wp\/v2\/categories?post=2159"},{"taxonomy":"post_tag","embeddable":true,"href":"https:\/\/diplomatique.ma\/fr\/wp-json\/wp\/v2\/tags?post=2159"}],"curies":[{"name":"wp","href":"https:\/\/api.w.org\/{rel}","templated":true}]}}