{"id":2388,"date":"2026-04-26T15:31:48","date_gmt":"2026-04-26T15:31:48","guid":{"rendered":"https:\/\/diplomatique.ma\/fr\/?p=2388"},"modified":"2026-04-26T20:16:35","modified_gmt":"2026-04-26T20:16:35","slug":"libye-sahel-riyad-ecarte-abou-dhabi-et-redessine-les-equilibres-par-un-accord-a-4-milliards","status":"publish","type":"post","link":"https:\/\/diplomatique.ma\/fr\/libye-sahel-riyad-ecarte-abou-dhabi-et-redessine-les-equilibres-par-un-accord-a-4-milliards\/","title":{"rendered":"Libye\u2013Sahel : Riyad \u00e9carte Abou Dhabi et redessine les \u00e9quilibres par un accord \u00e0 4 milliards"},"content":{"rendered":"<p style=\"text-align: justify;\" data-start=\"159\" data-end=\"780\">Dans un moment r\u00e9gional o\u00f9 les dynamiques g\u00e9opolitiques s\u2019entrem\u00ealent avec l\u2019expansion de zones d\u2019instabilit\u00e9 au Sahel, les r\u00e9cents mouvements autour du dossier libyen apparaissent comme bien plus qu\u2019un simple r\u00e9alignement diplomatique ou une transaction d\u2019armement. Ils s\u2019inscrivent dans une recomposition plus large des \u00e9quilibres d\u2019influence entre l\u2019Afrique du Nord et la bande sah\u00e9lienne, o\u00f9 les effets en cascade s\u2019\u00e9tendent de Benghazi \u00e0 Tripoli, et du Soudan jusqu\u2019au Mali, dans un contexte marqu\u00e9 par l\u2019affaiblissement des \u00c9tats et la mont\u00e9e de la conflictualit\u00e9 arm\u00e9e dans plusieurs zones de l\u2019Afrique de l\u2019Ouest.<\/p>\n<p style=\"text-align: justify;\" data-start=\"782\" data-end=\"1410\">Dans ce cadre, des donn\u00e9es recoup\u00e9es issues de sources internationales, notamment Reuters et Middle East Eye, r\u00e9v\u00e8lent l\u2019\u00e9mergence d\u2019un axe de coop\u00e9ration militaire in\u00e9dit entre l\u2019Arabie saoudite et le Pakistan. Celui-ci se serait concr\u00e9tis\u00e9 \u00e0 travers un contrat d\u2019armement estim\u00e9 \u00e0 environ 4 milliards de dollars, suppos\u00e9ment destin\u00e9 \u00e0 renforcer les capacit\u00e9s des forces de l\u2019Est libyen dirig\u00e9es par le mar\u00e9chal Khalifa Haftar. Toutefois, la port\u00e9e de cet accord d\u00e9passe largement la dimension militaire pour s\u2019inscrire dans une logique de redistribution des r\u00f4les entre puissances r\u00e9gionales impliqu\u00e9es dans le dossier libyen.<\/p>\n<p style=\"text-align: justify;\" data-start=\"1412\" data-end=\"1846\">L\u2019\u00e9l\u00e9ment le plus significatif ne r\u00e9side pas uniquement dans l\u2019ampleur financi\u00e8re de l\u2019accord, mais dans le positionnement croissant de l\u2019Arabie saoudite en tant que m\u00e9diateur et garant logistique, cherchant \u00e0 red\u00e9finir son influence en Libye orientale face \u00e0 un recul relatif du r\u00f4le \u00e9mirati, longtemps dominant. Cette comp\u00e9tition intra-arabe traduit une reconfiguration plus profonde des alliances au sein de l\u2019espace nord-africain.<\/p>\n<p style=\"text-align: justify;\" data-start=\"1848\" data-end=\"2352\">Parall\u00e8lement, cette dynamique s\u2019inscrit dans un contexte soudanais particuli\u00e8rement instable. Plusieurs \u00e9valuations s\u00e9curitaires indiquent que des flux logistiques et militaires traversant le sud-est libyen seraient li\u00e9s aux dynamiques du conflit au Soudan. Dans ce cadre, l\u2019action saoudienne pourrait viser \u00e0 influencer les \u00e9quilibres militaires en Libye afin de limiter les soutiens indirects aux forces engag\u00e9es dans le conflit soudanais, traduisant une strat\u00e9gie d\u2019endiguement r\u00e9gional sophistiqu\u00e9e.<\/p>\n<p style=\"text-align: justify;\" data-start=\"2354\" data-end=\"2755\">Au-del\u00e0 de la Libye et du Soudan, cette configuration a des r\u00e9percussions potentielles sur l\u2019ensemble de la zone sah\u00e9lienne, notamment au Mali, o\u00f9 l\u2019affaiblissement institutionnel de l\u2019\u00c9tat co\u00efncide avec la progression de groupes arm\u00e9s dans certaines r\u00e9gions frontali\u00e8res. Cette continuit\u00e9 g\u00e9ographique de l\u2019instabilit\u00e9 cr\u00e9e un arc strat\u00e9gique fragile reliant la Libye au c\u0153ur de l\u2019Afrique de l\u2019Ouest.<\/p>\n<p style=\"text-align: justify;\" data-start=\"2757\" data-end=\"3195\">Dans ce contexte, la mont\u00e9e en visibilit\u00e9 de Saddam Haftar s\u2019inscrit dans une logique de transition progressive au sein du commandement militaire de l\u2019Est libyen. Certaines analyses y voient la pr\u00e9paration d\u2019une succession organis\u00e9e autour d\u2019un mod\u00e8le de pouvoir militaro-familial, soutenu par des ressources ext\u00e9rieures et des r\u00e9seaux d\u2019approvisionnement en armement, redessinant ainsi la continuit\u00e9 du pouvoir sous une forme renouvel\u00e9e.<\/p>\n<p style=\"text-align: justify;\" data-start=\"3197\" data-end=\"3522\">Face \u00e0 ces \u00e9volutions, les \u00c9mirats arabes unis maintiennent une communication diplomatique prudente, centr\u00e9e sur le soutien au processus politique onusien. Toutefois, ce silence apparent est interpr\u00e9t\u00e9 par plusieurs observateurs comme une phase de recalibrage strat\u00e9gique face \u00e0 l\u2019intensification de la concurrence r\u00e9gionale.<\/p>\n<p style=\"text-align: justify;\" data-start=\"3524\" data-end=\"3928\">Ainsi, la Libye ne constitue plus seulement un th\u00e9\u00e2tre de rivalit\u00e9s internes, mais un n\u0153ud central dans une architecture s\u00e9curitaire \u00e9largie reliant la M\u00e9diterran\u00e9e au Sahel. Les \u00e9quilibres en cours de formation pourraient red\u00e9finir durablement les dynamiques de s\u00e9curit\u00e9 r\u00e9gionale, \u00e0 moins qu\u2019une approche collective des pays de l\u2019Afrique du Nord ne parvienne \u00e0 contenir cette fragmentation strat\u00e9gique.<\/p>\n","protected":false},"excerpt":{"rendered":"<p>Dans un moment r\u00e9gional o\u00f9 les dynamiques g\u00e9opolitiques s\u2019entrem\u00ealent avec l\u2019expansion de zones d\u2019instabilit\u00e9 au Sahel, les r\u00e9cents mouvements autour du dossier libyen apparaissent comme bien plus qu\u2019un simple r\u00e9alignement diplomatique ou une transaction d\u2019armement. Ils s\u2019inscrivent dans une recomposition plus large des \u00e9quilibres d\u2019influence entre l\u2019Afrique du Nord et la bande sah\u00e9lienne, o\u00f9 les [&hellip;]<\/p>\n","protected":false},"author":3,"featured_media":2389,"comment_status":"open","ping_status":"open","sticky":false,"template":"","format":"standard","meta":{"footnotes":""},"categories":[28,40,49,29],"tags":[],"class_list":{"0":"post-2388","1":"post","2":"type-post","3":"status-publish","4":"format-standard","5":"has-post-thumbnail","7":"category-afrique","8":"category-afrique-m-o","9":"category-le-maghreb","10":"category-moyen-orient"},"_links":{"self":[{"href":"https:\/\/diplomatique.ma\/fr\/wp-json\/wp\/v2\/posts\/2388","targetHints":{"allow":["GET"]}}],"collection":[{"href":"https:\/\/diplomatique.ma\/fr\/wp-json\/wp\/v2\/posts"}],"about":[{"href":"https:\/\/diplomatique.ma\/fr\/wp-json\/wp\/v2\/types\/post"}],"author":[{"embeddable":true,"href":"https:\/\/diplomatique.ma\/fr\/wp-json\/wp\/v2\/users\/3"}],"replies":[{"embeddable":true,"href":"https:\/\/diplomatique.ma\/fr\/wp-json\/wp\/v2\/comments?post=2388"}],"version-history":[{"count":1,"href":"https:\/\/diplomatique.ma\/fr\/wp-json\/wp\/v2\/posts\/2388\/revisions"}],"predecessor-version":[{"id":2390,"href":"https:\/\/diplomatique.ma\/fr\/wp-json\/wp\/v2\/posts\/2388\/revisions\/2390"}],"wp:featuredmedia":[{"embeddable":true,"href":"https:\/\/diplomatique.ma\/fr\/wp-json\/wp\/v2\/media\/2389"}],"wp:attachment":[{"href":"https:\/\/diplomatique.ma\/fr\/wp-json\/wp\/v2\/media?parent=2388"}],"wp:term":[{"taxonomy":"category","embeddable":true,"href":"https:\/\/diplomatique.ma\/fr\/wp-json\/wp\/v2\/categories?post=2388"},{"taxonomy":"post_tag","embeddable":true,"href":"https:\/\/diplomatique.ma\/fr\/wp-json\/wp\/v2\/tags?post=2388"}],"curies":[{"name":"wp","href":"https:\/\/api.w.org\/{rel}","templated":true}]}}