{"id":2391,"date":"2026-04-27T13:07:46","date_gmt":"2026-04-27T13:07:46","guid":{"rendered":"https:\/\/diplomatique.ma\/fr\/?p=2391"},"modified":"2026-04-27T16:22:34","modified_gmt":"2026-04-27T16:22:34","slug":"le-polisario-a-la-croisee-dun-tournant-historique-du-discours-dindependance-absolue-a-une-reconnaissance-implicite-du-realisme-de-la-proposition-marocaine-da","status":"publish","type":"post","link":"https:\/\/diplomatique.ma\/fr\/le-polisario-a-la-croisee-dun-tournant-historique-du-discours-dindependance-absolue-a-une-reconnaissance-implicite-du-realisme-de-la-proposition-marocaine-da\/","title":{"rendered":"\u00ab Le Polisario \u00bb \u00e0 la crois\u00e9e d\u2019un tournant historique : du discours d\u2019ind\u00e9pendance absolue \u00e0 une reconnaissance implicite du r\u00e9alisme de la proposition marocaine d\u2019autonomie, et l\u2019\u00e9rosion de l\u2019option du \u00ab r\u00e9f\u00e9rendum exclusif \u00bb dans des positions diplomatiques in\u00e9dites."},"content":{"rendered":"<p style=\"text-align: justify;\" data-start=\"52\" data-end=\"459\">Dans un contexte r\u00e9gional et international marqu\u00e9 par une acc\u00e9l\u00e9ration des recompositions g\u00e9opolitiques, le dossier du Sahara revient avec insistance au centre des dynamiques diplomatiques. Il ne s\u2019agit plus seulement d\u2019un conflit fig\u00e9 dans le temps, mais d\u2019un espace o\u00f9 se red\u00e9finissent progressivement les \u00e9quilibres entre r\u00e9alisme politique, rapports de force et \u00e9volutions des positions internationales.<\/p>\n<p style=\"text-align: justify;\" data-start=\"461\" data-end=\"882\">Dans ce cadre, le journal espagnol <strong data-start=\"496\" data-end=\"517\">\u201cEl Confidencial\u201d<\/strong> a publi\u00e9, le 25 avril 2026, un rapport \u00e9voquant des signaux qualifi\u00e9s de \u201cnotables\u201d au sein du Front du Polisario, faisant \u00e9tat d\u2019un glissement progressif dans le discours politique vers une plus grande ouverture \u00e0 des options de r\u00e8glement, au-del\u00e0 de la revendication exclusive de l\u2019ind\u00e9pendance, longtemps pr\u00e9sent\u00e9e comme l\u2019axe central de sa position officielle.<\/p>\n<p style=\"text-align: justify;\" data-start=\"884\" data-end=\"1436\">Selon la m\u00eame source, cette \u00e9volution ne peut \u00eatre dissoci\u00e9e d\u2019une dynamique diplomatique plus large, marqu\u00e9e par une multiplication des contacts et des \u00e9changes entre diff\u00e9rentes parties concern\u00e9es, notamment le Maroc, le Front du Polisario, l\u2019Alg\u00e9rie et la Mauritanie, dans des cadres de discussion ayant eu lieu notamment \u00e0 Washington et \u00e0 Madrid. Ces interactions s\u2019inscrivent dans un environnement international o\u00f9 la proposition marocaine d\u2019autonomie sous souverainet\u00e9 du Royaume du Maroc b\u00e9n\u00e9ficie d\u2019un soutien croissant de plusieurs puissances.<\/p>\n<p style=\"text-align: justify;\" data-start=\"1438\" data-end=\"1933\">Le rapport cite \u00e9galement Mohammed Youslem Beissat, responsable de la diplomatie du Front du Polisario, occupant ce que le mouvement d\u00e9signe comme le poste de \u201cministre des Affaires \u00e9trang\u00e8res de la R\u00e9publique sahraouie autoproclam\u00e9e\u201d. Celui-ci reconna\u00eet que \u201cl\u2019ind\u00e9pendance n\u2019est plus la seule option\u201d, tout en soulignant la n\u00e9cessit\u00e9 d\u2019envisager d\u2019autres alternatives politiques, \u00e0 condition qu\u2019elles s\u2019inscrivent dans un processus n\u00e9goci\u00e9 respectueux de la volont\u00e9 des populations concern\u00e9es.<\/p>\n<p style=\"text-align: justify;\" data-start=\"1935\" data-end=\"2448\">Cette d\u00e9claration est per\u00e7ue par certains observateurs comme le signe d\u2019une reconfiguration progressive du discours traditionnel du mouvement, historiquement centr\u00e9 sur l\u2019organisation d\u2019un r\u00e9f\u00e9rendum d\u2019autod\u00e9termination. Toutefois, cette \u00e9volution reste encadr\u00e9e par des tensions internes, opposant une tendance plus pragmatique, ouverte \u00e0 des compromis politiques, \u00e0 une ligne plus rigide attach\u00e9e \u00e0 la logique de confrontation, nourrie par l\u2019id\u00e9e d\u2019un \u00e9chec du processus onusien depuis le cessez-le-feu de 1991.<\/p>\n<p style=\"text-align: justify;\" data-start=\"2450\" data-end=\"2824\">Sur le terrain, les t\u00e9moignages issus des camps de Tindouf r\u00e9v\u00e8lent une r\u00e9alit\u00e9 sociale marqu\u00e9e par une longue attente et un sentiment croissant de stagnation, notamment parmi les jeunes g\u00e9n\u00e9rations n\u00e9es dans un contexte prolong\u00e9 de refuge. Cette dimension humaine vient complexifier davantage la lecture du dossier, en ajoutant une profondeur sociale aux d\u00e9bats politiques.<\/p>\n<p style=\"text-align: justify;\" data-start=\"2826\" data-end=\"3200\">Parall\u00e8lement, l\u2019\u00e9quilibre des forces militaires et technologiques semble \u00e9voluer en faveur du Maroc, qui a renforc\u00e9 ses capacit\u00e9s de d\u00e9fense au cours des derni\u00e8res ann\u00e9es, notamment \u00e0 travers la modernisation de ses moyens de surveillance et de ses syst\u00e8mes technologiques, r\u00e9duisant ainsi l\u2019espace des options militaires et consolidant la logique d\u2019un r\u00e8glement politique.<\/p>\n<p style=\"text-align: justify;\" data-start=\"3202\" data-end=\"3632\">Dans les provinces du Sud du Royaume, une autre lecture se dessine, fond\u00e9e sur une dynamique de stabilit\u00e9 et d\u2019attachement institutionnel. Une partie importante des populations locales a fait le choix de la continuit\u00e9 au sein de l\u2019\u00c9tat marocain, dans un cadre de loyaut\u00e9 historique et d\u2019int\u00e9gration socio-politique, ce qui contraste avec certaines repr\u00e9sentations de rupture totale souvent v\u00e9hicul\u00e9es dans les discours politiques.<\/p>\n<p style=\"text-align: justify;\" data-start=\"3634\" data-end=\"4086\">Sur le plan diplomatique, le dossier continue de faire l\u2019objet de consultations au Conseil de s\u00e9curit\u00e9 des Nations Unies, dans le cadre des r\u00e9unions consacr\u00e9es au mandat de la MINURSO. Le processus inclut des pr\u00e9sentations du repr\u00e9sentant personnel du Secr\u00e9taire g\u00e9n\u00e9ral de l\u2019ONU, Staffan de Mistura, ainsi que des responsables de la mission onusienne, dans une tentative de relancer une dynamique politique fond\u00e9e sur une solution r\u00e9aliste et durable.<\/p>\n<p style=\"text-align: justify;\" data-start=\"4088\" data-end=\"4469\">Ainsi, entre \u00e9volution du discours au sein du Polisario, consolidation des positions internationales en faveur d\u2019une approche pragmatique et mont\u00e9e en puissance de la diplomatie marocaine, le dossier semble entrer dans une phase de recomposition silencieuse, o\u00f9 les logiques de revendication c\u00e8dent progressivement du terrain aux dynamiques de n\u00e9gociation et de r\u00e9alisme politique.<\/p>\n","protected":false},"excerpt":{"rendered":"<p>Dans un contexte r\u00e9gional et international marqu\u00e9 par une acc\u00e9l\u00e9ration des recompositions g\u00e9opolitiques, le dossier du Sahara revient avec insistance au centre des dynamiques diplomatiques. Il ne s\u2019agit plus seulement d\u2019un conflit fig\u00e9 dans le temps, mais d\u2019un espace o\u00f9 se red\u00e9finissent progressivement les \u00e9quilibres entre r\u00e9alisme politique, rapports de force et \u00e9volutions des positions [&hellip;]<\/p>\n","protected":false},"author":3,"featured_media":2392,"comment_status":"open","ping_status":"open","sticky":false,"template":"","format":"standard","meta":{"footnotes":""},"categories":[28,40,34,25,49,29,31],"tags":[],"class_list":{"0":"post-2391","1":"post","2":"type-post","3":"status-publish","4":"format-standard","5":"has-post-thumbnail","7":"category-afrique","8":"category-afrique-m-o","9":"category-amerique-centrale","10":"category-europ","11":"category-le-maghreb","12":"category-moyen-orient","13":"category-russie-ce"},"_links":{"self":[{"href":"https:\/\/diplomatique.ma\/fr\/wp-json\/wp\/v2\/posts\/2391","targetHints":{"allow":["GET"]}}],"collection":[{"href":"https:\/\/diplomatique.ma\/fr\/wp-json\/wp\/v2\/posts"}],"about":[{"href":"https:\/\/diplomatique.ma\/fr\/wp-json\/wp\/v2\/types\/post"}],"author":[{"embeddable":true,"href":"https:\/\/diplomatique.ma\/fr\/wp-json\/wp\/v2\/users\/3"}],"replies":[{"embeddable":true,"href":"https:\/\/diplomatique.ma\/fr\/wp-json\/wp\/v2\/comments?post=2391"}],"version-history":[{"count":1,"href":"https:\/\/diplomatique.ma\/fr\/wp-json\/wp\/v2\/posts\/2391\/revisions"}],"predecessor-version":[{"id":2393,"href":"https:\/\/diplomatique.ma\/fr\/wp-json\/wp\/v2\/posts\/2391\/revisions\/2393"}],"wp:featuredmedia":[{"embeddable":true,"href":"https:\/\/diplomatique.ma\/fr\/wp-json\/wp\/v2\/media\/2392"}],"wp:attachment":[{"href":"https:\/\/diplomatique.ma\/fr\/wp-json\/wp\/v2\/media?parent=2391"}],"wp:term":[{"taxonomy":"category","embeddable":true,"href":"https:\/\/diplomatique.ma\/fr\/wp-json\/wp\/v2\/categories?post=2391"},{"taxonomy":"post_tag","embeddable":true,"href":"https:\/\/diplomatique.ma\/fr\/wp-json\/wp\/v2\/tags?post=2391"}],"curies":[{"name":"wp","href":"https:\/\/api.w.org\/{rel}","templated":true}]}}