{"id":2398,"date":"2026-04-30T16:53:07","date_gmt":"2026-04-30T16:53:07","guid":{"rendered":"https:\/\/diplomatique.ma\/fr\/?p=2398"},"modified":"2026-04-30T20:56:00","modified_gmt":"2026-04-30T20:56:00","slug":"sahara-marocain-quand-les-recits-mediatiques-saffrontent-et-que-la-diplomatie-mondiale-bascule-vers-une-solution-irreversible","status":"publish","type":"post","link":"https:\/\/diplomatique.ma\/fr\/sahara-marocain-quand-les-recits-mediatiques-saffrontent-et-que-la-diplomatie-mondiale-bascule-vers-une-solution-irreversible\/","title":{"rendered":"Sahara marocain : quand les r\u00e9cits m\u00e9diatiques s\u2019affrontent et que la diplomatie mondiale bascule vers une solution irr\u00e9versible"},"content":{"rendered":"<p style=\"text-align: justify;\" data-start=\"54\" data-end=\"596\">Dans un moment r\u00e9gional particuli\u00e8rement sensible, o\u00f9 se croisent les enjeux de s\u00e9curit\u00e9, d\u2019\u00e9nergie et de recomposition g\u00e9opolitique, l\u2019entretien diffus\u00e9 par <span class=\"hover:entity-accent entity-underline inline cursor-pointer align-baseline\"><span class=\"whitespace-normal\">France 24<\/span><\/span> autour de la visite du vice-secr\u00e9taire d\u2019\u00c9tat am\u00e9ricain en Alg\u00e9rie puis au Maroc d\u00e9passe le simple cadre d\u2019un d\u00e9bat diplomatique classique. Derri\u00e8re une apparente neutralit\u00e9, il r\u00e9v\u00e8le en filigrane une bataille des r\u00e9cits, o\u00f9 le traitement m\u00e9diatique devient lui-m\u00eame un acteur influent dans la configuration du conflit autour du Sahara marocain.<\/p>\n<p style=\"text-align: justify;\" data-start=\"598\" data-end=\"1200\">D\u00e8s les premi\u00e8res minutes, le choix terminologique s\u2019impose comme un indicateur significatif. L\u2019usage r\u00e9current de l\u2019expression \u00ab Sahara occidental \u00bb n\u2019est pas anodin : il traduit une orientation \u00e9ditoriale implicite qui, sous couvert d\u2019\u00e9quilibre, s\u2019inscrit dans une tradition discursive bien \u00e9tablie au sein de certains m\u00e9dias internationaux. Pourtant, une lecture attentive des \u00e9changes met en lumi\u00e8re une dissonance : les faits diplomatiques \u00e9voqu\u00e9s, notamment par l\u2019intervenant marocain, convergent vers une reconnaissance croissante de l\u2019initiative d\u2019autonomie comme solution r\u00e9aliste et cr\u00e9dible.<\/p>\n<div class=\"youtube-embed\" data-video_id=\"ycIXLPgIx9A\"><iframe loading=\"lazy\" title=\"\u0627\u0644\u062c\u0632\u0627\u0626\u0631 - \u0627\u0644\u0645\u063a\u0631\u0628: \u0645\u0627\u0630\u0627 \u0648\u0631\u0627\u0621 \u0632\u064a\u0627\u0631\u0629 \u0646\u0627\u0626\u0628 \u0648\u0632\u064a\u0631 \u0627\u0644\u062e\u0627\u0631\u062c\u064a\u0629 \u0627\u0644\u0623\u0645\u0631\u064a\u0643\u064a\u061f\" width=\"696\" height=\"392\" src=\"https:\/\/www.youtube.com\/embed\/ycIXLPgIx9A?feature=oembed&#038;enablejsapi=1\" frameborder=\"0\" allow=\"accelerometer; autoplay; clipboard-write; encrypted-media; gyroscope; picture-in-picture; web-share\" referrerpolicy=\"strict-origin-when-cross-origin\" allowfullscreen><\/iframe><\/div>\n<p style=\"text-align: justify;\" data-start=\"1202\" data-end=\"1675\">La tourn\u00e9e am\u00e9ricaine appara\u00eet ainsi comme un d\u00e9placement strat\u00e9gique aux multiples dimensions. D\u2019une part, elle vise \u00e0 renforcer les partenariats \u00e9conomiques et s\u00e9curitaires dans l\u2019espace maghr\u00e9bin, dans un contexte de rivalit\u00e9 accrue avec d\u2019autres puissances globales. D\u2019autre part, elle s\u2019inscrit dans une pr\u00e9occupation urgente li\u00e9e \u00e0 la d\u00e9gradation s\u00e9curitaire au Sahel, notamment au Mali, faisant du Maroc un p\u00f4le de stabilit\u00e9 incontournable dans l\u2019\u00e9quation r\u00e9gionale.<\/p>\n<p style=\"text-align: justify;\" data-start=\"1677\" data-end=\"2200\">Mais c\u2019est bien la question du Sahara marocain qui constitue le c\u0153ur implicite du d\u00e9bat. L\u2019analyse marocaine rappelle que ce dossier a franchi un seuil d\u00e9cisif : il ne s\u2019agit plus d\u2019un conflit ouvert \u00e0 toutes les options, mais d\u2019un processus d\u2019orientation progressive vers une solution encadr\u00e9e, appuy\u00e9e par les r\u00e9solutions du <span class=\"hover:entity-accent entity-underline inline cursor-pointer align-baseline\"><span class=\"whitespace-normal\">Conseil de s\u00e9curit\u00e9 des Nations unies<\/span><\/span>. Cette dynamique traduit une mutation profonde des \u00e9quilibres diplomatiques, o\u00f9 l\u2019option autonomiste gagne en l\u00e9gitimit\u00e9 au d\u00e9triment des th\u00e8ses s\u00e9paratistes.<\/p>\n<p style=\"text-align: justify;\" data-start=\"2202\" data-end=\"2679\">En face, le discours alg\u00e9rien tente de maintenir une lecture traditionnelle du conflit, fond\u00e9e sur une dissociation entre Alger et les protagonistes directs. Toutefois, cette posture se heurte \u00e0 une \u00e9volution du regard international, de plus en plus enclin \u00e0 consid\u00e9rer l\u2019Alg\u00e9rie comme un acteur cl\u00e9 du dossier. Le traitement m\u00e9diatique, en \u00e9vitant de questionner pleinement cette contradiction, laisse appara\u00eetre les limites d\u2019un \u00e9quilibre \u00e9ditorial revendiqu\u00e9 mais incomplet.<\/p>\n<p style=\"text-align: justify;\" data-start=\"2681\" data-end=\"3037\">Un autre angle mort du d\u00e9bat r\u00e9side dans l\u2019absence de mise en perspective des dynamiques de d\u00e9veloppement dans les provinces du Sud. Or, ces transformations constituent un \u00e9l\u00e9ment structurant de la vision marocaine, o\u00f9 la solution politique s\u2019articule \u00e0 un projet \u00e9conomique et social int\u00e9gr\u00e9, influen\u00e7ant directement les conditions de vie des populations.<\/p>\n<p style=\"text-align: justify;\" data-start=\"3039\" data-end=\"3352\">Quant au r\u00f4le des \u00c9tats-Unis, il se r\u00e9v\u00e8le moins celui d\u2019un simple m\u00e9diateur que d\u2019un acteur pragmatique, reliant stabilit\u00e9 politique et int\u00e9r\u00eats strat\u00e9giques. La r\u00e9solution du dossier du Sahara marocain appara\u00eet d\u00e8s lors comme une cl\u00e9 pour la reconfiguration d\u2019un espace maghr\u00e9bin plus int\u00e9gr\u00e9 et plus attractif.<\/p>\n<p style=\"text-align: justify;\" data-start=\"3354\" data-end=\"3775\">En d\u00e9finitive, cet \u00e9change m\u00e9diatique illustre une r\u00e9alit\u00e9 essentielle : la question du Sahara marocain ne se joue plus uniquement sur le terrain diplomatique, mais aussi dans l\u2019ar\u00e8ne m\u00e9diatique internationale. Entre r\u00e9cits concurrents et r\u00e9alit\u00e9s \u00e9mergentes, une nouvelle lecture du conflit s\u2019impose progressivement, orient\u00e9e vers une solution pragmatique o\u00f9 la stabilit\u00e9 tend \u00e0 primer sur les logiques de fragmentation.<\/p>\n","protected":false},"excerpt":{"rendered":"<p>Dans un moment r\u00e9gional particuli\u00e8rement sensible, o\u00f9 se croisent les enjeux de s\u00e9curit\u00e9, d\u2019\u00e9nergie et de recomposition g\u00e9opolitique, l\u2019entretien diffus\u00e9 par France 24 autour de la visite du vice-secr\u00e9taire d\u2019\u00c9tat am\u00e9ricain en Alg\u00e9rie puis au Maroc d\u00e9passe le simple cadre d\u2019un d\u00e9bat diplomatique classique. Derri\u00e8re une apparente neutralit\u00e9, il r\u00e9v\u00e8le en filigrane une bataille des [&hellip;]<\/p>\n","protected":false},"author":3,"featured_media":2399,"comment_status":"open","ping_status":"open","sticky":false,"template":"","format":"standard","meta":{"footnotes":""},"categories":[28,40,34,25,49,29,31],"tags":[],"class_list":{"0":"post-2398","1":"post","2":"type-post","3":"status-publish","4":"format-standard","5":"has-post-thumbnail","7":"category-afrique","8":"category-afrique-m-o","9":"category-amerique-centrale","10":"category-europ","11":"category-le-maghreb","12":"category-moyen-orient","13":"category-russie-ce"},"_links":{"self":[{"href":"https:\/\/diplomatique.ma\/fr\/wp-json\/wp\/v2\/posts\/2398","targetHints":{"allow":["GET"]}}],"collection":[{"href":"https:\/\/diplomatique.ma\/fr\/wp-json\/wp\/v2\/posts"}],"about":[{"href":"https:\/\/diplomatique.ma\/fr\/wp-json\/wp\/v2\/types\/post"}],"author":[{"embeddable":true,"href":"https:\/\/diplomatique.ma\/fr\/wp-json\/wp\/v2\/users\/3"}],"replies":[{"embeddable":true,"href":"https:\/\/diplomatique.ma\/fr\/wp-json\/wp\/v2\/comments?post=2398"}],"version-history":[{"count":1,"href":"https:\/\/diplomatique.ma\/fr\/wp-json\/wp\/v2\/posts\/2398\/revisions"}],"predecessor-version":[{"id":2400,"href":"https:\/\/diplomatique.ma\/fr\/wp-json\/wp\/v2\/posts\/2398\/revisions\/2400"}],"wp:featuredmedia":[{"embeddable":true,"href":"https:\/\/diplomatique.ma\/fr\/wp-json\/wp\/v2\/media\/2399"}],"wp:attachment":[{"href":"https:\/\/diplomatique.ma\/fr\/wp-json\/wp\/v2\/media?parent=2398"}],"wp:term":[{"taxonomy":"category","embeddable":true,"href":"https:\/\/diplomatique.ma\/fr\/wp-json\/wp\/v2\/categories?post=2398"},{"taxonomy":"post_tag","embeddable":true,"href":"https:\/\/diplomatique.ma\/fr\/wp-json\/wp\/v2\/tags?post=2398"}],"curies":[{"name":"wp","href":"https:\/\/api.w.org\/{rel}","templated":true}]}}