{"id":2408,"date":"2026-05-03T01:37:38","date_gmt":"2026-05-03T01:37:38","guid":{"rendered":"https:\/\/diplomatique.ma\/fr\/?p=2408"},"modified":"2026-05-03T14:45:06","modified_gmt":"2026-05-03T14:45:06","slug":"de-rabat-a-cannes-le-cinema-marocain-mene-la-mutation-arabe-et-impose-son-langage-silencieux-au-festival-de-cannes","status":"publish","type":"post","link":"https:\/\/diplomatique.ma\/fr\/de-rabat-a-cannes-le-cinema-marocain-mene-la-mutation-arabe-et-impose-son-langage-silencieux-au-festival-de-cannes\/","title":{"rendered":"De Rabat \u00e0 Cannes : le cin\u00e9ma marocain m\u00e8ne la mutation arabe et impose son langage silencieux au Festival de Cannes"},"content":{"rendered":"<p style=\"text-align: justify;\" data-start=\"28\" data-end=\"611\">\u00c0 chaque printemps, lorsque les regards convergent vers <span class=\"hover:entity-accent entity-underline inline cursor-pointer align-baseline\"><span class=\"whitespace-normal\">Festival de Cannes<\/span><\/span>, il ne s\u2019agit pas seulement d\u2019une c\u00e9l\u00e9bration du cin\u00e9ma, mais d\u2019un v\u00e9ritable r\u00e9v\u00e9lateur des \u00e9quilibres symboliques au sein de l\u2019industrie mondiale. L\u2019\u00e9dition 2026, pr\u00e9vue du 12 au 23 mai, ne se contente pas d\u2019aligner des titres : elle expose une transformation plus profonde des r\u00e9cits et des sensibilit\u00e9s. Le cin\u00e9ma arabe n\u2019y frappe plus \u00e0 la porte de la reconnaissance ; il s\u2019installe d\u00e9sormais au c\u0153ur du d\u00e9bat esth\u00e9tique et professionnel, avec une assurance discr\u00e8te mais structurante.<\/p>\n<p style=\"text-align: justify;\" data-start=\"613\" data-end=\"1075\">Les chiffres \u2014 plus de 2 500 films soumis provenant de 141 pays \u2014 pourraient sembler purement techniques. Pourtant, comme l\u2019a soulign\u00e9 le d\u00e9l\u00e9gu\u00e9 g\u00e9n\u00e9ral <span class=\"hover:entity-accent entity-underline inline cursor-pointer align-baseline\"><span class=\"whitespace-normal\">Thierry Fr\u00e9maux<\/span><\/span>, le v\u00e9ritable d\u00e9fi r\u00e9side dans la red\u00e9finition de ce qui m\u00e9rite d\u2019\u00eatre racont\u00e9. C\u2019est pr\u00e9cis\u00e9ment dans cet espace que le cin\u00e9ma arabe s\u2019impose, non comme un bloc homog\u00e8ne, mais comme un laboratoire narratif explorant les marges : sociales, psychologiques et esth\u00e9tiques.<\/p>\n<p style=\"text-align: justify;\" data-start=\"1077\" data-end=\"1572\">Dans la section \u00ab Un Certain Regard \u00bb du <span class=\"hover:entity-accent entity-underline inline cursor-pointer align-baseline\"><span class=\"whitespace-normal\">Festival de Cannes<\/span><\/span>, le film libano-palestinien <em data-start=\"1184\" data-end=\"1214\">\u00ab Albareha El Ain Ma Nemet \u00bb<\/em> de <span class=\"hover:entity-accent entity-underline inline cursor-pointer align-baseline\"><span class=\"whitespace-normal\">Rakan Mayasi<\/span><\/span> illustre parfaitement cette mutation. L\u2019\u0153uvre privil\u00e9gie l\u2019invisible au spectaculaire : tensions latentes, silences lourds, dynamiques sociales dissimul\u00e9es. Ici, le r\u00e9cit ne s\u2019impose pas frontalement ; il se faufile dans les interstices, r\u00e9v\u00e9lant notamment la condition f\u00e9minine dans des structures sociales rigides.<\/p>\n<p style=\"text-align: justify;\" data-start=\"1574\" data-end=\"2112\">Cette approche trouve un \u00e9cho dans la participation marocaine avec <em data-start=\"1641\" data-end=\"1659\">\u00ab La M\u00e1s Dulce \u00bb<\/em> de <span class=\"hover:entity-accent entity-underline inline cursor-pointer align-baseline\"><span class=\"whitespace-normal\">La\u00efla Marrakchi<\/span><\/span>, une coproduction qui incarne une nouvelle dynamique du cin\u00e9ma marocain : ouverte, transnationale et subtile. La pr\u00e9sence de <span class=\"hover:entity-accent entity-underline inline cursor-pointer align-baseline\"><span class=\"whitespace-normal\">Nisrine Radi<\/span><\/span> confirme cette \u00e9volution, o\u00f9 les talents ne sont plus symboliques mais pleinement int\u00e9gr\u00e9s \u00e0 des projets artistiques \u00e0 port\u00e9e universelle. Le film propose une sensibilit\u00e9 narrative o\u00f9 l\u2019identit\u00e9 devient un espace d\u2019\u00e9change plut\u00f4t qu\u2019un cadre ferm\u00e9.<\/p>\n<p style=\"text-align: justify;\" data-start=\"2114\" data-end=\"2566\">Sur un autre registre, le documentaire arabe poursuit cette transformation en exp\u00e9rimentant les formes. Dans la section \u00ab Quinzaine des Cin\u00e9astes \u00bb, <span class=\"hover:entity-accent entity-underline inline cursor-pointer align-baseline\"><span class=\"whitespace-normal\">Sa\u00efd Hamich<\/span><\/span> pr\u00e9sente <em data-start=\"2310\" data-end=\"2351\">\u00ab In Search of the Green Striped Bird \u00bb<\/em>, une \u0153uvre qui d\u00e9passe les codes traditionnels du documentaire pour s\u2019approcher d\u2019une \u00e9criture visuelle po\u00e9tique. Le r\u00e9cit y est fragment\u00e9, ouvert, laissant au spectateur un r\u00f4le actif dans la construction du sens.<\/p>\n<p style=\"text-align: justify;\" data-start=\"2568\" data-end=\"3022\">Mais l\u2019\u00e9volution la plus significative d\u00e9passe les films eux-m\u00eames. Le cin\u00e9ma arabe, au sein du <span class=\"hover:entity-accent entity-underline inline cursor-pointer align-baseline\"><span class=\"whitespace-normal\">Festival de Cannes<\/span><\/span>, s\u2019inscrit d\u00e9sormais dans une logique structurelle : r\u00e9seaux de production, coproductions internationales, plateformes de diffusion. La mont\u00e9e en puissance d\u2019initiatives comme <span class=\"hover:entity-accent entity-underline inline cursor-pointer align-baseline\"><span class=\"whitespace-normal\">Arab Cinema Center<\/span><\/span> illustre ce repositionnement strat\u00e9gique, o\u00f9 l\u2019enjeu n\u2019est plus seulement la visibilit\u00e9, mais l\u2019influence.<\/p>\n<p style=\"text-align: justify;\" data-start=\"3024\" data-end=\"3395\">Ainsi, le passage d\u2019un cin\u00e9ma en qu\u00eate de reconnaissance \u00e0 un cin\u00e9ma producteur de sens constitue la v\u00e9ritable rupture. Le cin\u00e9ma arabe ne cherche plus uniquement \u00e0 \u00eatre vu, mais \u00e0 \u00eatre compris. Il explore les nuances, les tensions invisibles, les silences. Sa pr\u00e9sence \u00e0 Cannes n\u2019est plus circonstancielle : elle devient structurelle, r\u00e9v\u00e9latrice d\u2019un mouvement de fond.<\/p>\n<p style=\"text-align: justify;\" data-start=\"3397\" data-end=\"3690\">Au final, l\u2019\u00e9dition 2026 esquisse une image apais\u00e9e mais d\u00e9termin\u00e9e : celle d\u2019un cin\u00e9ma qui avance sans bruit, port\u00e9 par la profondeur de ses r\u00e9cits. Une fois les lumi\u00e8res \u00e9teintes et le tapis rouge repli\u00e9, ce sont ces histoires \u2014 intimes, complexes, persistantes \u2014 qui continuent de r\u00e9sonner.<\/p>\n","protected":false},"excerpt":{"rendered":"<p>\u00c0 chaque printemps, lorsque les regards convergent vers Festival de Cannes, il ne s\u2019agit pas seulement d\u2019une c\u00e9l\u00e9bration du cin\u00e9ma, mais d\u2019un v\u00e9ritable r\u00e9v\u00e9lateur des \u00e9quilibres symboliques au sein de l\u2019industrie mondiale. L\u2019\u00e9dition 2026, pr\u00e9vue du 12 au 23 mai, ne se contente pas d\u2019aligner des titres : elle expose une transformation plus profonde des [&hellip;]<\/p>\n","protected":false},"author":3,"featured_media":2409,"comment_status":"open","ping_status":"open","sticky":false,"template":"","format":"standard","meta":{"footnotes":""},"categories":[51,52],"tags":[],"class_list":{"0":"post-2408","1":"post","2":"type-post","3":"status-publish","4":"format-standard","5":"has-post-thumbnail","7":"category-diplomatie-culturelle","8":"category-diplomatie-par-le-cinema"},"_links":{"self":[{"href":"https:\/\/diplomatique.ma\/fr\/wp-json\/wp\/v2\/posts\/2408","targetHints":{"allow":["GET"]}}],"collection":[{"href":"https:\/\/diplomatique.ma\/fr\/wp-json\/wp\/v2\/posts"}],"about":[{"href":"https:\/\/diplomatique.ma\/fr\/wp-json\/wp\/v2\/types\/post"}],"author":[{"embeddable":true,"href":"https:\/\/diplomatique.ma\/fr\/wp-json\/wp\/v2\/users\/3"}],"replies":[{"embeddable":true,"href":"https:\/\/diplomatique.ma\/fr\/wp-json\/wp\/v2\/comments?post=2408"}],"version-history":[{"count":1,"href":"https:\/\/diplomatique.ma\/fr\/wp-json\/wp\/v2\/posts\/2408\/revisions"}],"predecessor-version":[{"id":2410,"href":"https:\/\/diplomatique.ma\/fr\/wp-json\/wp\/v2\/posts\/2408\/revisions\/2410"}],"wp:featuredmedia":[{"embeddable":true,"href":"https:\/\/diplomatique.ma\/fr\/wp-json\/wp\/v2\/media\/2409"}],"wp:attachment":[{"href":"https:\/\/diplomatique.ma\/fr\/wp-json\/wp\/v2\/media?parent=2408"}],"wp:term":[{"taxonomy":"category","embeddable":true,"href":"https:\/\/diplomatique.ma\/fr\/wp-json\/wp\/v2\/categories?post=2408"},{"taxonomy":"post_tag","embeddable":true,"href":"https:\/\/diplomatique.ma\/fr\/wp-json\/wp\/v2\/tags?post=2408"}],"curies":[{"name":"wp","href":"https:\/\/api.w.org\/{rel}","templated":true}]}}