{"id":260,"date":"2024-08-17T15:19:54","date_gmt":"2024-08-17T15:19:54","guid":{"rendered":"https:\/\/diplomatique.ma\/fr\/?p=260"},"modified":"2024-08-17T15:19:54","modified_gmt":"2024-08-17T15:19:54","slug":"en-reponse-au-soutien-de-la-france-a-la-souverainete-marocaine-sur-le-sahara-lalgerie-boycotte-lhommage-aux-soldats-algeriens-tombes-lors-du-debarquement-de-provence","status":"publish","type":"post","link":"https:\/\/diplomatique.ma\/fr\/en-reponse-au-soutien-de-la-france-a-la-souverainete-marocaine-sur-le-sahara-lalgerie-boycotte-lhommage-aux-soldats-algeriens-tombes-lors-du-debarquement-de-provence\/","title":{"rendered":"\u00ab\u00a0En r\u00e9ponse au soutien de la France \u00e0 la souverainet\u00e9 marocaine sur le Sahara : l&rsquo;Alg\u00e9rie boycotte l&rsquo;hommage aux soldats alg\u00e9riens tomb\u00e9s lors du d\u00e9barquement de Provence\u00a0\u00bb"},"content":{"rendered":"<p style=\"text-align: justify;\"><span style=\"color: #000000;\">Dans un contexte de tensions diplomatiques continues entre l&rsquo;Alg\u00e9rie et la France, l&rsquo;Alg\u00e9rie a ignor\u00e9 une invitation officielle \u00e0 assister \u00e0 la comm\u00e9moration du 80e anniversaire du d\u00e9barquement de Provence, une occasion qui a vu l&rsquo;hommage rendu aux soldats maghr\u00e9bins, dont des Alg\u00e9riens, qui ont particip\u00e9 \u00e0 la d\u00e9fense de la France contre l&rsquo;Allemagne nazie. Malgr\u00e9 l&rsquo;invitation officielle adress\u00e9e par la France, l&rsquo;Alg\u00e9rie n&rsquo;a envoy\u00e9 aucun repr\u00e9sentant \u00e0 cet \u00e9v\u00e9nement, auquel ont assist\u00e9 de nombreux dirigeants et repr\u00e9sentants de pays, dont le Premier ministre marocain Aziz Akhannouch.<\/span><\/p>\n<p style=\"text-align: justify;\"><span style=\"color: #000000;\">Le quotidien alg\u00e9rien \u00ab\u00a0El Chourouk\u00a0\u00bb a trait\u00e9 cette absence en la consid\u00e9rant comme un signe des relations de plus en plus tendues entre l&rsquo;Alg\u00e9rie et la France, surtout dans le contexte des \u00e9v\u00e9nements r\u00e9cents concernant le soutien de Paris \u00e0 la souverainet\u00e9 marocaine sur le Sahara. Tandis que certains pays africains, ayant des relations tendues avec la France, ont envoy\u00e9 des repr\u00e9sentants, l&rsquo;Alg\u00e9rie a choisi de ne pas participer, ce qui peut \u00eatre vu comme une n\u00e9gligence envers des citoyens alg\u00e9riens qui ont donn\u00e9 leur vie pour lib\u00e9rer la France.<\/span><\/p>\n<p><img loading=\"lazy\" decoding=\"async\" class=\"aligncenter wp-image-261 size-full\" src=\"https:\/\/diplomatique.ma\/fr\/wp-content\/uploads\/2024\/08\/0-40.jpg\" alt=\"\" width=\"800\" height=\"533\" srcset=\"https:\/\/diplomatique.ma\/fr\/wp-content\/uploads\/2024\/08\/0-40.jpg 800w, https:\/\/diplomatique.ma\/fr\/wp-content\/uploads\/2024\/08\/0-40-300x200.jpg 300w, https:\/\/diplomatique.ma\/fr\/wp-content\/uploads\/2024\/08\/0-40-768x512.jpg 768w, https:\/\/diplomatique.ma\/fr\/wp-content\/uploads\/2024\/08\/0-40-150x100.jpg 150w, https:\/\/diplomatique.ma\/fr\/wp-content\/uploads\/2024\/08\/0-40-696x464.jpg 696w\" sizes=\"auto, (max-width: 800px) 100vw, 800px\" \/><\/p>\n<p style=\"text-align: justify;\"><span style=\"color: #000000;\">La presse fran\u00e7aise a not\u00e9 que l&rsquo;Alg\u00e9rie avait auparavant particip\u00e9 \u00e0 de tels \u00e9v\u00e9nements, et ce, \u00e0 des niveaux \u00e9lev\u00e9s, rendant cette absence particuli\u00e8rement significative dans le contexte actuel. Par exemple, l&rsquo;ancien pr\u00e9sident alg\u00e9rien Abdelaziz Bouteflika avait assist\u00e9 \u00e0 la comm\u00e9moration du 60e anniversaire du d\u00e9barquement de Provence, et le Premier ministre alg\u00e9rien Abdelmalek Sellal avait assist\u00e9 au 70e anniversaire.<\/span><\/p>\n<p style=\"text-align: justify;\"><span style=\"color: #000000;\">L&rsquo;absence de l&rsquo;Alg\u00e9rie survient dans un contexte de crise diplomatique aigu\u00eb, exacerb\u00e9e apr\u00e8s l&rsquo;annonce du soutien de la France \u00e0 la proposition d&rsquo;autonomie marocaine comme solution au conflit du Sahara, ce qui a conduit l&rsquo;Alg\u00e9rie \u00e0 rappeler son ambassadeur de Paris et \u00e0 r\u00e9duire le niveau des relations diplomatiques avec la France. Il est \u00e0 noter que l&rsquo;Alg\u00e9rie avait pris une mesure similaire en 2022 lorsqu&rsquo;Espagne avait annonc\u00e9 son soutien \u00e0 la proposition marocaine, mais elle avait ensuite r\u00e9tabli ses relations avec Madrid apr\u00e8s une courte p\u00e9riode.<\/span><\/p>\n<p style=\"text-align: justify;\"><span style=\"color: #000000;\">La question qui se pose est : cette d\u00e9cision refl\u00e8te-t-elle une escalade suppl\u00e9mentaire dans les relations tendues entre l&rsquo;Alg\u00e9rie et la France, ou est-ce simplement une r\u00e9action temporaire qui pourrait \u00eatre surmont\u00e9e avec le temps ? Et le gouvernement alg\u00e9rien peut-il continuer \u00e0 ignorer de telles initiatives visant \u00e0 honorer ses citoyens au nom des positions politiques, ou est-il n\u00e9cessaire de reconsid\u00e9rer les strat\u00e9gies diplomatiques ?<\/span><\/p>\n","protected":false},"excerpt":{"rendered":"<p>Dans un contexte de tensions diplomatiques continues entre l&rsquo;Alg\u00e9rie et la France, l&rsquo;Alg\u00e9rie a ignor\u00e9 une invitation officielle \u00e0 assister \u00e0 la comm\u00e9moration du 80e anniversaire du d\u00e9barquement de Provence, une occasion qui a vu l&rsquo;hommage rendu aux soldats maghr\u00e9bins, dont des Alg\u00e9riens, qui ont particip\u00e9 \u00e0 la d\u00e9fense de la France contre l&rsquo;Allemagne nazie. [&hellip;]<\/p>\n","protected":false},"author":2,"featured_media":262,"comment_status":"open","ping_status":"open","sticky":false,"template":"","format":"standard","meta":{"footnotes":""},"categories":[28,25,22],"tags":[],"class_list":{"0":"post-260","1":"post","2":"type-post","3":"status-publish","4":"format-standard","5":"has-post-thumbnail","7":"category-afrique","8":"category-europ","9":"category-maroc"},"_links":{"self":[{"href":"https:\/\/diplomatique.ma\/fr\/wp-json\/wp\/v2\/posts\/260","targetHints":{"allow":["GET"]}}],"collection":[{"href":"https:\/\/diplomatique.ma\/fr\/wp-json\/wp\/v2\/posts"}],"about":[{"href":"https:\/\/diplomatique.ma\/fr\/wp-json\/wp\/v2\/types\/post"}],"author":[{"embeddable":true,"href":"https:\/\/diplomatique.ma\/fr\/wp-json\/wp\/v2\/users\/2"}],"replies":[{"embeddable":true,"href":"https:\/\/diplomatique.ma\/fr\/wp-json\/wp\/v2\/comments?post=260"}],"version-history":[{"count":1,"href":"https:\/\/diplomatique.ma\/fr\/wp-json\/wp\/v2\/posts\/260\/revisions"}],"predecessor-version":[{"id":263,"href":"https:\/\/diplomatique.ma\/fr\/wp-json\/wp\/v2\/posts\/260\/revisions\/263"}],"wp:featuredmedia":[{"embeddable":true,"href":"https:\/\/diplomatique.ma\/fr\/wp-json\/wp\/v2\/media\/262"}],"wp:attachment":[{"href":"https:\/\/diplomatique.ma\/fr\/wp-json\/wp\/v2\/media?parent=260"}],"wp:term":[{"taxonomy":"category","embeddable":true,"href":"https:\/\/diplomatique.ma\/fr\/wp-json\/wp\/v2\/categories?post=260"},{"taxonomy":"post_tag","embeddable":true,"href":"https:\/\/diplomatique.ma\/fr\/wp-json\/wp\/v2\/tags?post=260"}],"curies":[{"name":"wp","href":"https:\/\/api.w.org\/{rel}","templated":true}]}}