{"id":269,"date":"2024-08-19T14:30:17","date_gmt":"2024-08-19T14:30:17","guid":{"rendered":"https:\/\/diplomatique.ma\/fr\/?p=269"},"modified":"2024-08-19T15:34:37","modified_gmt":"2024-08-19T15:34:37","slug":"declarations-de-tebboune-sur-lentree-de-larmee-algerienne-a-gaza-entre-moquerie-et-interrogations","status":"publish","type":"post","link":"https:\/\/diplomatique.ma\/fr\/declarations-de-tebboune-sur-lentree-de-larmee-algerienne-a-gaza-entre-moquerie-et-interrogations\/","title":{"rendered":"D\u00e9clarations de Tebboune sur l&rsquo;entr\u00e9e de l&rsquo;arm\u00e9e alg\u00e9rienne \u00e0 Gaza : entre moquerie et interrogations"},"content":{"rendered":"<p style=\"text-align: justify;\"><span style=\"color: #000000;\"><strong>Dans<\/strong> des d\u00e9clarations qui ont suscit\u00e9 une vague de moqueries et de questions sur les r\u00e9seaux sociaux, le pr\u00e9sident alg\u00e9rien Abdelmadjid Tebboune a annonc\u00e9 lors d&rsquo;un rassemblement \u00e9lectoral \u00e0 Constantine que l&rsquo;arm\u00e9e alg\u00e9rienne \u00e9tait pr\u00eate \u00e0 entrer \u00e0 Gaza \u00ab\u00a0si les fronti\u00e8res \u00e9taient ouvertes\u00a0\u00bb.<\/span><\/p>\n<blockquote class=\"twitter-tweet\" data-width=\"550\" data-dnt=\"true\">\n<p lang=\"fr\" dir=\"ltr\">Le Pr\u00e9sident alg\u00e9rien Tebboune d\u00e9clare : &quot;L&#39;arm\u00e9e alg\u00e9rienne est pr\u00eate \u00e0 aller en Palestine, nous attendons juste que l&#39;\u00c9gypte ouvre les fronti\u00e8res.&quot;<\/p>\n<p>Vraiment ? \u00c0 qui pense-t-il faire croire \u00e7a ? <a href=\"https:\/\/t.co\/8aUoZk8Fhq\">pic.twitter.com\/8aUoZk8Fhq<\/a><\/p>\n<p>&mdash; Diplomatique.ma \u0627\u0644\u062f\u0628\u0644\u0648\u0645\u0627\u0633\u064a\u0629 (@diplomatique_ma) <a href=\"https:\/\/twitter.com\/diplomatique_ma\/status\/1825468996835021126?ref_src=twsrc%5Etfw\">August 19, 2024<\/a><\/p><\/blockquote>\n<p><script async src=\"https:\/\/platform.twitter.com\/widgets.js\" charset=\"utf-8\"><\/script><\/p>\n<p style=\"text-align: justify;\"><span style=\"color: #000000;\">Tebboune a \u00e9galement affirm\u00e9 que son pays \u00e9tait capable de construire trois h\u00f4pitaux en 20 jours et d&rsquo;envoyer des centaines de m\u00e9decins pour aider \u00e0 reconstruire ce que les \u00ab\u00a0sionistes\u00a0\u00bb ont d\u00e9truit.<\/span><\/p>\n<p style=\"text-align: justify;\"><span style=\"color: #000000;\">Cependant, ces d\u00e9clarations, qui pourraient sembler impressionnantes au premier abord, ont \u00e9t\u00e9 qualifi\u00e9es de \u00ab\u00a0populistes\u00a0\u00bb par de nombreux internautes, ouvrant la porte \u00e0 la d\u00e9rision et au doute sur les intentions de Tebboune. Dans un contexte o\u00f9 le peuple alg\u00e9rien fait face \u00e0 des r\u00e9alit\u00e9s difficiles, comme des h\u00f4pitaux locaux dont la construction n&rsquo;est pas achev\u00e9e depuis des ann\u00e9es, beaucoup se demandent \u00e0 quel point ces promesses sont s\u00e9rieuses.<\/span><\/p>\n<p style=\"text-align: justify;\"><span style=\"color: #000000;\"><strong>Quel est le but de ces d\u00e9clarations ?<\/strong><\/span><\/p>\n<p style=\"text-align: justify;\"><span style=\"color: #000000;\">Il est important de se demander : qu&rsquo;est-ce qui a pouss\u00e9 Tebboune \u00e0 faire ces d\u00e9clarations \u00e0 ce moment pr\u00e9cis ? Est-ce une tentative de rassembler le soutien populaire \u00e0 l&rsquo;approche des \u00e9lections pr\u00e9sidentielles ? Ou bien s&rsquo;agit-il d&rsquo;une tentative de d\u00e9tourner l&rsquo;attention des probl\u00e8mes internes de l&rsquo;Alg\u00e9rie, tels que le ch\u00f4mage et la d\u00e9gradation des conditions \u00e9conomiques ? Et pourquoi mettre l&rsquo;accent sur la question palestinienne alors que les autorit\u00e9s alg\u00e9riennes interdisent toute manifestation ou rassemblement de soutien au peuple palestinien ?<\/span><\/p>\n<p style=\"text-align: justify;\"><span style=\"color: #000000;\"><strong>Cons\u00e9quences des d\u00e9clarations sur les relations alg\u00e9ro-\u00e9gyptiennes<\/strong><\/span><\/p>\n<p style=\"text-align: justify;\"><span style=\"color: #000000;\">En plus des moqueries, les d\u00e9clarations de Tebboune ont suscit\u00e9 des questions sur l&rsquo;avenir des relations alg\u00e9ro-\u00e9gyptiennes. En effet, l&rsquo;allusion au fait que l&rsquo;\u00c9gypte ferme les fronti\u00e8res \u00e0 l&rsquo;arm\u00e9e alg\u00e9rienne peut \u00eatre interpr\u00e9t\u00e9e comme une accusation directe contre Le Caire d&#8217;emp\u00eacher l&rsquo;arriv\u00e9e d&rsquo;aide \u00e0 Gaza. Ces d\u00e9clarations ouvriront-elles la voie \u00e0 une nouvelle tension entre les deux pays ? Et quel est le but de ces accusations indirectes ?<\/span><\/p>\n<p style=\"text-align: justify;\"><span style=\"color: #000000;\"><strong>La r\u00e9alit\u00e9 sur le terrain : des mots sans actions ?<\/strong><\/span><\/p>\n<p style=\"text-align: justify;\"><span style=\"color: #000000;\">En r\u00e9action aux d\u00e9clarations de Tebboune, le journaliste alg\u00e9rien opposant Walid K\u00e9bir a d\u00e9clar\u00e9 que ces d\u00e9clarations ne sont qu&rsquo;une tentative de \u00ab\u00a0toucher les \u00e9motions des masses\u00a0\u00bb et qu&rsquo;elles \u00ab\u00a0auront certainement des cons\u00e9quences sur les relations alg\u00e9ro-\u00e9gyptiennes\u00a0\u00bb. Il a ajout\u00e9 que \u00ab\u00a0la construction d&rsquo;h\u00f4pitaux dans la bande de Gaza ne n\u00e9cessite pas l&rsquo;ouverture des fronti\u00e8res terrestres, car il y a la mer qui peut \u00eatre exploit\u00e9e si le courage et la r\u00e9elle volont\u00e9 existent\u00a0\u00bb.<\/span><\/p>\n<p style=\"text-align: justify;\"><span style=\"color: #000000;\">K\u00e9bir a \u00e9galement ajout\u00e9 que le r\u00e9gime alg\u00e9rien \u00ab\u00a0utilise la cause palestinienne pour rechercher une l\u00e9gitimit\u00e9 perdue\u00a0\u00bb, notant que d&rsquo;autres pays comme le Kowe\u00eft ont envoy\u00e9 des milliers de tonnes d&rsquo;aide \u00e0 Gaza, bien qu&rsquo;ils n&rsquo;aient pas de relations avec Isra\u00ebl, alors que l&rsquo;Alg\u00e9rie n&rsquo;a presque rien fait.<\/span><\/p>\n<p style=\"text-align: justify;\"><span style=\"color: #000000;\"><strong>Y a-t-il une r\u00e9elle intention ou juste des slogans ?<\/strong><\/span><\/p>\n<p style=\"text-align: justify;\"><span style=\"color: #000000;\">En fin de compte, les questions restent ouvertes quant \u00e0 la sinc\u00e9rit\u00e9 des d\u00e9clarations de Tebboune. Sont-elles simplement des slogans pour gagner du soutien populaire ou y a-t-il une v\u00e9ritable intention de prendre des mesures concr\u00e8tes pour soutenir le peuple palestinien ? Quels sont les moyens dont dispose le r\u00e9gime alg\u00e9rien pour tenir ces promesses ? De nombreuses questions restent sans r\u00e9ponse alors que les souffrances du peuple alg\u00e9rien et palestinien se poursuivent.<\/span><\/p>\n<h3 style=\"text-align: justify;\"><\/h3>\n","protected":false},"excerpt":{"rendered":"<p>Dans des d\u00e9clarations qui ont suscit\u00e9 une vague de moqueries et de questions sur les r\u00e9seaux sociaux, le pr\u00e9sident alg\u00e9rien Abdelmadjid Tebboune a annonc\u00e9 lors d&rsquo;un rassemblement \u00e9lectoral \u00e0 Constantine que l&rsquo;arm\u00e9e alg\u00e9rienne \u00e9tait pr\u00eate \u00e0 entrer \u00e0 Gaza \u00ab\u00a0si les fronti\u00e8res \u00e9taient ouvertes\u00a0\u00bb. Le Pr\u00e9sident alg\u00e9rien Tebboune d\u00e9clare : &quot;L&#39;arm\u00e9e alg\u00e9rienne est pr\u00eate \u00e0 [&hellip;]<\/p>\n","protected":false},"author":2,"featured_media":270,"comment_status":"open","ping_status":"open","sticky":false,"template":"","format":"standard","meta":{"footnotes":""},"categories":[28,29,44],"tags":[],"class_list":{"0":"post-269","1":"post","2":"type-post","3":"status-publish","4":"format-standard","5":"has-post-thumbnail","7":"category-afrique","8":"category-moyen-orient","9":"category-video"},"_links":{"self":[{"href":"https:\/\/diplomatique.ma\/fr\/wp-json\/wp\/v2\/posts\/269","targetHints":{"allow":["GET"]}}],"collection":[{"href":"https:\/\/diplomatique.ma\/fr\/wp-json\/wp\/v2\/posts"}],"about":[{"href":"https:\/\/diplomatique.ma\/fr\/wp-json\/wp\/v2\/types\/post"}],"author":[{"embeddable":true,"href":"https:\/\/diplomatique.ma\/fr\/wp-json\/wp\/v2\/users\/2"}],"replies":[{"embeddable":true,"href":"https:\/\/diplomatique.ma\/fr\/wp-json\/wp\/v2\/comments?post=269"}],"version-history":[{"count":1,"href":"https:\/\/diplomatique.ma\/fr\/wp-json\/wp\/v2\/posts\/269\/revisions"}],"predecessor-version":[{"id":271,"href":"https:\/\/diplomatique.ma\/fr\/wp-json\/wp\/v2\/posts\/269\/revisions\/271"}],"wp:featuredmedia":[{"embeddable":true,"href":"https:\/\/diplomatique.ma\/fr\/wp-json\/wp\/v2\/media\/270"}],"wp:attachment":[{"href":"https:\/\/diplomatique.ma\/fr\/wp-json\/wp\/v2\/media?parent=269"}],"wp:term":[{"taxonomy":"category","embeddable":true,"href":"https:\/\/diplomatique.ma\/fr\/wp-json\/wp\/v2\/categories?post=269"},{"taxonomy":"post_tag","embeddable":true,"href":"https:\/\/diplomatique.ma\/fr\/wp-json\/wp\/v2\/tags?post=269"}],"curies":[{"name":"wp","href":"https:\/\/api.w.org\/{rel}","templated":true}]}}