{"id":2926,"date":"2026-08-31T12:13:01","date_gmt":"2026-08-31T12:13:01","guid":{"rendered":"https:\/\/diplomatique.ma\/fr\/?p=2926"},"modified":"2026-08-31T17:20:51","modified_gmt":"2026-08-31T17:20:51","slug":"apres-la-vague-migratoire-ceuta-face-a-lautre-crise-23-agressions-sexuelles-en-un-mois","status":"publish","type":"post","link":"https:\/\/diplomatique.ma\/fr\/apres-la-vague-migratoire-ceuta-face-a-lautre-crise-23-agressions-sexuelles-en-un-mois\/","title":{"rendered":"Apr\u00e8s la vague migratoire, Ceuta face \u00e0 l\u2019autre crise : 23 agressions sexuelles en un mois"},"content":{"rendered":"<p class=\"isSelectedEnd\" style=\"text-align: justify;\">La crise de Ceuta ne se mesure d\u00e9sormais plus seulement au nombre de personnes entr\u00e9es dans la ville \u00e0 la fin du mois de juillet, ni \u00e0 celles qui ont ensuite \u00e9t\u00e9 reconduites ou ont quitt\u00e9 le territoire. Un mois plus tard, ses cons\u00e9quences apparaissent ailleurs : dans les dispositifs de protection, dans les tribunaux, dans les plaintes d\u00e9pos\u00e9es par des femmes et des mineures, et dans des institutions qui ont d\u00fb adapter leurs moyens \u00e0 une situation exceptionnelle.<\/p>\n<p class=\"isSelectedEnd\" style=\"text-align: justify;\">Les derniers chiffres communiqu\u00e9s par le parquet espagnol r\u00e9v\u00e8lent une dimension particuli\u00e8rement sensible de cette nouvelle phase : <strong>23 agressions sexuelles ont \u00e9t\u00e9 enregistr\u00e9es \u00e0 Ceuta entre le 30 juillet et le 31 ao\u00fbt, dont cinq qualifi\u00e9es de viols. Neuf des victimes sont des mineures \u00e2g\u00e9es de 14 \u00e0 17 ans.<\/strong><\/p>\n<p class=\"isSelectedEnd\" style=\"text-align: justify;\">Mais ce chiffre, aussi lourd soit-il, ne suffit pas \u00e0 expliquer ce qui s\u2019est pass\u00e9.<\/p>\n<p class=\"isSelectedEnd\" style=\"text-align: justify;\">Selon les donn\u00e9es disponibles, les victimes sont en grande partie des femmes et des jeunes filles migrantes arriv\u00e9es dans la ville pendant la vague d\u2019entr\u00e9es massives. Des m\u00e9dias espagnols ont \u00e9galement fait \u00e9tat d\u2019un cas concernant un homme appartenant \u00e0 la communaut\u00e9 LGBT et de faits impliquant parfois plusieurs agresseurs.<\/p>\n<p class=\"isSelectedEnd\" style=\"text-align: justify;\">Le point essentiel est ailleurs : le parquet ne pr\u00e9sente pas ces faits comme la preuve que la migration aurait, en elle-m\u00eame, produit la violence sexuelle. Il les inscrit dans une hausse de certaines cat\u00e9gories de d\u00e9lits observ\u00e9e pendant cette p\u00e9riode exceptionnelle.<\/p>\n<p class=\"isSelectedEnd\" style=\"text-align: justify;\">La procureure g\u00e9n\u00e9rale de l\u2019\u00c9tat, Teresa Peramato, avait d\u00e9j\u00e0 \u00e9voqu\u00e9 lors de sa visite \u00e0 Ceuta l\u2019augmentation des agressions sexuelles, parall\u00e8lement \u00e0 des infractions contre les biens, des violences et des actes de r\u00e9sistance \u00e0 l\u2019autorit\u00e9.<\/p>\n<p class=\"isSelectedEnd\" style=\"text-align: justify;\">C\u2019est l\u00e0 que commence v\u00e9ritablement l\u2019histoire.<\/p>\n<h2 style=\"text-align: justify;\">D\u2019un chiffre judiciaire \u00e0 une question de protection<\/h2>\n<p class=\"isSelectedEnd\" style=\"text-align: justify;\">Les neuf mineures ne sont pas un chiffre suppl\u00e9mentaire dans une statistique criminelle. Elles ont entre 14 et 17 ans. Elles se trouvaient d\u00e9j\u00e0 dans une situation de grande vuln\u00e9rabilit\u00e9 : d\u00e9placement brutal, instabilit\u00e9, absence ou \u00e9loignement de la famille, fragilit\u00e9 des r\u00e9seaux de protection, puis h\u00e9bergement dans des espaces temporaires qui n\u2019\u00e9taient pas con\u00e7us pour absorber un afflux de cette ampleur.<\/p>\n<p class=\"isSelectedEnd\" style=\"text-align: justify;\">Pr\u00e8s d\u2019un mois apr\u00e8s la vague d\u2019entr\u00e9es, les autorit\u00e9s de Ceuta continuaient \u00e0 int\u00e9grer des centaines de jeunes filles dans le dispositif de protection des mineurs, tandis que de nouveaux espaces \u00e9taient am\u00e9nag\u00e9s pour accueillir les femmes et les jeunes filles.<\/p>\n<p class=\"isSelectedEnd\" style=\"text-align: justify;\">Cette situation r\u00e9v\u00e8le une r\u00e9alit\u00e9 plus profonde : <strong>le risque ne commence pas avec l\u2019agression sexuelle. Il commence lorsque la protection devient insuffisante.<\/strong><\/p>\n<p class=\"isSelectedEnd\" style=\"text-align: justify;\">Pour une femme ou une mineure arriv\u00e9e dans une ville dans des circonstances exceptionnelles, le danger ne se limite pas \u00e0 l\u2019agression elle-m\u00eame. Il peut commencer par l\u2019absence d\u2019un lieu s\u00fbr o\u00f9 dormir, l\u2019incertitude sur sa situation administrative, la difficult\u00e9 \u00e0 acc\u00e9der aux soins, \u00e0 un soutien psychologique ou \u00e0 une assistance juridique.<\/p>\n<p class=\"isSelectedEnd\" style=\"text-align: justify;\">C\u2019est pourquoi la crise n\u2019a pas seulement mis \u00e0 l\u2019\u00e9preuve la police et le parquet.<\/p>\n<p class=\"isSelectedEnd\" style=\"text-align: justify;\">Elle a \u00e9galement expos\u00e9 les limites d\u2019un syst\u00e8me de protection confront\u00e9, en quelques jours, \u00e0 une pression inhabituelle.<\/p>\n<h2 style=\"text-align: justify;\">Huit suspects ne signifient pas 23 auteurs<\/h2>\n<p class=\"isSelectedEnd\" style=\"text-align: justify;\">Sur le plan judiciaire, les forces de s\u00e9curit\u00e9 ont jusqu\u2019\u00e0 pr\u00e9sent identifi\u00e9 <strong>huit suspects : quatre Marocains, trois Espagnols et un Belge<\/strong>.<\/p>\n<p class=\"isSelectedEnd\" style=\"text-align: justify;\">Cette donn\u00e9e m\u00e9rite d\u2019\u00eatre regard\u00e9e avec pr\u00e9cision.<\/p>\n<p class=\"isSelectedEnd\" style=\"text-align: justify;\">Elle ne signifie pas que quatre Marocains seraient responsables de quatre agressions, ni que les autres agressions seraient n\u00e9cessairement imputables \u00e0 des migrants. Vingt-trois faits ont \u00e9t\u00e9 enregistr\u00e9s, mais seules huit personnes ont \u00e9t\u00e9 identifi\u00e9es \u00e0 ce stade. Pour les autres affaires, les investigations se poursuivent.<\/p>\n<p class=\"isSelectedEnd\" style=\"text-align: justify;\">La distinction entre <strong>une donn\u00e9e judiciaire et une interpr\u00e9tation politique<\/strong> n\u2019est donc pas secondaire.<\/p>\n<p class=\"isSelectedEnd\" style=\"text-align: justify;\">Une agression doit \u00eatre poursuivie comme une agression, quelle que soit la nationalit\u00e9 de son auteur. Mais transformer la nationalit\u00e9 de certains suspects en explication globale d\u2019un ph\u00e9nom\u00e8ne n\u00e9cessite des \u00e9l\u00e9ments que les chiffres actuels ne fournissent pas.<\/p>\n<p class=\"isSelectedEnd\" style=\"text-align: justify;\">Inversement, la crainte d\u2019une r\u00e9cup\u00e9ration politique de ces affaires ne doit pas conduire \u00e0 minimiser leur gravit\u00e9 ni \u00e0 rel\u00e9guer les victimes au second plan.<\/p>\n<h2 style=\"text-align: justify;\">La crise a quitt\u00e9 la fronti\u00e8re<\/h2>\n<p class=\"isSelectedEnd\" style=\"text-align: justify;\">Depuis le 30 juillet, Madrid a principalement abord\u00e9 la situation comme une crise migratoire et s\u00e9curitaire : contr\u00f4le de la fronti\u00e8re, gestion des entr\u00e9es, identification des personnes, retours et renforcement des dispositifs de s\u00e9curit\u00e9.<\/p>\n<p class=\"isSelectedEnd\" style=\"text-align: justify;\">Mais les semaines suivantes ont impos\u00e9 une d\u00e9finition beaucoup plus large de la crise.<\/p>\n<p class=\"isSelectedEnd\" style=\"text-align: justify;\">La question n\u2019\u00e9tait plus seulement de savoir comment emp\u00eacher les entr\u00e9es irr\u00e9guli\u00e8res.<\/p>\n<p class=\"isSelectedEnd\" style=\"text-align: justify;\">Il fallait aussi d\u00e9terminer o\u00f9 accueillir ceux qui \u00e9taient d\u00e9j\u00e0 l\u00e0, comment prot\u00e9ger les mineurs, comment garantir aux femmes un environnement s\u00fbr et comment permettre \u00e0 la police, au parquet et aux tribunaux de traiter les nouveaux dossiers sans que les droits des victimes ne soient \u00e9cras\u00e9s par l\u2019urgence administrative.<\/p>\n<p class=\"isSelectedEnd\" style=\"text-align: justify;\">Le syst\u00e8me judiciaire lui-m\u00eame a commenc\u00e9 \u00e0 montrer les signes de cette pression. Le Conseil g\u00e9n\u00e9ral du pouvoir judiciaire espagnol a demand\u00e9 le renforcement des tribunaux de Ceuta, notamment dans les domaines li\u00e9s aux violences contre les femmes et aux agressions sexuelles.<\/p>\n<p class=\"isSelectedEnd\" style=\"text-align: justify;\">La crise avait donc chang\u00e9 de terrain.<\/p>\n<p class=\"isSelectedEnd\" style=\"text-align: justify;\">Elle n\u2019\u00e9tait plus seulement visible sur les plages et autour des barri\u00e8res frontali\u00e8res. Elle se retrouvait d\u00e9sormais dans les commissariats, les centres d\u2019accueil, les services sociaux, les cabinets m\u00e9dicaux et les salles d\u2019audience.<\/p>\n<h2 style=\"text-align: justify;\">Ce que les chiffres ne disent pas encore<\/h2>\n<p class=\"isSelectedEnd\" style=\"text-align: justify;\">Le chiffre de 23 n\u2019est pas d\u00e9finitif.<\/p>\n<p class=\"isSelectedEnd\" style=\"text-align: justify;\">Quelques jours auparavant, la procureure g\u00e9n\u00e9rale \u00e9voquait 16 agressions sexuelles et 17 victimes. Le nombre est ensuite pass\u00e9 \u00e0 23 agressions, dont cinq viols, avec neuf mineures parmi les victimes.<\/p>\n<p class=\"isSelectedEnd\" style=\"text-align: justify;\">Cette \u00e9volution ne signifie pas n\u00e9cessairement que toutes ces agressions se sont produites dans l\u2019intervalle. Elle peut aussi traduire l\u2019arriv\u00e9e progressive de nouvelles plaintes, l\u2019identification de faits suppl\u00e9mentaires et l\u2019avancement des enqu\u00eates.<\/p>\n<p class=\"isSelectedEnd\" style=\"text-align: justify;\">Nous parlons donc de <strong>dossiers en cours d\u2019instruction, et non de 23 condamnations judiciaires d\u00e9finitives<\/strong>.<\/p>\n<p class=\"isSelectedEnd\" style=\"text-align: justify;\">Mais une chose est d\u00e9j\u00e0 suffisamment claire : pour les femmes et les jeunes filles arriv\u00e9es \u00e0 Ceuta pendant la vague de juillet, la crise ne s\u2019est pas arr\u00eat\u00e9e au moment du franchissement de la fronti\u00e8re.<\/p>\n<blockquote class=\"wp-embedded-content\" data-secret=\"OxFmumrT3y\"><p><a href=\"https:\/\/elfarodeceuta.es\/fiscalia-agresiones-sexuales-ceuta-crisis-migratoria\/\">La Fiscal\u00eda registra 23 agresiones sexuales en Ceuta durante la crisis migratoria<\/a><\/p><\/blockquote>\n<p><iframe loading=\"lazy\" class=\"wp-embedded-content\" sandbox=\"allow-scripts\" security=\"restricted\" style=\"position: absolute; visibility: hidden;\" title=\"\u00abLa Fiscal\u00eda registra 23 agresiones sexuales en Ceuta durante la crisis migratoria\u00bb \u2014 El Faro de Ceuta\" src=\"https:\/\/elfarodeceuta.es\/fiscalia-agresiones-sexuales-ceuta-crisis-migratoria\/embed\/#?secret=LlUf8tcwZn#?secret=OxFmumrT3y\" data-secret=\"OxFmumrT3y\" width=\"600\" height=\"338\" frameborder=\"0\" marginwidth=\"0\" marginheight=\"0\" scrolling=\"no\"><\/iframe><\/p>\n<p class=\"isSelectedEnd\" style=\"text-align: justify;\">Elle a commenc\u00e9 une deuxi\u00e8me phase.<\/p>\n<p class=\"isSelectedEnd\" style=\"text-align: justify;\">La premi\u00e8re \u00e9tait spectaculaire : des milliers de personnes sur les plages, des forces de s\u00e9curit\u00e9, des barri\u00e8res, la mer et les images diffus\u00e9es en continu.<\/p>\n<p class=\"isSelectedEnd\" style=\"text-align: justify;\">La seconde est beaucoup moins visible. Une jeune fille qui cherche un endroit s\u00fbr. Une victime qui doit \u00eatre soign\u00e9e, \u00e9cout\u00e9e et accompagn\u00e9e juridiquement. Un dossier qui doit \u00eatre instruit. Une institution qui doit prot\u00e9ger des personnes qu\u2019elle n\u2019\u00e9tait pas pr\u00e9par\u00e9e \u00e0 accueillir en si grand nombre.<\/p>\n<p class=\"isSelectedEnd\" style=\"text-align: justify;\">C\u2019est probablement l\u00e0 que se trouve la v\u00e9ritable port\u00e9e du chiffre annonc\u00e9 par le parquet.<\/p>\n<p class=\"isSelectedEnd\" style=\"text-align: justify;\"><strong>Les 23 agressions sexuelles n\u2019expliquent pas \u00e0 elles seules la crise de Ceuta. Elles montrent cependant que la crise n\u2019a pas pris fin lorsque la fronti\u00e8re s\u2019est calm\u00e9e. Elle s\u2019est d\u00e9plac\u00e9e \u00e0 l\u2019int\u00e9rieur de la ville, o\u00f9 la capacit\u00e9 de l\u2019\u00c9tat \u00e0 prot\u00e9ger, soigner et rendre justice constitue d\u00e9sormais le v\u00e9ritable test de l\u2019apr\u00e8s-30 juillet.<\/strong><\/p>\n<p class=\"isSelectedEnd\" style=\"text-align: justify;\">Les prochains chiffres seront importants. Pas seulement pour savoir combien d\u2019agressions auront finalement \u00e9t\u00e9 \u00e9tablies, mais pour mesurer si les institutions auront r\u00e9ussi \u00e0 combler les failles apparues durant les premi\u00e8res semaines.<\/p>\n<p style=\"text-align: justify;\">C\u2019est loin de la fronti\u00e8re, dans ces espaces beaucoup moins visibles, que se mesure d\u00e9sormais le v\u00e9ritable co\u00fbt de la crise du 30 juillet.<\/p>\n","protected":false},"excerpt":{"rendered":"<p>La crise de Ceuta ne se mesure d\u00e9sormais plus seulement au nombre de personnes entr\u00e9es dans la ville \u00e0 la fin du mois de juillet, ni \u00e0 celles qui ont ensuite \u00e9t\u00e9 reconduites ou ont quitt\u00e9 le territoire. Un mois plus tard, ses cons\u00e9quences apparaissent ailleurs : dans les dispositifs de protection, dans les tribunaux, [&hellip;]<\/p>\n","protected":false},"author":3,"featured_media":2927,"comment_status":"open","ping_status":"open","sticky":false,"template":"","format":"standard","meta":{"footnotes":""},"categories":[28,40,32,36,25,49,29],"tags":[],"class_list":["post-2926","post","type-post","status-publish","format-standard","has-post-thumbnail","category-afrique","category-afrique-m-o","category-amerique","category-asie","category-europ","category-le-maghreb","category-moyen-orient"],"_links":{"self":[{"href":"https:\/\/diplomatique.ma\/fr\/wp-json\/wp\/v2\/posts\/2926","targetHints":{"allow":["GET"]}}],"collection":[{"href":"https:\/\/diplomatique.ma\/fr\/wp-json\/wp\/v2\/posts"}],"about":[{"href":"https:\/\/diplomatique.ma\/fr\/wp-json\/wp\/v2\/types\/post"}],"author":[{"embeddable":true,"href":"https:\/\/diplomatique.ma\/fr\/wp-json\/wp\/v2\/users\/3"}],"replies":[{"embeddable":true,"href":"https:\/\/diplomatique.ma\/fr\/wp-json\/wp\/v2\/comments?post=2926"}],"version-history":[{"count":1,"href":"https:\/\/diplomatique.ma\/fr\/wp-json\/wp\/v2\/posts\/2926\/revisions"}],"predecessor-version":[{"id":2928,"href":"https:\/\/diplomatique.ma\/fr\/wp-json\/wp\/v2\/posts\/2926\/revisions\/2928"}],"wp:featuredmedia":[{"embeddable":true,"href":"https:\/\/diplomatique.ma\/fr\/wp-json\/wp\/v2\/media\/2927"}],"wp:attachment":[{"href":"https:\/\/diplomatique.ma\/fr\/wp-json\/wp\/v2\/media?parent=2926"}],"wp:term":[{"taxonomy":"category","embeddable":true,"href":"https:\/\/diplomatique.ma\/fr\/wp-json\/wp\/v2\/categories?post=2926"},{"taxonomy":"post_tag","embeddable":true,"href":"https:\/\/diplomatique.ma\/fr\/wp-json\/wp\/v2\/tags?post=2926"}],"curies":[{"name":"wp","href":"https:\/\/api.w.org\/{rel}","templated":true}]}}