{"id":2932,"date":"2026-09-01T12:29:43","date_gmt":"2026-09-01T12:29:43","guid":{"rendered":"https:\/\/diplomatique.ma\/fr\/?p=2932"},"modified":"2026-09-01T12:29:43","modified_gmt":"2026-09-01T12:29:43","slug":"tanger-en-mars-plutot-quen-octobre-une-decision-qui-redessine-la-saison-cinematographique-marocaine","status":"publish","type":"post","link":"https:\/\/diplomatique.ma\/fr\/tanger-en-mars-plutot-quen-octobre-une-decision-qui-redessine-la-saison-cinematographique-marocaine\/","title":{"rendered":"Tanger en mars plut\u00f4t qu\u2019en octobre\u2026 une d\u00e9cision qui redessine la saison cin\u00e9matographique marocaine"},"content":{"rendered":"<p class=\"isSelectedEnd\" style=\"text-align: justify;\">Le changement de calendrier du <a href=\"https:\/\/www.ccm.ma\/actualite-2324\">Festival national du film de Tanger<\/a>, d\u00e9plac\u00e9 d\u2019octobre \u00e0 mars, n\u2019est pas qu\u2019un simple ajustement de date. En r\u00e9pondant favorablement aux demandes formul\u00e9es par plusieurs organisations professionnelles et acteurs de l\u2019industrie cin\u00e9matographique, le Centre cin\u00e9matographique marocain op\u00e8re un choix qui renvoie \u00e0 une r\u00e9flexion plus large sur la mani\u00e8re d\u2019organiser le calendrier des manifestations cin\u00e9matographiques au Maroc, mais aussi sur la place du festival national dans le parcours des films marocains vers les grandes manifestations internationales.<\/p>\n<p class=\"isSelectedEnd\" style=\"text-align: justify;\">La 26e \u00e9dition, initialement pr\u00e9vue \u00e0 Tanger du 23 au 31 octobre 2026, sera finalement organis\u00e9e en mars 2027. Le Centre ne pr\u00e9sente pas cette d\u00e9cision comme un abandon du calendrier initial, mais comme une r\u00e9ponse \u00e0 une pr\u00e9occupation exprim\u00e9e par les professionnels : la concentration des festivals et manifestations cin\u00e9matographiques au mois d\u2019octobre, avec les difficult\u00e9s que cela peut entra\u00eener pour les professionnels comme pour les films marocains.<\/p>\n<p class=\"isSelectedEnd\" style=\"text-align: justify;\">\u00c0 premi\u00e8re vue, il ne s\u2019agit que d\u2019un changement de date. Dans une industrie cin\u00e9matographique, pourtant, le calendrier peut \u00eatre tout sauf secondaire.<\/p>\n<p class=\"isSelectedEnd\" style=\"text-align: justify;\">Le Festival national du film constitue un rendez-vous majeur de la production cin\u00e9matographique marocaine. C\u2019est l\u00e0 que les films rencontrent leurs publics, les professionnels, les critiques et les institutions, dans un espace qui ne se limite pas \u00e0 la comp\u00e9tition et \u00e0 la remise des prix. Depuis sa cr\u00e9ation en 1982, le festival s\u2019est progressivement impos\u00e9 comme l\u2019un des rendez-vous structurants de la vie cin\u00e9matographique nationale.<\/p>\n<p class=\"isSelectedEnd\" style=\"text-align: justify;\">La v\u00e9ritable question pos\u00e9e par ce changement n\u2019est donc pas seulement de savoir pourquoi mars plut\u00f4t qu\u2019octobre. Elle est de comprendre <strong>ce que ce d\u00e9placement peut changer dans la place du festival au sein de la saison cin\u00e9matographique marocaine.<\/strong><\/p>\n<h2 style=\"text-align: justify;\">Octobre est devenu trop charg\u00e9<\/h2>\n<p class=\"isSelectedEnd\" style=\"text-align: justify;\">La justification avanc\u00e9e par le Centre cin\u00e9matographique marocain est claire : le mois d\u2019octobre concentre d\u00e9sormais un nombre important de festivals et de manifestations cin\u00e9matographiques nationales et internationales, ce qui peut cr\u00e9er des chevauchements et compliquer la participation des professionnels, des invit\u00e9s et des films.<\/p>\n<p class=\"isSelectedEnd\" style=\"text-align: justify;\">Cette situation est aussi le r\u00e9sultat d\u2019une \u00e9volution positive du paysage cin\u00e9matographique marocain. Le pays dispose aujourd\u2019hui d\u2019une carte de festivals beaucoup plus dense, avec des rendez-vous consacr\u00e9s \u00e0 diff\u00e9rentes formes de cin\u00e9ma, \u00e0 diff\u00e9rents territoires et \u00e0 diff\u00e9rents publics.<\/p>\n<p class=\"isSelectedEnd\" style=\"text-align: justify;\">Le probl\u00e8me n\u2019est donc pas n\u00e9cessairement le nombre de festivals. Cette diversit\u00e9 peut au contraire \u00eatre le signe d\u2019un secteur vivant.<\/p>\n<p class=\"isSelectedEnd\" style=\"text-align: justify;\">La difficult\u00e9 appara\u00eet lorsque plusieurs manifestations sollicitent, au m\u00eame moment, les m\u00eames films, les m\u00eames r\u00e9alisateurs, les m\u00eames producteurs, les m\u00eames journalistes, les m\u00eames critiques et parfois le m\u00eame public.<\/p>\n<p class=\"isSelectedEnd\" style=\"text-align: justify;\">\u00c0 ce moment-l\u00e0, la richesse du calendrier peut finir par produire de la dispersion.<\/p>\n<p class=\"isSelectedEnd\" style=\"text-align: justify;\">Le choix de mars peut ainsi \u00eatre lu comme une tentative de r\u00e9duire cette pression, plut\u00f4t que comme une simple modification administrative du calendrier d\u2019une \u00e9dition.<\/p>\n<h2 style=\"text-align: justify;\">Le film ne s\u2019arr\u00eate pas au festival<\/h2>\n<p class=\"isSelectedEnd\" style=\"text-align: justify;\">Il existe \u00e9galement une dimension professionnelle qui rend la question du calendrier particuli\u00e8rement sensible.<\/p>\n<p class=\"isSelectedEnd\" style=\"text-align: justify;\">Un film pr\u00e9sent\u00e9 dans un festival national poursuit g\u00e9n\u00e9ralement sa trajectoire au-del\u00e0 de cet \u00e9v\u00e9nement. Pour un producteur ou un r\u00e9alisateur, l\u2019ordre et le moment des premi\u00e8res projections peuvent faire partie d\u2019une strat\u00e9gie destin\u00e9e \u00e0 acc\u00e9der ensuite \u00e0 d\u2019autres festivals, \u00e0 des march\u00e9s professionnels ou \u00e0 des opportunit\u00e9s de distribution.<\/p>\n<p class=\"isSelectedEnd\" style=\"text-align: justify;\">C\u2019est dans ce contexte que prend tout son sens la r\u00e9f\u00e9rence faite par le Centre aux conditions li\u00e9es aux premi\u00e8res et aux priorit\u00e9s de pr\u00e9sentation dans certains grands festivals internationaux.<\/p>\n<p class=\"isSelectedEnd\" style=\"text-align: justify;\">Le calendrier national peut donc avoir des cons\u00e9quences sur la strat\u00e9gie internationale d\u2019un film.<\/p>\n<p class=\"isSelectedEnd\" style=\"text-align: justify;\">Le d\u00e9placement vers mars pourrait, en th\u00e9orie, offrir aux productions marocaines une marge de man\u0153uvre plus importante avant certaines \u00e9ch\u00e9ances internationales de l\u2019ann\u00e9e.<\/p>\n<p class=\"isSelectedEnd\" style=\"text-align: justify;\">Il ne faudrait \u00e9videmment pas lui attribuer une port\u00e9e qu\u2019il ne peut, \u00e0 lui seul, avoir. La pr\u00e9sence internationale d\u2019un film d\u00e9pend \u00e9galement de sa qualit\u00e9, de sa strat\u00e9gie de distribution, des r\u00e9seaux professionnels et des choix des producteurs.<\/p>\n<p class=\"isSelectedEnd\" style=\"text-align: justify;\">Mais un calendrier moins satur\u00e9 peut constituer un avantage.<\/p>\n<h2 style=\"text-align: justify;\">Tanger ouvre la saison<\/h2>\n<p class=\"isSelectedEnd\" style=\"text-align: justify;\">La partie la plus significative de la d\u00e9cision se trouve peut-\u00eatre dans la fonction nouvelle que le Centre souhaite donner au rendez-vous tang\u00e9rois.<\/p>\n<p class=\"isSelectedEnd\" style=\"text-align: justify;\">Organis\u00e9 en mars, le Festival national du film doit devenir <strong>le premier grand rendez-vous cin\u00e9matographique de l\u2019ann\u00e9e au Maroc<\/strong>, et ainsi contribuer au lancement de la saison cin\u00e9matographique nationale.<\/p>\n<p class=\"isSelectedEnd\" style=\"text-align: justify;\">Cette \u00e9volution pourrait modifier progressivement la fonction du festival.<\/p>\n<p class=\"isSelectedEnd\" style=\"text-align: justify;\">Au lieu d\u2019arriver dans une p\u00e9riode d\u00e9j\u00e0 tr\u00e8s charg\u00e9e, Tanger pourrait ouvrir l\u2019ann\u00e9e cin\u00e9matographique, \u00e0 un moment o\u00f9 l\u2019attention professionnelle et m\u00e9diatique est davantage concentr\u00e9e sur la production nationale.<\/p>\n<p class=\"isSelectedEnd\" style=\"text-align: justify;\">Le festival pourrait alors \u00eatre \u00e0 la fois un lieu de pr\u00e9sentation des films, un espace de dialogue professionnel et un moment permettant de regarder vers l\u2019ann\u00e9e qui commence.<\/p>\n<p class=\"isSelectedEnd\" style=\"text-align: justify;\">Cette orientation reste coh\u00e9rente avec la vocation historique du festival : pr\u00e9senter les productions nationales, favoriser les \u00e9changes entre professionnels et nourrir le d\u00e9bat sur l\u2019\u00e9volution de l\u2019industrie cin\u00e9matographique marocaine.<\/p>\n<p class=\"isSelectedEnd\" style=\"text-align: justify;\">Si cette nouvelle place se confirme, Tanger n\u2019aura donc pas seulement chang\u00e9 de date. <strong>Elle aura chang\u00e9 de position dans le calendrier.<\/strong><\/p>\n<h2 style=\"text-align: justify;\">Et Marrakech dans le prolongement international<\/h2>\n<p class=\"isSelectedEnd\" style=\"text-align: justify;\">Le projet ne s\u2019arr\u00eate pas \u00e0 Tanger. Dans son communiqu\u00e9, le Centre cin\u00e9matographique marocain inscrit le nouveau calendrier dans une logique qui relie le d\u00e9but de la saison nationale au rayonnement international port\u00e9 notamment par le Festival international du film de Marrakech.<\/p>\n<p class=\"isSelectedEnd\" style=\"text-align: justify;\">Cette articulation m\u00e9rite d\u2019\u00eatre observ\u00e9e.<\/p>\n<p class=\"isSelectedEnd\" style=\"text-align: justify;\">Tanger pourrait devenir, en mars, un premier grand rendez-vous national consacr\u00e9 \u00e0 la production marocaine, aux professionnels et aux talents. Les films et les cr\u00e9ateurs poursuivraient ensuite leurs trajectoires respectives vers les diff\u00e9rents rendez-vous internationaux de l\u2019ann\u00e9e, avant que Marrakech ne constitue, en fin d\u2019ann\u00e9e, l\u2019une des principales vitrines internationales du cin\u00e9ma au Maroc.<\/p>\n<p class=\"isSelectedEnd\" style=\"text-align: justify;\">Il ne s\u2019agit pas n\u00e9cessairement d\u2019opposer Tanger \u00e0 Marrakech. Au contraire, la nouvelle r\u00e9partition des dates peut permettre d\u2019imaginer une forme de compl\u00e9mentarit\u00e9 entre leurs fonctions.<\/p>\n<p class=\"isSelectedEnd\" style=\"text-align: justify;\">Tanger au d\u00e9but de la saison. Marrakech dans son prolongement international.<\/p>\n<p class=\"isSelectedEnd\" style=\"text-align: justify;\">Entre les deux, une ann\u00e9e enti\u00e8re pour que les films circulent, que les projets m\u00fbrissent et que les talents rencontrent de nouveaux interlocuteurs.<\/p>\n<h2 style=\"text-align: justify;\">Une d\u00e9cision dont la v\u00e9ritable mesure viendra apr\u00e8s mars 2027<\/h2>\n<p class=\"isSelectedEnd\" style=\"text-align: justify;\">Le d\u00e9placement du festival constitue cependant une premi\u00e8re \u00e9tape, pas encore un r\u00e9sultat.<\/p>\n<p class=\"isSelectedEnd\" style=\"text-align: justify;\">Le v\u00e9ritable test commencera en mars 2027.<\/p>\n<p class=\"isSelectedEnd\" style=\"text-align: justify;\">Les professionnels constateront-ils une r\u00e9elle diminution de la pression sur le calendrier ? Les films marocains disposeront-ils d\u2019une meilleure marge pour organiser leurs parcours internationaux ? Le festival parviendra-t-il \u00e0 s\u2019imposer comme le v\u00e9ritable point de d\u00e9part de la saison cin\u00e9matographique nationale ?<\/p>\n<p class=\"isSelectedEnd\" style=\"text-align: justify;\">Il est encore trop t\u00f4t pour r\u00e9pondre.<\/p>\n<p class=\"isSelectedEnd\" style=\"text-align: justify;\">Mais une chose est d\u00e9j\u00e0 visible : le Centre cin\u00e9matographique marocain a choisi de traiter une demande exprim\u00e9e par les professionnels comme une question qui concerne l\u2019organisation g\u00e9n\u00e9rale du secteur, et non comme une difficult\u00e9 limit\u00e9e \u00e0 une seule \u00e9dition.<\/p>\n<p class=\"isSelectedEnd\" style=\"text-align: justify;\">C\u2019est pr\u00e9cis\u00e9ment ce qui donne \u00e0 la d\u00e9cision sa port\u00e9e professionnelle.<\/p>\n<p class=\"isSelectedEnd\" style=\"text-align: justify;\">Le Festival national du film n\u2019appartient pas uniquement \u00e0 ceux qui l\u2019organisent. Par sa nature et par sa place dans l\u2019\u00e9cosyst\u00e8me national, il appartient aussi \u00e0 l\u2019industrie cin\u00e9matographique marocaine, \u00e0 ses cr\u00e9ateurs et \u00e0 l\u2019image que le cin\u00e9ma marocain souhaite projeter au-del\u00e0 de ses fronti\u00e8res.<\/p>\n<p class=\"isSelectedEnd\" style=\"text-align: justify;\">Repenser son calendrier peut donc \u00eatre utile si ce changement de date devient le point de d\u00e9part d\u2019une r\u00e9flexion plus large sur la compl\u00e9mentarit\u00e9 des festivals, la circulation des films et la coordination des rendez-vous professionnels.<\/p>\n<p class=\"isSelectedEnd\" style=\"text-align: justify;\">Au fond, le succ\u00e8s de mars ne se mesurera pas au fait qu\u2019il aura simplement remplac\u00e9 octobre.<\/p>\n<p class=\"isSelectedEnd\" style=\"text-align: justify;\">Il se mesurera \u00e0 sa capacit\u00e9 \u00e0 devenir <strong>un meilleur point de d\u00e9part pour le film marocain<\/strong> : un d\u00e9but de saison, un espace de visibilit\u00e9 pour les talents et les productions nationales, et une \u00e9tape qui donne aux films davantage de temps et de possibilit\u00e9s pour trouver leur chemin vers l\u2019international.<\/p>\n<p style=\"text-align: justify;\">C\u2019est peut-\u00eatre l\u00e0 que se trouve le v\u00e9ritable sens d\u2019un changement qui, en apparence, ne porte que sur une date.<\/p>\n","protected":false},"excerpt":{"rendered":"<p>Le changement de calendrier du Festival national du film de Tanger, d\u00e9plac\u00e9 d\u2019octobre \u00e0 mars, n\u2019est pas qu\u2019un simple ajustement de date. En r\u00e9pondant favorablement aux demandes formul\u00e9es par plusieurs organisations professionnelles et acteurs de l\u2019industrie cin\u00e9matographique, le Centre cin\u00e9matographique marocain op\u00e8re un choix qui renvoie \u00e0 une r\u00e9flexion plus large sur la mani\u00e8re d\u2019organiser [&hellip;]<\/p>\n","protected":false},"author":3,"featured_media":2933,"comment_status":"open","ping_status":"open","sticky":false,"template":"","format":"standard","meta":{"footnotes":""},"categories":[51,53,54],"tags":[],"class_list":["post-2932","post","type-post","status-publish","format-standard","has-post-thumbnail","category-diplomatie-culturelle","category-diplomatie-visuelle","category-festival-national-du-film-de-tanger"],"_links":{"self":[{"href":"https:\/\/diplomatique.ma\/fr\/wp-json\/wp\/v2\/posts\/2932","targetHints":{"allow":["GET"]}}],"collection":[{"href":"https:\/\/diplomatique.ma\/fr\/wp-json\/wp\/v2\/posts"}],"about":[{"href":"https:\/\/diplomatique.ma\/fr\/wp-json\/wp\/v2\/types\/post"}],"author":[{"embeddable":true,"href":"https:\/\/diplomatique.ma\/fr\/wp-json\/wp\/v2\/users\/3"}],"replies":[{"embeddable":true,"href":"https:\/\/diplomatique.ma\/fr\/wp-json\/wp\/v2\/comments?post=2932"}],"version-history":[{"count":1,"href":"https:\/\/diplomatique.ma\/fr\/wp-json\/wp\/v2\/posts\/2932\/revisions"}],"predecessor-version":[{"id":2934,"href":"https:\/\/diplomatique.ma\/fr\/wp-json\/wp\/v2\/posts\/2932\/revisions\/2934"}],"wp:featuredmedia":[{"embeddable":true,"href":"https:\/\/diplomatique.ma\/fr\/wp-json\/wp\/v2\/media\/2933"}],"wp:attachment":[{"href":"https:\/\/diplomatique.ma\/fr\/wp-json\/wp\/v2\/media?parent=2932"}],"wp:term":[{"taxonomy":"category","embeddable":true,"href":"https:\/\/diplomatique.ma\/fr\/wp-json\/wp\/v2\/categories?post=2932"},{"taxonomy":"post_tag","embeddable":true,"href":"https:\/\/diplomatique.ma\/fr\/wp-json\/wp\/v2\/tags?post=2932"}],"curies":[{"name":"wp","href":"https:\/\/api.w.org\/{rel}","templated":true}]}}