{"id":2935,"date":"2026-09-01T15:59:09","date_gmt":"2026-09-01T15:59:09","guid":{"rendered":"https:\/\/diplomatique.ma\/fr\/?p=2935"},"modified":"2026-09-01T15:59:09","modified_gmt":"2026-09-01T15:59:09","slug":"expulser-lambassadeur-du-maroc-comment-une-crise-migratoire-se-transforme-en-crise-diplomatique","status":"publish","type":"post","link":"https:\/\/diplomatique.ma\/fr\/expulser-lambassadeur-du-maroc-comment-une-crise-migratoire-se-transforme-en-crise-diplomatique\/","title":{"rendered":"Expulser l\u2019ambassadeur du Maroc ? Comment une crise migratoire se transforme en crise diplomatique"},"content":{"rendered":"<p class=\"isSelectedEnd\" style=\"text-align: justify;\">\u00c0 Ceuta, l\u2019histoire a commenc\u00e9 par une crise \u00e0 la fronti\u00e8re. Quelques semaines plus tard, elle est arriv\u00e9e jusqu\u2019\u00e0 l\u2019ambassadeur du Maroc.<\/p>\n<p class=\"isSelectedEnd\" style=\"text-align: justify;\">Vox demande d\u00e9sormais la suspension du trait\u00e9 d\u2019amiti\u00e9, de bon voisinage et de coop\u00e9ration avec le Maroc, le rappel de l\u2019ambassadeur espagnol \u00e0 Rabat et l\u2019expulsion de l\u2019ambassadeur marocain de Madrid.<\/p>\n<blockquote class=\"twitter-tweet\" data-width=\"550\" data-dnt=\"true\">\n<p lang=\"ar\" dir=\"rtl\">\ud83c\uddf2\ud83c\udde6\ud83c\uddea\ud83c\uddf8 \u0637\u0631\u062f \u0633\u0641\u064a\u0631 \u0627\u0644\u0645\u063a\u0631\u0628\u061f \u0639\u0646\u062f\u0645\u0627 \u062a\u0639\u062c\u0632 \u0627\u0644\u0633\u064a\u0627\u0633\u0629 \u0639\u0646 \u062d\u0644 \u0623\u0632\u0645\u0629 \u0633\u0628\u062a\u0629\u060c \u064a\u0635\u0628\u062d \u0627\u0644\u0645\u063a\u0631\u0628 \u0634\u0645\u0627\u0639\u0629 \u062c\u0627\u0647\u0632\u0629.<\/p>\n<p>\u0627\u0644\u062f\u0648\u0644\u0629 \u0630\u0627\u062a \u0627\u0644\u0633\u064a\u0627\u062f\u0629 \u0644\u0627 \u062a\u0628\u0646\u064a \u0642\u0631\u0627\u0631\u0627\u062a\u0647\u0627 \u0639\u0644\u0649 \u0627\u0644\u062a\u062d\u0631\u064a\u0636 \u0648\u0627\u0644\u0627\u062a\u0647\u0627\u0645\u0627\u062a\u060c \u0628\u0644 \u0639\u0644\u0649 \u0627\u0644\u0623\u062f\u0644\u0629 \u0648\u0627\u0644\u0645\u0633\u0624\u0648\u0644\u064a\u0629 \u0648\u0627\u0644\u062d\u0648\u0627\u0631.<\/p>\n<p>\u0633\u0628\u062a\u0629 \u0644\u0627 \u062a\u062d\u062a\u0627\u062c \u0625\u0644\u0649 \u0645\u0632\u064a\u062f \u0645\u0646 \u0627\u0644\u062a\u0635\u0639\u064a\u062f\u2026 \u0628\u0644 \u0625\u0644\u0649 \u0627\u0644\u062d\u0642\u064a\u0642\u0629. <a href=\"https:\/\/t.co\/UElMoJ0geF\">pic.twitter.com\/UElMoJ0geF<\/a><\/p>\n<p>&mdash; Diplomatique.ma \u0627\u0644\u062f\u0628\u0644\u0648\u0645\u0627\u0633\u064a\u0629 (@diplomatique_ma) <a href=\"https:\/\/x.com\/diplomatique_ma\/status\/2094796364894863373?ref_src=twsrc%5Etfw\">September 1, 2026<\/a><\/p><\/blockquote>\n<p><script async src=\"https:\/\/platform.x.com\/widgets.js\" charset=\"utf-8\"><\/script><\/p>\n<p class=\"isSelectedEnd\" style=\"text-align: justify;\">La demande intervient alors que le gouvernement de Pedro S\u00e1nchez affirme que ses services de s\u00e9curit\u00e9 et de renseignement ne lui ont fourni aucune information \u00e9tablissant une implication des autorit\u00e9s marocaines dans la vague d\u2019entr\u00e9es massives enregistr\u00e9e dans la ville les 30 et 31 juillet.<\/p>\n<p class=\"isSelectedEnd\" style=\"text-align: justify;\">Entre ces deux positions, une autre histoire est en train de se construire, qui d\u00e9passe largement ce qui s\u2019est pass\u00e9 \u00e0 la fronti\u00e8re.<\/p>\n<p class=\"isSelectedEnd\" style=\"text-align: justify;\">Sommes-nous face \u00e0 une crise migratoire devenue crise diplomatique, ou face \u00e0 une crise migratoire d\u00e9sormais utilis\u00e9e pour rouvrir des dossiers plus anciens dans les relations entre Madrid et Rabat ?<\/p>\n<p class=\"isSelectedEnd\" style=\"text-align: justify;\">D\u00e8s les premiers jours, Vox n\u2019a pas attendu que le tableau soit complet.<\/p>\n<p class=\"isSelectedEnd\" style=\"text-align: justify;\">Le 30 juillet, un responsable du parti \u00e0 Ceuta parlait d\u2019\u00ab invasion \u00bb et demandait la fermeture de la fronti\u00e8re ainsi que l\u2019envoi de l\u2019arm\u00e9e. Quelques jours plus tard, le discours allait plus loin, avec l\u2019\u00e9vocation d\u2019une \u00ab op\u00e9ration hybride \u00bb marocaine et de l\u2019utilisation de la migration comme arme g\u00e9opolitique. Le 2 ao\u00fbt, le dirigeant du parti, Santiago Abascal, r\u00e9clamait la militarisation de la fronti\u00e8re.<\/p>\n<p class=\"isSelectedEnd\" style=\"text-align: justify;\">La nouvelle initiative est d\u2019une autre nature. Elle ne concerne plus seulement la gestion de la fronti\u00e8re ou la politique migratoire. Elle vise le cadre qui r\u00e9git une partie importante des relations entre Madrid et Rabat depuis le trait\u00e9 de 1991.<\/p>\n<p class=\"isSelectedEnd\" style=\"text-align: justify;\">C\u2019est ce qui donne \u00e0 la demande d\u2019expulsion de l\u2019ambassadeur une port\u00e9e qui d\u00e9passe le simple durcissement du discours politique sur Ceuta.<\/p>\n<h3 style=\"text-align: justify;\">Que sait r\u00e9ellement Madrid ?<\/h3>\n<p class=\"isSelectedEnd\" style=\"text-align: justify;\">C\u2019est l\u00e0 que les d\u00e9clarations de S\u00e1nchez prennent leur importance.<\/p>\n<p class=\"isSelectedEnd\" style=\"text-align: justify;\">Le chef du gouvernement espagnol n\u2019a pas minimis\u00e9 la gravit\u00e9 de ce qui s\u2019est produit \u00e0 Ceuta et n\u2019a pas pr\u00e9tendu que la fronti\u00e8re n\u2019avait pas \u00e9t\u00e9 soumise \u00e0 une \u00e9preuve s\u00e9curitaire majeure.<\/p>\n<p class=\"isSelectedEnd\" style=\"text-align: justify;\">Son propos est plus pr\u00e9cis : selon les informations transmises \u00e0 son gouvernement par les services de s\u00e9curit\u00e9 et de renseignement, aucun \u00e9l\u00e9ment ne permet d\u2019\u00e9tablir une participation des autorit\u00e9s marocaines \u00e0 cette vague d\u2019entr\u00e9es.<\/p>\n<p class=\"isSelectedEnd\" style=\"text-align: justify;\">En parall\u00e8le, il a avanc\u00e9 une autre explication pour une partie de la crise.<\/p>\n<p class=\"isSelectedEnd\" style=\"text-align: justify;\">Il a \u00e9voqu\u00e9 la diffusion de fausses informations sur les r\u00e9seaux sociaux, notamment des affirmations selon lesquelles les migrants arrivant \u00e0 Ceuta par la mer pourraient rester en Espagne. Il a \u00e9galement affirm\u00e9 qu\u2019une \u00e9tude du Service europ\u00e9en pour l\u2019action ext\u00e9rieure avait conclu, selon sa pr\u00e9sentation, \u00e0 l\u2019implication de r\u00e9seaux russes, isra\u00e9liens et d\u2019extr\u00eame droite dans la diffusion de ces informations.<\/p>\n<p class=\"isSelectedEnd\" style=\"text-align: justify;\">Moscou a rejet\u00e9 ces accusations.<\/p>\n<p class=\"isSelectedEnd\" style=\"text-align: justify;\">Mais il y a une diff\u00e9rence entre \u00e9tablir qu\u2019une information trompeuse a circul\u00e9, identifier ceux qui l\u2019ont produite et d\u00e9montrer ensuite qu\u2019elle a effectivement pouss\u00e9 des milliers de personnes \u00e0 se diriger vers Ceuta. Chaque \u00e9tape de cette cha\u00eene n\u00e9cessite des \u00e9l\u00e9ments de preuve distincts.<\/p>\n<p class=\"isSelectedEnd\" style=\"text-align: justify;\">Pour l\u2019instant, Madrid n\u2019a pas rendu publics tous les \u00e9l\u00e9ments permettant de transformer cette hypoth\u00e8se en v\u00e9rit\u00e9 \u00e9tablie.<\/p>\n<p class=\"isSelectedEnd\" style=\"text-align: justify;\">Ce point ne peut pas \u00eatre \u00e9cart\u00e9.<\/p>\n<h3 style=\"text-align: justify;\">Le Maroc au c\u0153ur de la crise, m\u00eame sans preuve publique<\/h3>\n<p class=\"isSelectedEnd\" style=\"text-align: justify;\">La pr\u00e9sence du Maroc dans le d\u00e9bat politique espagnol n\u2019a rien de surprenant.<\/p>\n<p class=\"isSelectedEnd\" style=\"text-align: justify;\">Ceuta et Melilla restent deux dossiers sensibles dans les relations entre les deux pays. La migration, les fronti\u00e8res et la coop\u00e9ration s\u00e9curitaire y sont directement li\u00e9s. Il suffit donc qu\u2019une crise majeure survienne \u00e0 Ceuta pour que resurgissent, dans le d\u00e9bat politique, des questions qui existaient d\u00e9j\u00e0 entre Madrid et Rabat.<\/p>\n<p class=\"isSelectedEnd\" style=\"text-align: justify;\">Mais l\u2019existence de ces diff\u00e9rends ne permet pas, \u00e0 elle seule, d\u2019\u00e9tablir la responsabilit\u00e9 du Maroc dans un \u00e9v\u00e9nement pr\u00e9cis.<\/p>\n<p class=\"isSelectedEnd\" style=\"text-align: justify;\">Si les enqu\u00eates espagnoles d\u00e9montrent ult\u00e9rieurement une implication officielle marocaine, Madrid disposera alors d\u2019une base diff\u00e9rente pour agir.<\/p>\n<p class=\"isSelectedEnd\" style=\"text-align: justify;\">Si ce n\u2019est pas le cas, les questions se d\u00e9placeront ailleurs : comment les informations ont-elles circul\u00e9 ? Qui se trouve derri\u00e8re les r\u00e9seaux qui les ont diffus\u00e9es ? Que savaient les autorit\u00e9s espagnoles avant l\u2019arriv\u00e9e des migrants ? Et pourquoi la crise a-t-elle pris une telle ampleur ?<\/p>\n<p class=\"isSelectedEnd\" style=\"text-align: justify;\">Ce sont des questions auxquelles les communiqu\u00e9s des partis ne peuvent pas r\u00e9pondre.<\/p>\n<h3 style=\"text-align: justify;\">Le probl\u00e8me, c\u2019est que la relation d\u00e9passe Ceuta<\/h3>\n<p class=\"isSelectedEnd\" style=\"text-align: justify;\">Politiquement, il est facile de transformer une crise migratoire en bataille autour de la s\u00e9curit\u00e9 et de la souverainet\u00e9.<\/p>\n<p class=\"isSelectedEnd\" style=\"text-align: justify;\">La politique \u00e9trang\u00e8re est plus complexe.<\/p>\n<p class=\"isSelectedEnd\" style=\"text-align: justify;\">L\u2019Espagne ne traite pas avec le Maroc sur un seul dossier. Il y a la coop\u00e9ration s\u00e9curitaire, la lutte contre l\u2019immigration irr\u00e9guli\u00e8re et les r\u00e9seaux de traite, le commerce et les int\u00e9r\u00eats \u00e9conomiques, auxquels s\u2019ajoutent les dossiers politiques et les diff\u00e9rends connus.<\/p>\n<p class=\"isSelectedEnd\" style=\"text-align: justify;\">La suspension du trait\u00e9 de 1991 ne serait donc pas comparable \u00e0 une simple d\u00e9claration \u00e9lectorale sur l\u2019immigration.<\/p>\n<p class=\"isSelectedEnd\" style=\"text-align: justify;\">Si elle devenait une politique officielle, elle rouvrirait simultan\u00e9ment un grand nombre de dossiers.<\/p>\n<p class=\"isSelectedEnd\" style=\"text-align: justify;\">Rien n\u2019indique, \u00e0 ce stade, que le gouvernement de S\u00e1nchez se dirige dans cette direction. Au contraire, le chef du gouvernement a d\u00e9clar\u00e9 que la gestion de la crise de Ceuta n\u00e9cessitait une coop\u00e9ration avec le Maroc.<\/p>\n<p class=\"isSelectedEnd\" style=\"text-align: justify;\">Cette diff\u00e9rence entre le gouvernement et Vox est importante pour comprendre la situation.<\/p>\n<p class=\"isSelectedEnd\" style=\"text-align: justify;\">Le parti voit dans la crise une occasion de durcir le discours sur les fronti\u00e8res et l\u2019immigration et de l\u2019articuler \u00e0 la question de la souverainet\u00e9. Le gouvernement, lui, cherche \u00e0 distinguer la protection de la fronti\u00e8re de la rupture des canaux de coop\u00e9ration avec Rabat.<\/p>\n<p class=\"isSelectedEnd\" style=\"text-align: justify;\">Il est encore trop t\u00f4t pour savoir lequel de ces deux discours p\u00e8sera le plus sur la politique espagnole.<\/p>\n<h3 style=\"text-align: justify;\">Que restera-t-il une fois la crise pass\u00e9e ?<\/h3>\n<p class=\"isSelectedEnd\" style=\"text-align: justify;\">Les enqu\u00eates peuvent encore r\u00e9v\u00e9ler des \u00e9l\u00e9ments susceptibles de modifier le tableau actuel.<\/p>\n<p class=\"isSelectedEnd\" style=\"text-align: justify;\">Elles peuvent aussi ne rien r\u00e9v\u00e9ler de tel.<\/p>\n<p class=\"isSelectedEnd\" style=\"text-align: justify;\">Si de nouvelles preuves \u00e9tablissaient une responsabilit\u00e9 officielle marocaine, Madrid devrait naturellement r\u00e9\u00e9valuer sa position. Si elles ne le faisaient pas, il deviendrait plus difficile d\u2019expliquer toute la crise par le seul Maroc.<\/p>\n<p class=\"isSelectedEnd\" style=\"text-align: justify;\">Dans les deux cas, une autre question restera pos\u00e9e : comment une information diffus\u00e9e sur les r\u00e9seaux sociaux peut-elle passer aussi rapidement d\u2019un \u00e9cran de t\u00e9l\u00e9phone \u00e0 un mouvement collectif de cette ampleur ?<\/p>\n<p class=\"isSelectedEnd\" style=\"text-align: justify;\">Cette question ne concerne pas uniquement le Maroc, ni uniquement l\u2019Espagne. Elle renvoie \u00e0 un probl\u00e8me plus large auquel les \u00c9tats sont d\u00e9sormais confront\u00e9s lorsque migration, d\u00e9sinformation num\u00e9rique, r\u00e9seaux criminels et politique int\u00e9rieure se croisent.<\/p>\n<p class=\"isSelectedEnd\" style=\"text-align: justify;\">C\u2019est pourquoi Ceuta r\u00e9v\u00e8le quelque chose qui d\u00e9passe la fronti\u00e8re elle-m\u00eame.<\/p>\n<p class=\"isSelectedEnd\" style=\"text-align: justify;\">La crise qui avait commenc\u00e9 avec l\u2019arriv\u00e9e de milliers de migrants est devenue une bataille autour de l\u2019interpr\u00e9tation des faits et de la d\u00e9signation des responsabilit\u00e9s. Pendant que le gouvernement espagnol affirme que les \u00e9l\u00e9ments disponibles ne d\u00e9signent pas le Maroc, Vox pousse vers une mesure diplomatique qui toucherait au c\u0153ur m\u00eame de la relation avec Rabat.<\/p>\n<p class=\"isSelectedEnd\" style=\"text-align: justify;\">La diff\u00e9rence entre ces deux positions n\u2019est pas secondaire.<\/p>\n<p class=\"isSelectedEnd\" style=\"text-align: justify;\">Elle oppose <strong>l\u2019attente des r\u00e9sultats d\u2019une enqu\u00eate \u00e0 une d\u00e9cision politique prise avant que le r\u00e9cit des faits ne soit compl\u00e8tement \u00e9tabli<\/strong>.<\/p>\n<p class=\"isSelectedEnd\" style=\"text-align: justify;\">Dans les relations entre deux pays voisins, il est facile d\u2019\u00e9lever le niveau de confrontation. Plus difficile est de savoir quand cette confrontation repose sur des faits \u00e9tablis et quand elle devient simplement le prolongement d\u2019une crise politique \u00e0 la recherche d\u2019un nouvel adversaire.<\/p>\n<p class=\"isSelectedEnd\" style=\"text-align: justify;\">\u00c0 Ceuta, l\u2019histoire n\u2019est pas termin\u00e9e.<\/p>\n<p style=\"text-align: justify;\">Et son enjeu le plus important n\u2019est peut-\u00eatre pas encore de savoir qui sera accus\u00e9, mais de savoir si les enqu\u00eates parviendront \u00e0 \u00e9tablir la v\u00e9rit\u00e9 avant que la politique ne prenne une d\u00e9cision dont le retour en arri\u00e8re serait difficile.<\/p>\n","protected":false},"excerpt":{"rendered":"<p>\u00c0 Ceuta, l\u2019histoire a commenc\u00e9 par une crise \u00e0 la fronti\u00e8re. Quelques semaines plus tard, elle est arriv\u00e9e jusqu\u2019\u00e0 l\u2019ambassadeur du Maroc. Vox demande d\u00e9sormais la suspension du trait\u00e9 d\u2019amiti\u00e9, de bon voisinage et de coop\u00e9ration avec le Maroc, le rappel de l\u2019ambassadeur espagnol \u00e0 Rabat et l\u2019expulsion de l\u2019ambassadeur marocain de Madrid. \ud83c\uddf2\ud83c\udde6\ud83c\uddea\ud83c\uddf8 \u0637\u0631\u062f [&hellip;]<\/p>\n","protected":false},"author":3,"featured_media":2936,"comment_status":"open","ping_status":"open","sticky":false,"template":"","format":"standard","meta":{"footnotes":""},"categories":[28,40,32,36,25,49,29,23],"tags":[],"class_list":["post-2935","post","type-post","status-publish","format-standard","has-post-thumbnail","category-afrique","category-afrique-m-o","category-amerique","category-asie","category-europ","category-le-maghreb","category-moyen-orient","category-politique"],"_links":{"self":[{"href":"https:\/\/diplomatique.ma\/fr\/wp-json\/wp\/v2\/posts\/2935","targetHints":{"allow":["GET"]}}],"collection":[{"href":"https:\/\/diplomatique.ma\/fr\/wp-json\/wp\/v2\/posts"}],"about":[{"href":"https:\/\/diplomatique.ma\/fr\/wp-json\/wp\/v2\/types\/post"}],"author":[{"embeddable":true,"href":"https:\/\/diplomatique.ma\/fr\/wp-json\/wp\/v2\/users\/3"}],"replies":[{"embeddable":true,"href":"https:\/\/diplomatique.ma\/fr\/wp-json\/wp\/v2\/comments?post=2935"}],"version-history":[{"count":1,"href":"https:\/\/diplomatique.ma\/fr\/wp-json\/wp\/v2\/posts\/2935\/revisions"}],"predecessor-version":[{"id":2937,"href":"https:\/\/diplomatique.ma\/fr\/wp-json\/wp\/v2\/posts\/2935\/revisions\/2937"}],"wp:featuredmedia":[{"embeddable":true,"href":"https:\/\/diplomatique.ma\/fr\/wp-json\/wp\/v2\/media\/2936"}],"wp:attachment":[{"href":"https:\/\/diplomatique.ma\/fr\/wp-json\/wp\/v2\/media?parent=2935"}],"wp:term":[{"taxonomy":"category","embeddable":true,"href":"https:\/\/diplomatique.ma\/fr\/wp-json\/wp\/v2\/categories?post=2935"},{"taxonomy":"post_tag","embeddable":true,"href":"https:\/\/diplomatique.ma\/fr\/wp-json\/wp\/v2\/tags?post=2935"}],"curies":[{"name":"wp","href":"https:\/\/api.w.org\/{rel}","templated":true}]}}