{"id":2938,"date":"2026-09-03T11:37:33","date_gmt":"2026-09-03T11:37:33","guid":{"rendered":"https:\/\/diplomatique.ma\/fr\/?p=2938"},"modified":"2026-09-03T12:40:28","modified_gmt":"2026-09-03T12:40:28","slug":"sanchez-disculpe-le-maroc-dans-la-crise-migratoire-de-sebta-et-invite-felipe-vi-a-sy-rendre","status":"publish","type":"post","link":"https:\/\/diplomatique.ma\/fr\/sanchez-disculpe-le-maroc-dans-la-crise-migratoire-de-sebta-et-invite-felipe-vi-a-sy-rendre\/","title":{"rendered":"S\u00e1nchez disculpe le Maroc dans la crise migratoire de Sebta\u2026 et invite Felipe VI \u00e0 s\u2019y rendre"},"content":{"rendered":"<p class=\"isSelectedEnd\" style=\"text-align: justify;\"><strong>Madrid \u2014 <\/strong>Pedro S\u00e1nchez n\u2019a pas accus\u00e9 le Maroc, jeudi, devant le Congr\u00e8s des d\u00e9put\u00e9s espagnol, d\u2019\u00eatre \u00e0 l\u2019origine de la crise migratoire qui a touch\u00e9 Sebta occup\u00e9e \u00e0 la fin du mois de juillet. C\u2019est m\u00eame plut\u00f4t l\u2019inverse qui ressort de son intervention.<\/p>\n<p class=\"isSelectedEnd\" style=\"text-align: justify;\">Le chef du gouvernement espagnol a d\u00e9clar\u00e9 clairement que Madrid ne disposait d\u2019\u00ab aucune preuve solide \u00bb permettant d\u2019affirmer que le Maroc avait planifi\u00e9 ou organis\u00e9 l\u2019afflux de migrants vers la ville, ou qu\u2019une partie marocaine en avait assur\u00e9 la coordination. Mais cette prise de distance officielle n\u2019a pas pour autant ramen\u00e9 le dossier de Sebta \u00e0 une situation apais\u00e9e.<\/p>\n<p class=\"isSelectedEnd\" style=\"text-align: justify;\">Car, au cours de la m\u00eame s\u00e9ance, S\u00e1nchez a r\u00e9v\u00e9l\u00e9 que le gouvernement espagnol avait convoqu\u00e9 l\u2019ambassadrice du Maroc \u00e0 Madrid, Karima Benyaich, le 21 ao\u00fbt, en r\u00e9action \u00e0 des d\u00e9clarations de responsables marocains sur le statut de Sebta et Melilla.<\/p>\n<p class=\"isSelectedEnd\" style=\"text-align: justify;\">Et au m\u00eame moment, le pr\u00e9sident du gouvernement espagnol a ouvert un autre front, beaucoup plus sensible : il a invit\u00e9 le roi Felipe VI \u00e0 se rendre dans les deux villes au cours des prochaines semaines.<\/p>\n<p class=\"isSelectedEnd\" style=\"text-align: justify;\">C\u2019est dans cet ordre que le message espagnol a \u00e9t\u00e9 formul\u00e9. La crise migratoire n\u2019a pas \u00e9t\u00e9 officiellement imput\u00e9e \u00e0 Rabat, mais la question de la souverainet\u00e9 n\u2019a pas \u00e9t\u00e9 \u00e9cart\u00e9e du d\u00e9bat.<\/p>\n<p class=\"isSelectedEnd\" style=\"text-align: justify;\">Au cours des derni\u00e8res semaines, les deux dossiers avaient pourtant tendance \u00e0 se confondre dans le discours politique et m\u00e9diatique espagnol. L\u2019arriv\u00e9e massive de migrants \u00e0 Sebta les 30 et 31 juillet avait relanc\u00e9 les interrogations sur le r\u00f4le des autorit\u00e9s marocaines dans la surveillance des abords de la ville, notamment parce que les arriv\u00e9es se sont produites dans des circonstances exceptionnelles et ont suscit\u00e9 des questions sur le niveau de pr\u00e9sence s\u00e9curitaire du c\u00f4t\u00e9 marocain.<\/p>\n<p class=\"isSelectedEnd\" style=\"text-align: justify;\">Puis, mercredi, un document pr\u00e9sent\u00e9 comme provenant de la police espagnole est apparu dans plusieurs m\u00e9dias. Il faisait \u00e9tat d\u2019une pr\u00e9sence \u00ab beaucoup plus faible que d\u2019habitude \u00bb des forces de s\u00e9curit\u00e9 marocaines et \u00e9voquait des accusations de laxisme dans la gestion des migrants.<\/p>\n<p class=\"isSelectedEnd\" style=\"text-align: justify;\">Le document n\u2019a toutefois pas r\u00e9sist\u00e9 longtemps au d\u00e9menti officiel. Le directeur de la police espagnole a ni\u00e9 son existence, affaiblissant ainsi une partie des \u00e9l\u00e9ments utilis\u00e9s pour soutenir l\u2019hypoth\u00e8se d\u2019une op\u00e9ration d\u00e9lib\u00e9r\u00e9ment favoris\u00e9e par le Maroc.<\/p>\n<p class=\"isSelectedEnd\" style=\"text-align: justify;\">Le lendemain, la position de S\u00e1nchez devant le Parlement est venue pr\u00e9ciser davantage les choses : le gouvernement espagnol ne dispose pas de preuves solides \u00e9tablissant que le Maroc aurait planifi\u00e9 ou organis\u00e9 l\u2019afflux de migrants.<\/p>\n<p class=\"isSelectedEnd\" style=\"text-align: justify;\">Cette d\u00e9claration est difficile \u00e0 contourner lorsqu\u2019il s\u2019agit de comprendre la crise, puisqu\u2019elle \u00e9mane directement du chef du gouvernement, dans une enceinte parlementaire o\u00f9 l\u2019ex\u00e9cutif est appel\u00e9 \u00e0 rendre compte de ses positions. Elle signifie, au minimum, que l\u2019hypoth\u00e8se faisant de Rabat l\u2019auteur de la planification de l\u2019op\u00e9ration n\u2019est pas devenue une conclusion officielle de Madrid.<\/p>\n<p class=\"isSelectedEnd\" style=\"text-align: justify;\">Cela ne signifie pas pour autant que toutes les questions entourant les \u00e9v\u00e9nements ont \u00e9t\u00e9 r\u00e9gl\u00e9es.<\/p>\n<p class=\"isSelectedEnd\" style=\"text-align: justify;\">Car l\u2019immigration est une chose. La souverainet\u00e9 en est une autre.<\/p>\n<p class=\"isSelectedEnd\" style=\"text-align: justify;\">S\u00e1nchez a pris soin de les distinguer lorsqu\u2019il est pass\u00e9 aux d\u00e9clarations du ministre marocain de la Justice, Abdellatif Ouahbi, et au discours prononc\u00e9 par le ministre des Habous et des Affaires islamiques, Ahmed Toufiq, devant le roi Mohammed VI \u00e0 l\u2019occasion de la comm\u00e9moration de l\u2019anniversaire de la naissance du Proph\u00e8te.<\/p>\n<p class=\"isSelectedEnd\" style=\"text-align: justify;\">Selon ce qu\u2019a expos\u00e9 le chef du gouvernement espagnol, ces d\u00e9clarations comportaient une affirmation des droits du Maroc sur Sebta et Melilla. C\u2019est pour cette raison, a-t-il expliqu\u00e9, que Madrid les a rejet\u00e9es cat\u00e9goriquement et convoqu\u00e9 l\u2019ambassadrice marocaine afin de lui transmettre la position du gouvernement espagnol.<\/p>\n<p class=\"isSelectedEnd\" style=\"text-align: justify;\">Cette convocation n\u2019est pas un simple geste administratif. Elle ne signifie pas non plus, \u00e0 elle seule, l\u2019entr\u00e9e des relations entre les deux pays dans une crise diplomatique g\u00e9n\u00e9rale. Madrid a choisi un canal diplomatique connu, tout en maintenant parall\u00e8lement son affirmation selon laquelle le dossier migratoire devait \u00eatre distingu\u00e9 du diff\u00e9rend sur la souverainet\u00e9 des deux villes.<\/p>\n<p class=\"isSelectedEnd\" style=\"text-align: justify;\">Cette distinction est importante pour S\u00e1nchez lui-m\u00eame.<\/p>\n<p class=\"isSelectedEnd\" style=\"text-align: justify;\">Reconna\u00eetre l\u2019existence de preuves d\u2019une implication marocaine dans la pr\u00e9paration de la crise migratoire aurait plac\u00e9 le gouvernement espagnol devant un dossier d\u2019une tout autre nature, notamment compte tenu de l\u2019importance de la coop\u00e9ration avec Rabat dans la lutte contre l\u2019immigration irr\u00e9guli\u00e8re et dans le contr\u00f4le des fronti\u00e8res.<\/p>\n<p class=\"isSelectedEnd\" style=\"text-align: justify;\">En affirmant, au contraire, qu\u2019il n\u2019existe pas de preuves solides, Madrid maintient l\u2019affaire dans le registre d\u2019une crise migratoire dont toutes les circonstances ne sont pas encore \u00e9tablies, plut\u00f4t que de la transformer en confrontation directe avec le Maroc.<\/p>\n<p class=\"isSelectedEnd\" style=\"text-align: justify;\">En revanche, S\u00e1nchez n\u2019a pas trait\u00e9 avec la m\u00eame prudence les d\u00e9clarations marocaines relatives \u00e0 la souverainet\u00e9.<\/p>\n<p class=\"isSelectedEnd\" style=\"text-align: justify;\">Le d\u00e9bat s\u2019est alors d\u00e9plac\u00e9 de la circulation des migrants vers la question de la souverainet\u00e9.<\/p>\n<p class=\"isSelectedEnd\" style=\"text-align: justify;\">Sebta et Melilla ne sont pas, dans la politique espagnole, deux simples points frontaliers. Leur statut constitue depuis des d\u00e9cennies l\u2019un des dossiers les plus sensibles des relations maroco-espagnoles. Toute d\u00e9claration marocaine concernant la souverainet\u00e9 sur ces deux villes peut, en Espagne, d\u00e9passer la personne qui l\u2019a prononc\u00e9e et devenir une question politique \u00e0 part enti\u00e8re.<\/p>\n<p class=\"isSelectedEnd\" style=\"text-align: justify;\">C\u2019est dans ce contexte qu\u2019est intervenue l\u2019invitation de S\u00e1nchez au roi Felipe VI.<\/p>\n<p class=\"isSelectedEnd\" style=\"text-align: justify;\">Si elle se concr\u00e9tise, cette visite aurait une port\u00e9e symbolique \u00e9vidente. La derni\u00e8re visite d\u2019un souverain espagnol \u00e0 Sebta et Melilla remonte \u00e0 novembre 2007, lorsque le roi Juan Carlos Ier et la reine Sofia s\u2019\u00e9taient rendus dans les deux villes. Le d\u00e9placement avait alors provoqu\u00e9 une crise diplomatique aigu\u00eb avec le Maroc.<\/p>\n<p class=\"isSelectedEnd\" style=\"text-align: justify;\">Depuis, aucun souverain espagnol n\u2019a renouvel\u00e9 une telle visite.<\/p>\n<p class=\"isSelectedEnd\" style=\"text-align: justify;\">Que S\u00e1nchez invite aujourd\u2019hui Felipe VI \u00e0 se rendre \u00e0 Sebta et Melilla, apr\u00e8s la crise migratoire de juillet et la convocation de l\u2019ambassadrice marocaine, signifie que Madrid cherche \u00e0 r\u00e9affirmer la pr\u00e9sence de l\u2019\u00c9tat espagnol dans ce dossier.<\/p>\n<p class=\"isSelectedEnd\" style=\"text-align: justify;\">Il serait toutefois difficile, sur la seule base des \u00e9l\u00e9ments disponibles, d\u2019affirmer que cette invitation annonce n\u00e9cessairement une visite imminente ou qu\u2019elle constitue le pr\u00e9lude \u00e0 une nouvelle confrontation diplomatique avec Rabat.<\/p>\n<blockquote class=\"twitter-tweet\" data-width=\"550\" data-dnt=\"true\">\n<p lang=\"es\" dir=\"ltr\">\u00bfEn qu\u00e9 hubiera diferido la gesti\u00f3n de un Gobierno del PP y Vox en esta crisis?<\/p>\n<p>\u00bfHabr\u00edan ordenado a la Guardia Civil y la Polic\u00eda Nacional disparar a la poblaci\u00f3n civil, Sr. Feij\u00f3o?<\/p>\n<p>Yo, desde luego, un Gobierno as\u00ed no lo quiero ni para mi pa\u00eds ni para ning\u00fan otro. <a href=\"https:\/\/t.co\/HRIrKn7fem\">pic.twitter.com\/HRIrKn7fem<\/a><\/p>\n<p>&mdash; Pedro S\u00e1nchez (@sanchezcastejon) <a href=\"https:\/\/x.com\/sanchezcastejon\/status\/2095477887579148328?ref_src=twsrc%5Etfw\">September 3, 2026<\/a><\/p><\/blockquote>\n<p><script async src=\"https:\/\/platform.x.com\/widgets.js\" charset=\"utf-8\"><\/script><\/p>\n<p class=\"isSelectedEnd\" style=\"text-align: justify;\">Le roi n\u2019a pas annonc\u00e9, dans les \u00e9l\u00e9ments pr\u00e9sent\u00e9s par S\u00e1nchez, de date pour cette \u00e9ventuelle visite.<\/p>\n<p class=\"isSelectedEnd\" style=\"text-align: justify;\">La diff\u00e9rence entre une invitation politique et sa concr\u00e9tisation est donc importante.<\/p>\n<p class=\"isSelectedEnd\" style=\"text-align: justify;\">La politique espagnole \u00e0 l\u2019\u00e9gard du Maroc, ces derni\u00e8res ann\u00e9es, a pr\u00e9cis\u00e9ment consist\u00e9 \u00e0 tenter de faire coexister les int\u00e9r\u00eats s\u00e9curitaires et \u00e9conomiques avec la gestion des diff\u00e9rends politiques, notamment autour de Sebta et Melilla. La crise de juillet a fait r\u00e9appara\u00eetre cette difficult\u00e9 : Madrid a besoin de la coop\u00e9ration de Rabat sur l\u2019immigration, mais ne souhaite pas que cette coop\u00e9ration puisse \u00eatre interpr\u00e9t\u00e9e comme une remise en cause de son discours sur la souverainet\u00e9 des deux villes.<\/p>\n<p class=\"isSelectedEnd\" style=\"text-align: justify;\">La position de S\u00e1nchez devant le Parlement appara\u00eet ainsi orient\u00e9e dans deux directions, sans \u00eatre n\u00e9cessairement contradictoire.<\/p>\n<p class=\"isSelectedEnd\" style=\"text-align: justify;\">Sur l\u2019immigration, il n\u2019a pas accus\u00e9 officiellement le Maroc, faute de preuves solides permettant de soutenir une telle accusation.<\/p>\n<p class=\"isSelectedEnd\" style=\"text-align: justify;\">Sur la souverainet\u00e9, en revanche, il a \u00e9lev\u00e9 le niveau de la protestation contre les d\u00e9clarations de responsables marocains, avant d\u2019impliquer la monarchie espagnole elle-m\u00eame en invitant Felipe VI \u00e0 se rendre \u00e0 Sebta et Melilla.<\/p>\n<p class=\"isSelectedEnd\" style=\"text-align: justify;\">Quant \u00e0 ce qui s\u2019est r\u00e9ellement pass\u00e9 les 30 et 31 juillet, le dossier exige encore de distinguer les faits \u00e9tablis des r\u00e9cits politiques apparus apr\u00e8s les \u00e9v\u00e9nements. L\u2019afflux migratoire a bien eu lieu. Les morts et les disparus font partie des cons\u00e9quences document\u00e9es de la crise. Les interrogations sur le niveau de pr\u00e9paration des autorit\u00e9s marocaines \u00e0 la fronti\u00e8re existent \u00e9galement.<\/p>\n<blockquote class=\"twitter-tweet\" data-width=\"550\" data-dnt=\"true\">\n<p lang=\"es\" dir=\"ltr\">Quiero enviar un mensaje a toda la ciudadan\u00eda ceut\u00ed. No os vamos a abandonar.<\/p>\n<p>S\u00e9 que est\u00e1is viviendo momentos muy dif\u00edciles y que la mayor\u00eda de vosotros sois personas tolerantes y solidarias.<\/p>\n<p>No vamos a parar de trabajar hasta que Ceuta salga de esta encrucijada m\u00e1s fuerte, m\u00e1s\u2026 <a href=\"https:\/\/t.co\/YXqBciLIol\">pic.twitter.com\/YXqBciLIol<\/a><\/p>\n<p>&mdash; Pedro S\u00e1nchez (@sanchezcastejon) <a href=\"https:\/\/x.com\/sanchezcastejon\/status\/2095438708568641908?ref_src=twsrc%5Etfw\">September 3, 2026<\/a><\/p><\/blockquote>\n<p><script async src=\"https:\/\/platform.x.com\/widgets.js\" charset=\"utf-8\"><\/script><\/p>\n<p class=\"isSelectedEnd\" style=\"text-align: justify;\">Mais passer de ces \u00e9l\u00e9ments \u00e0 l\u2019affirmation que l\u2019op\u00e9ration aurait \u00e9t\u00e9 planifi\u00e9e par Rabat n\u00e9cessite des preuves que S\u00e1nchez affirme pr\u00e9cis\u00e9ment ne pas d\u00e9tenir.<\/p>\n<p class=\"isSelectedEnd\" style=\"text-align: justify;\">C\u2019est ce qui donne \u00e0 sa d\u00e9claration devant le Parlement sa port\u00e9e la plus imm\u00e9diate : elle ne met pas fin \u00e0 la controverse, mais elle \u00e9carte officiellement l\u2019accusation la plus lourde qui pesait sur le Maroc, celle d\u2019avoir planifi\u00e9 la crise migratoire.<\/p>\n<blockquote class=\"twitter-tweet\" data-width=\"550\" data-dnt=\"true\">\n<p lang=\"es\" dir=\"ltr\">El Gobierno no tiene nada que ocultar. He dado la orden de publicar un dosier con todos estos informes. TODOS.<\/p>\n<p>Reconozcamos la excepcionalidad del episodio vivido.<\/p>\n<p>Es absurdo pensar que el Gobierno fue avisado y no hizo nada adrede. <a href=\"https:\/\/t.co\/CcuwAhsGrC\">pic.twitter.com\/CcuwAhsGrC<\/a><\/p>\n<p>&mdash; Pedro S\u00e1nchez (@sanchezcastejon) <a href=\"https:\/\/x.com\/sanchezcastejon\/status\/2095426712121078016?ref_src=twsrc%5Etfw\">September 3, 2026<\/a><\/p><\/blockquote>\n<p><script async src=\"https:\/\/platform.x.com\/widgets.js\" charset=\"utf-8\"><\/script><\/p>\n<p class=\"isSelectedEnd\" style=\"text-align: justify;\">Dans le m\u00eame temps, S\u00e1nchez n\u2019a pas referm\u00e9 le dossier de Sebta.<\/p>\n<p class=\"isSelectedEnd\" style=\"text-align: justify;\">Il en a plut\u00f4t d\u00e9plac\u00e9 le centre de gravit\u00e9 : de la question \u00ab qui a organis\u00e9 l\u2019afflux de migrants ? \u00bb vers une question plus directement politique pour l\u2019Espagne : comment Madrid doit-elle r\u00e9pondre aux d\u00e9clarations marocaines r\u00e9affirmant les droits du Maroc sur les deux villes ?<\/p>\n<blockquote class=\"twitter-tweet\" data-width=\"550\" data-dnt=\"true\">\n<p lang=\"es\" dir=\"ltr\">El pasado 30 de julio nuestros agentes tuvieron que elegir entre garantizar moment\u00e1neamente la estanqueidad de la frontera o defender la vida humana.<\/p>\n<p>Eligieron lo segundo.<\/p>\n<p>Hicieron lo correcto, lo m\u00e1s inteligente y valiente. Respondieron con humanidad en lugar de barbarie. <a href=\"https:\/\/t.co\/7b6Vdx3uZ3\">pic.twitter.com\/7b6Vdx3uZ3<\/a><\/p>\n<p>&mdash; Pedro S\u00e1nchez (@sanchezcastejon) <a href=\"https:\/\/x.com\/sanchezcastejon\/status\/2095420270164988309?ref_src=twsrc%5Etfw\">September 3, 2026<\/a><\/p><\/blockquote>\n<p><script async src=\"https:\/\/platform.x.com\/widgets.js\" charset=\"utf-8\"><\/script><\/p>\n<p class=\"isSelectedEnd\" style=\"text-align: justify;\">La convocation de l\u2019ambassadrice a constitu\u00e9 la premi\u00e8re r\u00e9ponse diplomatique.<\/p>\n<p class=\"isSelectedEnd\" style=\"text-align: justify;\">L\u2019invitation adress\u00e9e \u00e0 Felipe VI pourrait devenir la suivante sur le plan symbolique, si elle se transforme effectivement en d\u00e9placement.<\/p>\n<p class=\"isSelectedEnd\" style=\"text-align: justify;\">Pour les relations avec Rabat, l\u2019\u00e9quilibre reste donc, pour l\u2019instant, fond\u00e9 sur une tentative de maintenir les deux dossiers s\u00e9par\u00e9s : la coop\u00e9ration migratoire d\u2019un c\u00f4t\u00e9, le diff\u00e9rend sur Sebta et Melilla de l\u2019autre.<\/p>\n<p style=\"text-align: justify;\">La question sera de savoir combien de temps cette s\u00e9paration pourra tenir, \u00e0 mesure que Madrid pr\u00e9cisera sa r\u00e9ponse aux d\u00e9clarations marocaines et que l\u2019invitation adress\u00e9e au roi d\u2019Espagne passera \u2014 ou non \u2014 du registre politique \u00e0 celui de la d\u00e9cision.<\/p>\n","protected":false},"excerpt":{"rendered":"<p>Madrid \u2014 Pedro S\u00e1nchez n\u2019a pas accus\u00e9 le Maroc, jeudi, devant le Congr\u00e8s des d\u00e9put\u00e9s espagnol, d\u2019\u00eatre \u00e0 l\u2019origine de la crise migratoire qui a touch\u00e9 Sebta occup\u00e9e \u00e0 la fin du mois de juillet. C\u2019est m\u00eame plut\u00f4t l\u2019inverse qui ressort de son intervention. Le chef du gouvernement espagnol a d\u00e9clar\u00e9 clairement que Madrid ne [&hellip;]<\/p>\n","protected":false},"author":3,"featured_media":2939,"comment_status":"open","ping_status":"open","sticky":false,"template":"","format":"standard","meta":{"footnotes":""},"categories":[28,40,32,36,25,49,29],"tags":[],"class_list":["post-2938","post","type-post","status-publish","format-standard","has-post-thumbnail","category-afrique","category-afrique-m-o","category-amerique","category-asie","category-europ","category-le-maghreb","category-moyen-orient"],"_links":{"self":[{"href":"https:\/\/diplomatique.ma\/fr\/wp-json\/wp\/v2\/posts\/2938","targetHints":{"allow":["GET"]}}],"collection":[{"href":"https:\/\/diplomatique.ma\/fr\/wp-json\/wp\/v2\/posts"}],"about":[{"href":"https:\/\/diplomatique.ma\/fr\/wp-json\/wp\/v2\/types\/post"}],"author":[{"embeddable":true,"href":"https:\/\/diplomatique.ma\/fr\/wp-json\/wp\/v2\/users\/3"}],"replies":[{"embeddable":true,"href":"https:\/\/diplomatique.ma\/fr\/wp-json\/wp\/v2\/comments?post=2938"}],"version-history":[{"count":1,"href":"https:\/\/diplomatique.ma\/fr\/wp-json\/wp\/v2\/posts\/2938\/revisions"}],"predecessor-version":[{"id":2940,"href":"https:\/\/diplomatique.ma\/fr\/wp-json\/wp\/v2\/posts\/2938\/revisions\/2940"}],"wp:featuredmedia":[{"embeddable":true,"href":"https:\/\/diplomatique.ma\/fr\/wp-json\/wp\/v2\/media\/2939"}],"wp:attachment":[{"href":"https:\/\/diplomatique.ma\/fr\/wp-json\/wp\/v2\/media?parent=2938"}],"wp:term":[{"taxonomy":"category","embeddable":true,"href":"https:\/\/diplomatique.ma\/fr\/wp-json\/wp\/v2\/categories?post=2938"},{"taxonomy":"post_tag","embeddable":true,"href":"https:\/\/diplomatique.ma\/fr\/wp-json\/wp\/v2\/tags?post=2938"}],"curies":[{"name":"wp","href":"https:\/\/api.w.org\/{rel}","templated":true}]}}